{"id":77250,"date":"2020-05-13T10:49:36","date_gmt":"2020-05-13T10:49:36","guid":{"rendered":"https:\/\/www.ekoenergy.org\/another-climate-fund-project-solar-microgrids-for-myanmar\/"},"modified":"2020-06-08T13:25:09","modified_gmt":"2020-06-08T13:25:09","slug":"another-climate-fund-project-solar-microgrids-for-myanmar","status":"publish","type":"post","link":"https:\/\/www.ekoenergy.org\/ca\/another-climate-fund-project-solar-microgrids-for-myanmar\/","title":{"rendered":"El segon projecte del Fons Clim\u00e0tic de 2020: Microxarxes solars per a Myanmar"},"content":{"rendered":"\n<div class=\"wp-block-image\"><figure class=\"aligncenter size-large\"><img fetchpriority=\"high\" decoding=\"async\" width=\"1000\" height=\"667\" src=\"https:\/\/www.ekoenergy.org\/wp-content\/uploads\/Climate-Fund-Oikos-Myanmar-2020-village-1000.jpg\" alt=\"\" class=\"wp-image-77231\" srcset=\"https:\/\/www.ekoenergy.org\/wp-content\/uploads\/Climate-Fund-Oikos-Myanmar-2020-village-1000.jpg 1000w, https:\/\/www.ekoenergy.org\/wp-content\/uploads\/Climate-Fund-Oikos-Myanmar-2020-village-1000-320x213.jpg 320w, https:\/\/www.ekoenergy.org\/wp-content\/uploads\/Climate-Fund-Oikos-Myanmar-2020-village-1000-768x512.jpg 768w\" sizes=\"(max-width: 1000px) 100vw, 1000px\" \/><\/figure><\/div>\n\n\n\n<div style=\"height:20px\" aria-hidden=\"true\" class=\"wp-block-spacer\"><\/div>\n\n\n\n<h2 class=\"wp-block-heading\">Energia solar per Myanmar<\/h2>\n\n\n\n<p>Gr\u00e0cies a les <a href=\"https:\/\/www.ekoenergy.org\/ca\/our-results\/climate-fund\/\">contribucions dels usuaris d&#8217;EKOenergia<\/a>\u00a0a tot el m\u00f3n, podem finan\u00e7ar projectes d&#8217;energia renovable que no tindrien lloc sense la nostra ajuda. A principis d&#8217;aquest any vam anunciar una convocat\u00f2ria de projectes i ara estem seleccionant les propostes m\u00e9s prometedores i amb un major impacte, amb l&#8217;ajuda d&#8217;un jurat independent.<\/p>\n\n\n\n<p>Un dels projectes recentment seleccionats \u00e9s una iniciativa per a ampliar les\u00a0minixarxes\u00a0d&#8217;energia renovable en l&#8217;Estat de\u00a0Rakhine\u00a0(Myanmar), un projecte de l&#8217;ONG italiana\u00a0Istituto\u00a0Oikos. El Fons Clim\u00e0tic d&#8217;EKOenergia\u00a0concedir\u00e0 <strong>22.000 euros<\/strong> per a la seva execuci\u00f3, que es complementar\u00e0 amb subvencions d&#8217;altres donants.<\/p>\n\n\n\n<p>En resum, el projecte permetr\u00e0 <strong>instal\u00b7lar\u00a0minixarxes\u00a0solars en dues comunitats remotes<\/strong> del districte de\u00a0Thandwe, en l&#8217;estat de\u00a0Rakhine\u00a0meridional. El projecte \u00e9s una continuaci\u00f3 de <a href=\"https:\/\/www.ekoenergy.org\/wp-content\/uploads\/Climate_fund_leaflet_2018_English_Myanmar_Rakhine.pdf\" target=\"_blank\" rel=\"noreferrer noopener\">l&#8217;anterior projecte solar<\/a> finan\u00e7at pels consumidors d&#8217;electricitat etiquetada amb\u00a0EKOenergia\u00a0i es basar\u00e0 en les relacions pr\u00e8viament establertes amb els prove\u00efdors locals i les autoritats locals (Oficina de les Corporacions d&#8217;Energia El\u00e8ctrica del Municipi de\u00a0Kyeintali).<\/p>\n\n\n\n<p>El projecte garantir\u00e0 la igualtat d&#8217;<strong>acc\u00e9s a l&#8217;energia fiable i renovable per a 50 llars en 2 pobles<\/strong>. Els pobles s\u00f3n comunitats rurals, en les quals la principal font d&#8217;ingressos procedeix de les activitats agr\u00edcoles (la grand\u00e0ria mitjana de les terres conreades per llar \u00e9s de 2 a 5 acres), els treballs estacionals i les activitats pesqueres (de subsist\u00e8ncia). La comunitat no t\u00e9 acc\u00e9s a fonts d&#8217;energia, de manera que les espelmes i els llums de queros\u00e8 s\u00f3n els \u00fanics dispositius d&#8217;il\u00b7luminaci\u00f3 disponibles.<\/p>\n\n\n\n<h2 class=\"wp-block-heading\">Cooperaci\u00f3 i experi\u00e8ncia<\/h2>\n\n\n\n<p>Abans de l&#8217;activaci\u00f3 del Programa Nacional d&#8217;Electrificaci\u00f3 de Myanmar 2015-2030, nom\u00e9s el 6% de la poblaci\u00f3 de l&#8217;estat de&nbsp;Rakhine&nbsp;tenia acc\u00e9s a l&#8217;electricitat. La zona d&#8217;intervenci\u00f3 seleccionada i la soluci\u00f3 d&#8217;energia neta proposada estan d&#8217;acord amb aquest Programa Nacional d&#8217;Electrificaci\u00f3 i es basa en una avaluaci\u00f3 precisa de les necessitats realitzada amb el suport del funcionari municipal de les Empreses d&#8217;Energia El\u00e8ctrica (EPC).<\/p>\n\n\n\n<p>La pres\u00e8ncia hist\u00f2rica de l&#8217;Istituto\u00a0Oikos\u00a0en la zona d&#8217;intervenci\u00f3 permet utilitzar els coneixements de la societat local, de la din\u00e0mica local i de les potencialitats. El projecte es basar\u00e0 en la participaci\u00f3 i l&#8217;apropiaci\u00f3 per part de la comunitat local, que participar\u00e0 en les obres d&#8217;instal\u00b7laci\u00f3 i rebr\u00e0 coneixements t\u00e8cnics, amb comprom\u00eds i suport per a desenvolupar una gesti\u00f3 participativa de la planta destinada a reduir el desaprofitament d&#8217;energia. S&#8217;espera tamb\u00e9 que <strong>les mesures puguin repetir-se en els pobles ve\u00efns<\/strong> per a aconseguir \u00e8xits similars.<\/p>\n\n\n\n<h2 class=\"wp-block-heading\">Contribuci\u00f3 a diversos Objectius de Desenvolupament Sostenible<\/h2>\n\n\n\n<div class=\"wp-block-image\"><figure class=\"alignright size-medium\"><img decoding=\"async\" width=\"320\" height=\"213\" src=\"https:\/\/www.ekoenergy.org\/wp-content\/uploads\/\/Climate-Fund-Myanmar-Oikos-2019-1000-320x213.jpg\" alt=\"\" class=\"wp-image-77267\" srcset=\"https:\/\/www.ekoenergy.org\/wp-content\/uploads\/Climate-Fund-Myanmar-Oikos-2019-1000-320x213.jpg 320w, https:\/\/www.ekoenergy.org\/wp-content\/uploads\/Climate-Fund-Myanmar-Oikos-2019-1000-1024x682.jpg 1024w, https:\/\/www.ekoenergy.org\/wp-content\/uploads\/Climate-Fund-Myanmar-Oikos-2019-1000-768x511.jpg 768w, https:\/\/www.ekoenergy.org\/wp-content\/uploads\/Climate-Fund-Myanmar-Oikos-2019-1000.jpg 1500w\" sizes=\"(max-width: 320px) 100vw, 320px\" \/><\/figure><\/div>\n\n\n\n<p>El projecte tamb\u00e9 t\u00e9 per objecte contribuir al compliment dels&nbsp;ODS, centrant-se en particular en la mitigaci\u00f3 de la pobresa, proporcionant acc\u00e9s a serveis d&#8217;energia sostenible a les comunitats rurals amb pocs recursos.<\/p>\n\n\n\n<ul class=\"wp-block-list\"><li>ODS\u00a07\u00a0(energia neta i assequible): El projecte promou l&#8217;electrificaci\u00f3 de les comunitats rurals mitjan\u00e7ant solucions d&#8217;energia renovable i arriba a zones remotes on no existeix la infraestructura de la xarxa nacional.<\/li><li>ODS\u00a05\u00a0(igualtat de g\u00e8nere): La millora de l&#8217;acc\u00e9s als serveis energ\u00e8tics t\u00e9 un impacte significatiu en els mitjans de vida de les dones en reduir el temps dedicat a les tasques dom\u00e8stiques, millorar la qualitat de la seva salut i donar-los temps per a dedicar-se a altres activitats com la generaci\u00f3 d&#8217;ingressos, l&#8217;educaci\u00f3, el temps amb els nens i l&#8217;oci.<\/li><li>ODS\u00a013\u00a0(acci\u00f3 clim\u00e0tica): L&#8217;\u00fas d&#8217;energia renovable redueix la necessitat de rec\u00f3rrer a les fonts d&#8217;energia tradicionals (fusta, queros\u00e8, etc.) i, al seu torn, redueix la desforestaci\u00f3 i les emissions de gasos d&#8217;efecte d&#8217;hivernacle; es presenta com una poderosa eina en l&#8217;adaptaci\u00f3 i la resist\u00e8ncia al canvi clim\u00e0tic<\/li><li>ODS 10\u00a0(reducci\u00f3 de les desigualtats): L&#8217;electrificaci\u00f3 de les zones remotes contribueix a reduir les difer\u00e8ncies entre les zones urbanes i periurbanes<\/li><li>Tamb\u00e9 contribueix d&#8217;una manera menys directa i visible a molts dels altres\u00a0ODSs\u00a0com l&#8217;ODS 1\u00a0(reducci\u00f3 de la pobresa), l&#8217;ODS 2\u00a0(millora de la nutrici\u00f3) i l&#8217;ODS 4\u00a0(educaci\u00f3 de qualitat).<\/li><\/ul>\n\n\n\n<div style=\"height:100px\" aria-hidden=\"true\" class=\"wp-block-spacer\"><\/div>\n\n\n\n<p><em>Publicat el 13 de maig 2020<\/em><\/p>\n","protected":false},"excerpt":{"rendered":"<p>Energia solar per Myanmar Gr\u00e0cies a les contribucions dels usuaris d&#8217;EKOenergia\u00a0a tot el m\u00f3n, podem finan\u00e7ar projectes d&#8217;energia renovable que no tindrien lloc sense la nostra ajuda. A principis d&#8217;aquest any vam anunciar una convocat\u00f2ria de projectes i ara estem seleccionant les propostes m\u00e9s prometedores i amb un major impacte, amb l&#8217;ajuda d&#8217;un jurat independent. [&hellip;]<\/p>\n","protected":false},"author":2,"featured_media":77231,"comment_status":"closed","ping_status":"closed","sticky":false,"template":"","format":"standard","meta":{"inline_featured_image":false,"_uag_custom_page_level_css":"","site-sidebar-layout":"default","site-content-layout":"default","ast-site-content-layout":"default","site-content-style":"default","site-sidebar-style":"default","ast-global-header-display":"","ast-banner-title-visibility":"","ast-main-header-display":"","ast-hfb-above-header-display":"","ast-hfb-below-header-display":"","ast-hfb-mobile-header-display":"","site-post-title":"","ast-breadcrumbs-content":"","ast-featured-img":"","footer-sml-layout":"","ast-disable-related-posts":"","theme-transparent-header-meta":"default","adv-header-id-meta":"","stick-header-meta":"default","header-above-stick-meta":"","header-main-stick-meta":"","header-below-stick-meta":"","astra-migrate-meta-layouts":"default","ast-page-background-enabled":"default","ast-page-background-meta":{"desktop":{"background-color":"","background-image":"","background-repeat":"repeat","background-position":"center center","background-size":"auto","background-attachment":"scroll","background-type":"","background-media":"","overlay-type":"","overlay-color":"","overlay-opacity":"","overlay-gradient":""},"tablet":{"background-color":"","background-image":"","background-repeat":"repeat","background-position":"center center","background-size":"auto","background-attachment":"scroll","background-type":"","background-media":"","overlay-type":"","overlay-color":"","overlay-opacity":"","overlay-gradient":""},"mobile":{"background-color":"","background-image":"","background-repeat":"repeat","background-position":"center center","background-size":"auto","background-attachment":"scroll","background-type":"","background-media":"","overlay-type":"","overlay-color":"","overlay-opacity":"","overlay-gradient":""}},"ast-content-background-meta":{"desktop":{"background-color":"var(--ast-global-color-5)","background-image":"","background-repeat":"repeat","background-position":"center center","background-size":"auto","background-attachment":"scroll","background-type":"","background-media":"","overlay-type":"","overlay-color":"","overlay-opacity":"","overlay-gradient":""},"tablet":{"background-color":"var(--ast-global-color-5)","background-image":"","background-repeat":"repeat","background-position":"center center","background-size":"auto","background-attachment":"scroll","background-type":"","background-media":"","overlay-type":"","overlay-color":"","overlay-opacity":"","overlay-gradient":""},"mobile":{"background-color":"var(--ast-global-color-5)","background-image":"","background-repeat":"repeat","background-position":"center center","background-size":"auto","background-attachment":"scroll","background-type":"","background-media":"","overlay-type":"","overlay-color":"","overlay-opacity":"","overlay-gradient":""}},"footnotes":""},"categories":[194],"tags":[494],"class_list":["post-77250","post","type-post","status-publish","format-standard","has-post-thumbnail","hentry","category-news-ca","tag-100-renewable-ca"],"yoast_head":"<!-- This site is optimized with the Yoast SEO plugin v27.3 - https:\/\/yoast.com\/product\/yoast-seo-wordpress\/ -->\n<title>El segon projecte del Fons Clim\u00e0tic de 2020: Microxarxes solars per a Myanmar - EKOenergy ecolabel<\/title>\n<meta name=\"description\" content=\"Un dels nous projectes del Fons Clim\u00e0tic d&#039;EKOenergia entment seleccionats \u00e9s una iniciativa per a ampliar les minixarxes d&#039;energia renovable en l&#039;Estat de Rakhine (Myanmar), un projecte de l&#039;ONG italiana Istituto Oikos.\" \/>\n<meta name=\"robots\" content=\"index, follow, max-snippet:-1, max-image-preview:large, max-video-preview:-1\" \/>\n<link rel=\"canonical\" href=\"https:\/\/www.ekoenergy.org\/ca\/another-climate-fund-project-solar-microgrids-for-myanmar\/\" \/>\n<meta property=\"og:locale\" content=\"ca_ES\" \/>\n<meta property=\"og:type\" content=\"article\" \/>\n<meta property=\"og:title\" content=\"El segon projecte del Fons Clim\u00e0tic de 2020: Microxarxes solars per a Myanmar - EKOenergy ecolabel\" \/>\n<meta property=\"og:description\" content=\"Un dels nous projectes del Fons Clim\u00e0tic d&#039;EKOenergia entment seleccionats \u00e9s una iniciativa per a ampliar les minixarxes d&#039;energia renovable en l&#039;Estat de Rakhine (Myanmar), un projecte de l&#039;ONG italiana Istituto Oikos.\" \/>\n<meta property=\"og:url\" content=\"https:\/\/www.ekoenergy.org\/ca\/another-climate-fund-project-solar-microgrids-for-myanmar\/\" \/>\n<meta property=\"og:site_name\" content=\"EKOenergy ecolabel\" \/>\n<meta property=\"article:publisher\" content=\"https:\/\/www.facebook.com\/EKOenergy.ecolabel\/\" \/>\n<meta property=\"article:published_time\" content=\"2020-05-13T10:49:36+00:00\" \/>\n<meta property=\"article:modified_time\" content=\"2020-06-08T13:25:09+00:00\" \/>\n<meta property=\"og:image\" content=\"https:\/\/www.ekoenergy.org\/wp-content\/uploads\/Climate-Fund-Oikos-Myanmar-2020-village-1000.jpg\" \/>\n\t<meta property=\"og:image:width\" content=\"1000\" \/>\n\t<meta property=\"og:image:height\" content=\"667\" \/>\n\t<meta property=\"og:image:type\" content=\"image\/jpeg\" \/>\n<meta name=\"author\" content=\"Steven Vanholme\" \/>\n<meta name=\"twitter:card\" content=\"summary_large_image\" \/>\n<meta name=\"twitter:creator\" content=\"@EKOenergy_\" \/>\n<meta name=\"twitter:site\" content=\"@EKOenergy_\" \/>\n<meta name=\"twitter:label1\" content=\"Escrit per\" \/>\n\t<meta name=\"twitter:data1\" content=\"Steven Vanholme\" \/>\n\t<meta name=\"twitter:label2\" content=\"Temps estimat de lectura\" \/>\n\t<meta name=\"twitter:data2\" content=\"3 minuts\" \/>\n<script type=\"application\/ld+json\" class=\"yoast-schema-graph\">{\"@context\":\"https:\\\/\\\/schema.org\",\"@graph\":[{\"@type\":\"Article\",\"@id\":\"https:\\\/\\\/www.ekoenergy.org\\\/ca\\\/another-climate-fund-project-solar-microgrids-for-myanmar\\\/#article\",\"isPartOf\":{\"@id\":\"https:\\\/\\\/www.ekoenergy.org\\\/ca\\\/another-climate-fund-project-solar-microgrids-for-myanmar\\\/\"},\"author\":{\"name\":\"Steven Vanholme\",\"@id\":\"https:\\\/\\\/www.ekoenergy.org\\\/ca\\\/#\\\/schema\\\/person\\\/21444e1bd72d5e9e9961c611c50e33f4\"},\"headline\":\"El segon projecte del Fons Clim\u00e0tic de 2020: Microxarxes solars per a Myanmar\",\"datePublished\":\"2020-05-13T10:49:36+00:00\",\"dateModified\":\"2020-06-08T13:25:09+00:00\",\"mainEntityOfPage\":{\"@id\":\"https:\\\/\\\/www.ekoenergy.org\\\/ca\\\/another-climate-fund-project-solar-microgrids-for-myanmar\\\/\"},\"wordCount\":685,\"publisher\":{\"@id\":\"https:\\\/\\\/www.ekoenergy.org\\\/ca\\\/#organization\"},\"image\":{\"@id\":\"https:\\\/\\\/www.ekoenergy.org\\\/ca\\\/another-climate-fund-project-solar-microgrids-for-myanmar\\\/#primaryimage\"},\"thumbnailUrl\":\"https:\\\/\\\/www.ekoenergy.org\\\/wp-content\\\/uploads\\\/Climate-Fund-Oikos-Myanmar-2020-village-1000.jpg\",\"keywords\":[\"100% renewable\"],\"articleSection\":[\"Not\u00edcies\"],\"inLanguage\":\"ca\"},{\"@type\":\"WebPage\",\"@id\":\"https:\\\/\\\/www.ekoenergy.org\\\/ca\\\/another-climate-fund-project-solar-microgrids-for-myanmar\\\/\",\"url\":\"https:\\\/\\\/www.ekoenergy.org\\\/ca\\\/another-climate-fund-project-solar-microgrids-for-myanmar\\\/\",\"name\":\"El segon projecte del Fons Clim\u00e0tic de 2020: Microxarxes solars per a Myanmar - EKOenergy ecolabel\",\"isPartOf\":{\"@id\":\"https:\\\/\\\/www.ekoenergy.org\\\/ca\\\/#website\"},\"primaryImageOfPage\":{\"@id\":\"https:\\\/\\\/www.ekoenergy.org\\\/ca\\\/another-climate-fund-project-solar-microgrids-for-myanmar\\\/#primaryimage\"},\"image\":{\"@id\":\"https:\\\/\\\/www.ekoenergy.org\\\/ca\\\/another-climate-fund-project-solar-microgrids-for-myanmar\\\/#primaryimage\"},\"thumbnailUrl\":\"https:\\\/\\\/www.ekoenergy.org\\\/wp-content\\\/uploads\\\/Climate-Fund-Oikos-Myanmar-2020-village-1000.jpg\",\"datePublished\":\"2020-05-13T10:49:36+00:00\",\"dateModified\":\"2020-06-08T13:25:09+00:00\",\"description\":\"Un dels nous projectes del Fons Clim\u00e0tic d'EKOenergia entment seleccionats \u00e9s una iniciativa per a ampliar les minixarxes d'energia renovable en l'Estat de Rakhine (Myanmar), un projecte de l'ONG italiana Istituto Oikos.\",\"breadcrumb\":{\"@id\":\"https:\\\/\\\/www.ekoenergy.org\\\/ca\\\/another-climate-fund-project-solar-microgrids-for-myanmar\\\/#breadcrumb\"},\"inLanguage\":\"ca\",\"potentialAction\":[{\"@type\":\"ReadAction\",\"target\":[\"https:\\\/\\\/www.ekoenergy.org\\\/ca\\\/another-climate-fund-project-solar-microgrids-for-myanmar\\\/\"]}]},{\"@type\":\"ImageObject\",\"inLanguage\":\"ca\",\"@id\":\"https:\\\/\\\/www.ekoenergy.org\\\/ca\\\/another-climate-fund-project-solar-microgrids-for-myanmar\\\/#primaryimage\",\"url\":\"https:\\\/\\\/www.ekoenergy.org\\\/wp-content\\\/uploads\\\/Climate-Fund-Oikos-Myanmar-2020-village-1000.jpg\",\"contentUrl\":\"https:\\\/\\\/www.ekoenergy.org\\\/wp-content\\\/uploads\\\/Climate-Fund-Oikos-Myanmar-2020-village-1000.jpg\",\"width\":1000,\"height\":667},{\"@type\":\"BreadcrumbList\",\"@id\":\"https:\\\/\\\/www.ekoenergy.org\\\/ca\\\/another-climate-fund-project-solar-microgrids-for-myanmar\\\/#breadcrumb\",\"itemListElement\":[{\"@type\":\"ListItem\",\"position\":1,\"name\":\"Home\",\"item\":\"https:\\\/\\\/www.ekoenergy.org\\\/ca\\\/\"},{\"@type\":\"ListItem\",\"position\":2,\"name\":\"El segon projecte del Fons Clim\u00e0tic de 2020: Microxarxes solars per a Myanmar\"}]},{\"@type\":\"WebSite\",\"@id\":\"https:\\\/\\\/www.ekoenergy.org\\\/ca\\\/#website\",\"url\":\"https:\\\/\\\/www.ekoenergy.org\\\/ca\\\/\",\"name\":\"EKOenergy ecolabel\",\"description\":\"The global nonprofit ecolabel for renewable energy\",\"publisher\":{\"@id\":\"https:\\\/\\\/www.ekoenergy.org\\\/ca\\\/#organization\"},\"potentialAction\":[{\"@type\":\"SearchAction\",\"target\":{\"@type\":\"EntryPoint\",\"urlTemplate\":\"https:\\\/\\\/www.ekoenergy.org\\\/ca\\\/?s={search_term_string}\"},\"query-input\":{\"@type\":\"PropertyValueSpecification\",\"valueRequired\":true,\"valueName\":\"search_term_string\"}}],\"inLanguage\":\"ca\"},{\"@type\":\"Organization\",\"@id\":\"https:\\\/\\\/www.ekoenergy.org\\\/ca\\\/#organization\",\"name\":\"Not-for-profit Organisation EKOenergy\",\"url\":\"https:\\\/\\\/www.ekoenergy.org\\\/ca\\\/\",\"logo\":{\"@type\":\"ImageObject\",\"inLanguage\":\"ca\",\"@id\":\"https:\\\/\\\/www.ekoenergy.org\\\/ca\\\/#\\\/schema\\\/logo\\\/image\\\/\",\"url\":\"https:\\\/\\\/www.ekoenergy.org\\\/wp-content\\\/uploads\\\/logo-EKOenergy-no-text.jpg\",\"contentUrl\":\"https:\\\/\\\/www.ekoenergy.org\\\/wp-content\\\/uploads\\\/logo-EKOenergy-no-text.jpg\",\"width\":1600,\"height\":1600,\"caption\":\"Not-for-profit Organisation EKOenergy\"},\"image\":{\"@id\":\"https:\\\/\\\/www.ekoenergy.org\\\/ca\\\/#\\\/schema\\\/logo\\\/image\\\/\"},\"sameAs\":[\"https:\\\/\\\/www.facebook.com\\\/EKOenergy.ecolabel\\\/\",\"https:\\\/\\\/x.com\\\/EKOenergy_\",\"https:\\\/\\\/www.instagram.com\\\/ekoenergy\\\/\",\"https:\\\/\\\/www.linkedin.com\\\/company\\\/ekoenergy-ecolabel\\\/\",\"https:\\\/\\\/www.youtube.com\\\/EKOenergy-ecolabel\",\"https:\\\/\\\/en.wikipedia.org\\\/wiki\\\/EKOenergy\"]},{\"@type\":\"Person\",\"@id\":\"https:\\\/\\\/www.ekoenergy.org\\\/ca\\\/#\\\/schema\\\/person\\\/21444e1bd72d5e9e9961c611c50e33f4\",\"name\":\"Steven Vanholme\",\"image\":{\"@type\":\"ImageObject\",\"inLanguage\":\"ca\",\"@id\":\"https:\\\/\\\/secure.gravatar.com\\\/avatar\\\/f99c9eea0dbfa3f163e1bfeb0842dbafe6ea1d33375ef30b2eb770f7ce6973f6?s=96&d=mm&r=g\",\"url\":\"https:\\\/\\\/secure.gravatar.com\\\/avatar\\\/f99c9eea0dbfa3f163e1bfeb0842dbafe6ea1d33375ef30b2eb770f7ce6973f6?s=96&d=mm&r=g\",\"contentUrl\":\"https:\\\/\\\/secure.gravatar.com\\\/avatar\\\/f99c9eea0dbfa3f163e1bfeb0842dbafe6ea1d33375ef30b2eb770f7ce6973f6?s=96&d=mm&r=g\",\"caption\":\"Steven Vanholme\"},\"url\":\"https:\\\/\\\/www.ekoenergy.org\\\/ca\\\/author\\\/svanholme\\\/\"}]}<\/script>\n<!-- \/ Yoast SEO plugin. -->","yoast_head_json":{"title":"El segon projecte del Fons Clim\u00e0tic de 2020: Microxarxes solars per a Myanmar - EKOenergy ecolabel","description":"Un dels nous projectes del Fons Clim\u00e0tic d'EKOenergia entment seleccionats \u00e9s una iniciativa per a ampliar les minixarxes d'energia renovable en l'Estat de Rakhine (Myanmar), un projecte de l'ONG italiana Istituto Oikos.","robots":{"index":"index","follow":"follow","max-snippet":"max-snippet:-1","max-image-preview":"max-image-preview:large","max-video-preview":"max-video-preview:-1"},"canonical":"https:\/\/www.ekoenergy.org\/ca\/another-climate-fund-project-solar-microgrids-for-myanmar\/","og_locale":"ca_ES","og_type":"article","og_title":"El segon projecte del Fons Clim\u00e0tic de 2020: Microxarxes solars per a Myanmar - EKOenergy ecolabel","og_description":"Un dels nous projectes del Fons Clim\u00e0tic d'EKOenergia entment seleccionats \u00e9s una iniciativa per a ampliar les minixarxes d'energia renovable en l'Estat de Rakhine (Myanmar), un projecte de l'ONG italiana Istituto Oikos.","og_url":"https:\/\/www.ekoenergy.org\/ca\/another-climate-fund-project-solar-microgrids-for-myanmar\/","og_site_name":"EKOenergy ecolabel","article_publisher":"https:\/\/www.facebook.com\/EKOenergy.ecolabel\/","article_published_time":"2020-05-13T10:49:36+00:00","article_modified_time":"2020-06-08T13:25:09+00:00","og_image":[{"width":1000,"height":667,"url":"https:\/\/www.ekoenergy.org\/wp-content\/uploads\/Climate-Fund-Oikos-Myanmar-2020-village-1000.jpg","type":"image\/jpeg"}],"author":"Steven Vanholme","twitter_card":"summary_large_image","twitter_creator":"@EKOenergy_","twitter_site":"@EKOenergy_","twitter_misc":{"Escrit per":"Steven Vanholme","Temps estimat de lectura":"3 minuts"},"schema":{"@context":"https:\/\/schema.org","@graph":[{"@type":"Article","@id":"https:\/\/www.ekoenergy.org\/ca\/another-climate-fund-project-solar-microgrids-for-myanmar\/#article","isPartOf":{"@id":"https:\/\/www.ekoenergy.org\/ca\/another-climate-fund-project-solar-microgrids-for-myanmar\/"},"author":{"name":"Steven Vanholme","@id":"https:\/\/www.ekoenergy.org\/ca\/#\/schema\/person\/21444e1bd72d5e9e9961c611c50e33f4"},"headline":"El segon projecte del Fons Clim\u00e0tic de 2020: Microxarxes solars per a Myanmar","datePublished":"2020-05-13T10:49:36+00:00","dateModified":"2020-06-08T13:25:09+00:00","mainEntityOfPage":{"@id":"https:\/\/www.ekoenergy.org\/ca\/another-climate-fund-project-solar-microgrids-for-myanmar\/"},"wordCount":685,"publisher":{"@id":"https:\/\/www.ekoenergy.org\/ca\/#organization"},"image":{"@id":"https:\/\/www.ekoenergy.org\/ca\/another-climate-fund-project-solar-microgrids-for-myanmar\/#primaryimage"},"thumbnailUrl":"https:\/\/www.ekoenergy.org\/wp-content\/uploads\/Climate-Fund-Oikos-Myanmar-2020-village-1000.jpg","keywords":["100% renewable"],"articleSection":["Not\u00edcies"],"inLanguage":"ca"},{"@type":"WebPage","@id":"https:\/\/www.ekoenergy.org\/ca\/another-climate-fund-project-solar-microgrids-for-myanmar\/","url":"https:\/\/www.ekoenergy.org\/ca\/another-climate-fund-project-solar-microgrids-for-myanmar\/","name":"El segon projecte del Fons Clim\u00e0tic de 2020: Microxarxes solars per a Myanmar - EKOenergy ecolabel","isPartOf":{"@id":"https:\/\/www.ekoenergy.org\/ca\/#website"},"primaryImageOfPage":{"@id":"https:\/\/www.ekoenergy.org\/ca\/another-climate-fund-project-solar-microgrids-for-myanmar\/#primaryimage"},"image":{"@id":"https:\/\/www.ekoenergy.org\/ca\/another-climate-fund-project-solar-microgrids-for-myanmar\/#primaryimage"},"thumbnailUrl":"https:\/\/www.ekoenergy.org\/wp-content\/uploads\/Climate-Fund-Oikos-Myanmar-2020-village-1000.jpg","datePublished":"2020-05-13T10:49:36+00:00","dateModified":"2020-06-08T13:25:09+00:00","description":"Un dels nous projectes del Fons Clim\u00e0tic d'EKOenergia entment seleccionats \u00e9s una iniciativa per a ampliar les minixarxes d'energia renovable en l'Estat de Rakhine (Myanmar), un projecte de l'ONG italiana Istituto Oikos.","breadcrumb":{"@id":"https:\/\/www.ekoenergy.org\/ca\/another-climate-fund-project-solar-microgrids-for-myanmar\/#breadcrumb"},"inLanguage":"ca","potentialAction":[{"@type":"ReadAction","target":["https:\/\/www.ekoenergy.org\/ca\/another-climate-fund-project-solar-microgrids-for-myanmar\/"]}]},{"@type":"ImageObject","inLanguage":"ca","@id":"https:\/\/www.ekoenergy.org\/ca\/another-climate-fund-project-solar-microgrids-for-myanmar\/#primaryimage","url":"https:\/\/www.ekoenergy.org\/wp-content\/uploads\/Climate-Fund-Oikos-Myanmar-2020-village-1000.jpg","contentUrl":"https:\/\/www.ekoenergy.org\/wp-content\/uploads\/Climate-Fund-Oikos-Myanmar-2020-village-1000.jpg","width":1000,"height":667},{"@type":"BreadcrumbList","@id":"https:\/\/www.ekoenergy.org\/ca\/another-climate-fund-project-solar-microgrids-for-myanmar\/#breadcrumb","itemListElement":[{"@type":"ListItem","position":1,"name":"Home","item":"https:\/\/www.ekoenergy.org\/ca\/"},{"@type":"ListItem","position":2,"name":"El segon projecte del Fons Clim\u00e0tic de 2020: Microxarxes solars per a Myanmar"}]},{"@type":"WebSite","@id":"https:\/\/www.ekoenergy.org\/ca\/#website","url":"https:\/\/www.ekoenergy.org\/ca\/","name":"EKOenergy ecolabel","description":"The global nonprofit ecolabel for renewable energy","publisher":{"@id":"https:\/\/www.ekoenergy.org\/ca\/#organization"},"potentialAction":[{"@type":"SearchAction","target":{"@type":"EntryPoint","urlTemplate":"https:\/\/www.ekoenergy.org\/ca\/?s={search_term_string}"},"query-input":{"@type":"PropertyValueSpecification","valueRequired":true,"valueName":"search_term_string"}}],"inLanguage":"ca"},{"@type":"Organization","@id":"https:\/\/www.ekoenergy.org\/ca\/#organization","name":"Not-for-profit Organisation EKOenergy","url":"https:\/\/www.ekoenergy.org\/ca\/","logo":{"@type":"ImageObject","inLanguage":"ca","@id":"https:\/\/www.ekoenergy.org\/ca\/#\/schema\/logo\/image\/","url":"https:\/\/www.ekoenergy.org\/wp-content\/uploads\/logo-EKOenergy-no-text.jpg","contentUrl":"https:\/\/www.ekoenergy.org\/wp-content\/uploads\/logo-EKOenergy-no-text.jpg","width":1600,"height":1600,"caption":"Not-for-profit Organisation EKOenergy"},"image":{"@id":"https:\/\/www.ekoenergy.org\/ca\/#\/schema\/logo\/image\/"},"sameAs":["https:\/\/www.facebook.com\/EKOenergy.ecolabel\/","https:\/\/x.com\/EKOenergy_","https:\/\/www.instagram.com\/ekoenergy\/","https:\/\/www.linkedin.com\/company\/ekoenergy-ecolabel\/","https:\/\/www.youtube.com\/EKOenergy-ecolabel","https:\/\/en.wikipedia.org\/wiki\/EKOenergy"]},{"@type":"Person","@id":"https:\/\/www.ekoenergy.org\/ca\/#\/schema\/person\/21444e1bd72d5e9e9961c611c50e33f4","name":"Steven Vanholme","image":{"@type":"ImageObject","inLanguage":"ca","@id":"https:\/\/secure.gravatar.com\/avatar\/f99c9eea0dbfa3f163e1bfeb0842dbafe6ea1d33375ef30b2eb770f7ce6973f6?s=96&d=mm&r=g","url":"https:\/\/secure.gravatar.com\/avatar\/f99c9eea0dbfa3f163e1bfeb0842dbafe6ea1d33375ef30b2eb770f7ce6973f6?s=96&d=mm&r=g","contentUrl":"https:\/\/secure.gravatar.com\/avatar\/f99c9eea0dbfa3f163e1bfeb0842dbafe6ea1d33375ef30b2eb770f7ce6973f6?s=96&d=mm&r=g","caption":"Steven Vanholme"},"url":"https:\/\/www.ekoenergy.org\/ca\/author\/svanholme\/"}]}},"uagb_featured_image_src":{"full":["https:\/\/www.ekoenergy.org\/wp-content\/uploads\/Climate-Fund-Oikos-Myanmar-2020-village-1000.jpg",1000,667,false],"thumbnail":["https:\/\/www.ekoenergy.org\/wp-content\/uploads\/Climate-Fund-Oikos-Myanmar-2020-village-1000-150x150.jpg",150,150,true],"medium":["https:\/\/www.ekoenergy.org\/wp-content\/uploads\/Climate-Fund-Oikos-Myanmar-2020-village-1000-320x213.jpg",320,213,true],"medium_large":["https:\/\/www.ekoenergy.org\/wp-content\/uploads\/Climate-Fund-Oikos-Myanmar-2020-village-1000-768x512.jpg",768,512,true],"large":["https:\/\/www.ekoenergy.org\/wp-content\/uploads\/Climate-Fund-Oikos-Myanmar-2020-village-1000.jpg",1000,667,false],"1536x1536":["https:\/\/www.ekoenergy.org\/wp-content\/uploads\/Climate-Fund-Oikos-Myanmar-2020-village-1000.jpg",1000,667,false],"2048x2048":["https:\/\/www.ekoenergy.org\/wp-content\/uploads\/Climate-Fund-Oikos-Myanmar-2020-village-1000.jpg",1000,667,false]},"uagb_author_info":{"display_name":"Steven Vanholme","author_link":"https:\/\/www.ekoenergy.org\/ca\/author\/svanholme\/"},"uagb_comment_info":0,"uagb_excerpt":"Energia solar per Myanmar Gr\u00e0cies a les contribucions dels usuaris d&#8217;EKOenergia\u00a0a tot el m\u00f3n, podem finan\u00e7ar projectes d&#8217;energia renovable que no tindrien lloc sense la nostra ajuda. A principis d&#8217;aquest any vam anunciar una convocat\u00f2ria de projectes i ara estem seleccionant les propostes m\u00e9s prometedores i amb un major impacte, amb l&#8217;ajuda d&#8217;un jurat independent.&hellip;","_links":{"self":[{"href":"https:\/\/www.ekoenergy.org\/ca\/wp-json\/wp\/v2\/posts\/77250","targetHints":{"allow":["GET"]}}],"collection":[{"href":"https:\/\/www.ekoenergy.org\/ca\/wp-json\/wp\/v2\/posts"}],"about":[{"href":"https:\/\/www.ekoenergy.org\/ca\/wp-json\/wp\/v2\/types\/post"}],"author":[{"embeddable":true,"href":"https:\/\/www.ekoenergy.org\/ca\/wp-json\/wp\/v2\/users\/2"}],"replies":[{"embeddable":true,"href":"https:\/\/www.ekoenergy.org\/ca\/wp-json\/wp\/v2\/comments?post=77250"}],"version-history":[{"count":2,"href":"https:\/\/www.ekoenergy.org\/ca\/wp-json\/wp\/v2\/posts\/77250\/revisions"}],"predecessor-version":[{"id":79795,"href":"https:\/\/www.ekoenergy.org\/ca\/wp-json\/wp\/v2\/posts\/77250\/revisions\/79795"}],"wp:featuredmedia":[{"embeddable":true,"href":"https:\/\/www.ekoenergy.org\/ca\/wp-json\/wp\/v2\/media\/77231"}],"wp:attachment":[{"href":"https:\/\/www.ekoenergy.org\/ca\/wp-json\/wp\/v2\/media?parent=77250"}],"wp:term":[{"taxonomy":"category","embeddable":true,"href":"https:\/\/www.ekoenergy.org\/ca\/wp-json\/wp\/v2\/categories?post=77250"},{"taxonomy":"post_tag","embeddable":true,"href":"https:\/\/www.ekoenergy.org\/ca\/wp-json\/wp\/v2\/tags?post=77250"}],"curies":[{"name":"wp","href":"https:\/\/api.w.org\/{rel}","templated":true}]}}