{"id":111519,"date":"2022-02-23T08:57:54","date_gmt":"2022-02-23T06:57:54","guid":{"rendered":"https:\/\/www.ekoenergy.org\/?p=111519"},"modified":"2022-03-04T16:01:36","modified_gmt":"2022-03-04T14:01:36","slug":"leading-ev-charging-network-virta-uses-ekoenergy","status":"publish","type":"post","link":"https:\/\/www.ekoenergy.org\/de\/leading-ev-charging-network-virta-uses-ekoenergy\/","title":{"rendered":"F\u00fchrendes EV-Ladenetzwerk Virta verwendet EKOenergie"},"content":{"rendered":"\n<figure class=\"wp-block-image size-large\"><img fetchpriority=\"high\" decoding=\"async\" width=\"1024\" height=\"682\" src=\"https:\/\/www.ekoenergy.org\/wp-content\/uploads\/\/Virta-Global-charging-EKOenergy-Ville-Vappula-Virta-1100-1024x682.jpg\" alt=\"\" class=\"wp-image-111496\" srcset=\"https:\/\/www.ekoenergy.org\/wp-content\/uploads\/Virta-Global-charging-EKOenergy-Ville-Vappula-Virta-1100-1024x682.jpg 1024w, https:\/\/www.ekoenergy.org\/wp-content\/uploads\/Virta-Global-charging-EKOenergy-Ville-Vappula-Virta-1100-320x213.jpg 320w, https:\/\/www.ekoenergy.org\/wp-content\/uploads\/Virta-Global-charging-EKOenergy-Ville-Vappula-Virta-1100-768x512.jpg 768w, https:\/\/www.ekoenergy.org\/wp-content\/uploads\/Virta-Global-charging-EKOenergy-Ville-Vappula-Virta-1100.jpg 1100w\" sizes=\"(max-width: 1024px) 100vw, 1024px\" \/><\/figure>\n\n\n\n<div style=\"height:20px\" aria-hidden=\"true\" class=\"wp-block-spacer\"><\/div>\n\n\n\n<h3 class=\"wp-block-heading\" id=\"customer-preference-in-favour-of-charging-electric-vehicles-with-renewables\"><strong>Verbraucher bevorzugen das Aufladen von elektrischen Fahrzeugen mit erneuerbaren Energien<\/strong><\/h3>\n\n\n\n<p>In Europa tragen die Transportemissionen \u2155 aller Treibhausgasemissionen bei- und 78% von diesen kommen vom Stra\u00dfentransport. Eine Kundenbefragung, die der Betreiber des Ladestromnetzes Virta im Dezember 2021 durchf\u00fchrte, ergab, dass fast 80 % der Befragten es vorziehen w\u00fcrden, ausschlie\u00dflich mit Strom aus erneuerbaren Energien zu laden, oder dass sie Strom aus erneuerbaren Energien bevorzugen w\u00fcrden, wenn dieser unabh\u00e4ngig von Zeit, Ort und Preis verf\u00fcgbar w\u00e4re. Die Antwort von Virta war es dazu, zu EKOenergie zu wechseln.<\/p>\n\n\n\n<p>Rund 6,000 Aufladestationen von Virtas Ladenetzwerks in Finnland werden nun mit EKOenergie-zertifizierten finnischen Windstrom betrieben. Das bedeutet, dass Virtas Verbraucher in Finnland ihre elektrischen Autobatterien mit nachhaltigen und erneuerbaren Energie aufladen, welche unser \u00d6kolabel tr\u00e4gt.&nbsp;<\/p>\n\n\n\n<p>Virta hat vor, mit seinen Ladestationen auch au\u00dferhalb Finnlands die Nutzung von Windenergie mit Umweltzeichen zu erm\u00f6glichen. Mit ihrem Virta Origin Service macht Virta es auch einfacher f\u00fcr ihre Partnerunternehmen, zu EKOenergie-zertifizierten Energie zu wechseln.&nbsp;<\/p>\n\n\n\n<h3 class=\"wp-block-heading\" id=\"virta-going-the-extra-mile-with-ekoenergy-to-amplify-the-positive-impact-of-renewable-electricity\"><strong>Virta geht einen zus\u00e4tzlichen Schritt mit EKOenergie, um die positiven Auswirkungen von erneuerbarer Energie zu verst\u00e4rken<\/strong><\/h3>\n\n\n\n<p>Ein aktueller Bericht des International Council on Clean Transportation weist darauf hin, dass die Treibhausgasemissionen von Elektrofahrzeugen, die zu 100 % mit erneuerbaren Energien betrieben werden, nur etwa 19 % der Emissionen von Fahrzeugen mit Verbrennungsmotor betragen &#8211; und dies schlie\u00dft auch die Lebenszyklus-Emissionen der Batterieherstellung ein.<\/p>\n\n\n\n<p>Das Aufladen der Fahrzeuge mit EKOenergie-zertifizierter erneuerbarer Energie verst\u00e4rkt die positive Auswirkungen umso mehr. EKOenergie ist nicht nur 100% erneuerbar, sondern die Energie kommt aus Produktionsanlagen, welche zus\u00e4tzliche Nachhaltigkeitskriterien erf\u00fcllen. Durch die Nutzung von nachhaltiger erneuerbarer Energie, die das EKOenergie-Siegel tr\u00e4gt, werden Mittel f\u00fcr die Finanzierung neue erneuerbare Energien Projekte aufgebracht, die den Zielen f\u00fcr nachhaltige Entwicklung der Vereinten Nationen in den Teilen der Welt entsprechen, in denen die Menschen sie am dringendsten ben\u00f6tigen.<\/p>\n\n\n\n<blockquote class=\"wp-block-quote is-layout-flow wp-block-quote-is-layout-flow\"><p>\u201cDer Wandel von Strom auf erneuerbare Energien ist f\u00fcr das Klima \u00e4u\u00dferst wichtig. Er ist technisch m\u00f6glich und wirtschaftlich tragf\u00e4hig. Indem wir uns f\u00fcr erneuerbare EKOenergie entscheiden, treffen wir eine umweltfreundliche Wahl f\u00fcr unsere Kunden und beschleunigen die laufende Energiewende\u201d<\/p><cite><strong>Elias P\u00f6yry, Deputy CEO of Virta<\/strong><\/cite><\/blockquote>\n\n\n\n<p>Wir danken Virta, dass sie sich f\u00fcr EKOenergie entschieden haben und es den Nutzern der Virta-Dienste erm\u00f6glichen, eine zus\u00e4tzliche positive Wirkung zu erzielen.<\/p>\n\n\n\n<div style=\"height:20px\" aria-hidden=\"true\" class=\"wp-block-spacer\"><\/div>\n\n\n\n<p><em><a href=\"https:\/\/www.virta.global\/\" target=\"_blank\" rel=\"noreferrer noopener\">Virta wurde 2013 in Helsinki gegr\u00fcndet. Im dritten Jahr in Folge ist es eines der am schnellsten wachsenden Unternehmen in der Liste der Financial Times 1000 &#8211; Europe&#8217;s Fastest-Growing Companies. Virta entwickelt und unterh\u00e4lt eine intelligente digitale Plattform f\u00fcr das Ladebusiness, die alle wichtigen Vorg\u00e4nge und Prozesse im Zusammenhang mit dem Laden erm\u00f6glicht &#8211; von der Nutzerauthentifizierung \u00fcber die Verwaltung von Ladevorg\u00e4ngen und die Abrechnung bis hin zur flexiblen Regulierung von Ladekapazit\u00e4t und Netznutzung. Das eigene Ladenetz von Virta, das seiner Partner und der Nutzer seiner Plattform deckt mehr als 50 L\u00e4nder ab und umfasst bereits mehr als 500 000 Ladepunkte.<\/a><\/em><\/p>\n\n\n\n<p><\/p>\n\n\n\n<div style=\"height:20px\" aria-hidden=\"true\" class=\"wp-block-spacer\"><\/div>\n\n\n\n<p>Ver\u00f6ffentlicht am 4.M\u00e4rz 2022 &#8211; Photo: Ville Vappula \/ Virta<\/p>\n","protected":false},"excerpt":{"rendered":"<p>Verbraucher bevorzugen das Aufladen von elektrischen Fahrzeugen mit erneuerbaren Energien In Europa tragen die Transportemissionen \u2155 aller Treibhausgasemissionen bei- und 78% von diesen kommen vom Stra\u00dfentransport. Eine Kundenbefragung, die der Betreiber des Ladestromnetzes Virta im Dezember 2021 durchf\u00fchrte, ergab, dass fast 80 % der Befragten es vorziehen w\u00fcrden, ausschlie\u00dflich mit Strom aus erneuerbaren Energien zu [&hellip;]<\/p>\n","protected":false},"author":2,"featured_media":111496,"comment_status":"closed","ping_status":"closed","sticky":false,"template":"","format":"standard","meta":{"inline_featured_image":false,"_uag_custom_page_level_css":"","site-sidebar-layout":"default","site-content-layout":"","ast-site-content-layout":"default","site-content-style":"default","site-sidebar-style":"default","ast-global-header-display":"","ast-banner-title-visibility":"","ast-main-header-display":"","ast-hfb-above-header-display":"","ast-hfb-below-header-display":"","ast-hfb-mobile-header-display":"","site-post-title":"","ast-breadcrumbs-content":"","ast-featured-img":"","footer-sml-layout":"","ast-disable-related-posts":"","theme-transparent-header-meta":"","adv-header-id-meta":"","stick-header-meta":"","header-above-stick-meta":"","header-main-stick-meta":"","header-below-stick-meta":"","astra-migrate-meta-layouts":"default","ast-page-background-enabled":"default","ast-page-background-meta":{"desktop":{"background-color":"","background-image":"","background-repeat":"repeat","background-position":"center center","background-size":"auto","background-attachment":"scroll","background-type":"","background-media":"","overlay-type":"","overlay-color":"","overlay-opacity":"","overlay-gradient":""},"tablet":{"background-color":"","background-image":"","background-repeat":"repeat","background-position":"center center","background-size":"auto","background-attachment":"scroll","background-type":"","background-media":"","overlay-type":"","overlay-color":"","overlay-opacity":"","overlay-gradient":""},"mobile":{"background-color":"","background-image":"","background-repeat":"repeat","background-position":"center center","background-size":"auto","background-attachment":"scroll","background-type":"","background-media":"","overlay-type":"","overlay-color":"","overlay-opacity":"","overlay-gradient":""}},"ast-content-background-meta":{"desktop":{"background-color":"var(--ast-global-color-5)","background-image":"","background-repeat":"repeat","background-position":"center center","background-size":"auto","background-attachment":"scroll","background-type":"","background-media":"","overlay-type":"","overlay-color":"","overlay-opacity":"","overlay-gradient":""},"tablet":{"background-color":"var(--ast-global-color-5)","background-image":"","background-repeat":"repeat","background-position":"center center","background-size":"auto","background-attachment":"scroll","background-type":"","background-media":"","overlay-type":"","overlay-color":"","overlay-opacity":"","overlay-gradient":""},"mobile":{"background-color":"var(--ast-global-color-5)","background-image":"","background-repeat":"repeat","background-position":"center center","background-size":"auto","background-attachment":"scroll","background-type":"","background-media":"","overlay-type":"","overlay-color":"","overlay-opacity":"","overlay-gradient":""}},"footnotes":""},"categories":[200,482],"tags":[],"class_list":["post-111519","post","type-post","status-publish","format-standard","has-post-thumbnail","hentry","category-news-de","category-user-stories-de"],"yoast_head":"<!-- This site is optimized with the Yoast SEO plugin v27.3 - https:\/\/yoast.com\/product\/yoast-seo-wordpress\/ -->\n<title>F\u00fchrendes EV-Ladenetzwerk Virta verwendet EKOenergie - EKOenergy ecolabel<\/title>\n<meta name=\"description\" content=\"Die Ladestationen von Virta in Finnland werden mit 100% EKOenergie-zertifiziertem Windstrom betrieben. Virta wird die Nutzung von EKOenergie auch auf andere L\u00e4nder ausweiten.\" \/>\n<meta name=\"robots\" content=\"index, follow, max-snippet:-1, max-image-preview:large, max-video-preview:-1\" \/>\n<link rel=\"canonical\" href=\"https:\/\/www.ekoenergy.org\/de\/leading-ev-charging-network-virta-uses-ekoenergy\/\" \/>\n<meta property=\"og:locale\" content=\"de_DE\" \/>\n<meta property=\"og:type\" content=\"article\" \/>\n<meta property=\"og:title\" content=\"F\u00fchrendes EV-Ladenetzwerk Virta verwendet EKOenergie - EKOenergy ecolabel\" \/>\n<meta property=\"og:description\" content=\"Die Ladestationen von Virta in Finnland werden mit 100% EKOenergie-zertifiziertem Windstrom betrieben. Virta wird die Nutzung von EKOenergie auch auf andere L\u00e4nder ausweiten.\" \/>\n<meta property=\"og:url\" content=\"https:\/\/www.ekoenergy.org\/de\/leading-ev-charging-network-virta-uses-ekoenergy\/\" \/>\n<meta property=\"og:site_name\" content=\"EKOenergy ecolabel\" \/>\n<meta property=\"article:publisher\" content=\"https:\/\/www.facebook.com\/EKOenergy.ecolabel\/\" \/>\n<meta property=\"article:published_time\" content=\"2022-02-23T06:57:54+00:00\" \/>\n<meta property=\"article:modified_time\" content=\"2022-03-04T14:01:36+00:00\" \/>\n<meta property=\"og:image\" content=\"https:\/\/www.ekoenergy.org\/wp-content\/uploads\/Virta-Global-charging-EKOenergy-Ville-Vappula-Virta-1100.jpg\" \/>\n\t<meta property=\"og:image:width\" content=\"1100\" \/>\n\t<meta property=\"og:image:height\" content=\"733\" \/>\n\t<meta property=\"og:image:type\" content=\"image\/jpeg\" \/>\n<meta name=\"author\" content=\"Steven Vanholme\" \/>\n<meta name=\"twitter:card\" content=\"summary_large_image\" \/>\n<meta name=\"twitter:creator\" content=\"@EKOenergy_\" \/>\n<meta name=\"twitter:site\" content=\"@EKOenergy_\" \/>\n<meta name=\"twitter:label1\" content=\"Verfasst von\" \/>\n\t<meta name=\"twitter:data1\" content=\"Steven Vanholme\" \/>\n\t<meta name=\"twitter:label2\" content=\"Gesch\u00e4tzte Lesezeit\" \/>\n\t<meta name=\"twitter:data2\" content=\"3\u00a0Minuten\" \/>\n<script type=\"application\/ld+json\" class=\"yoast-schema-graph\">{\"@context\":\"https:\\\/\\\/schema.org\",\"@graph\":[{\"@type\":\"Article\",\"@id\":\"https:\\\/\\\/www.ekoenergy.org\\\/de\\\/leading-ev-charging-network-virta-uses-ekoenergy\\\/#article\",\"isPartOf\":{\"@id\":\"https:\\\/\\\/www.ekoenergy.org\\\/de\\\/leading-ev-charging-network-virta-uses-ekoenergy\\\/\"},\"author\":{\"name\":\"Steven Vanholme\",\"@id\":\"https:\\\/\\\/www.ekoenergy.org\\\/de\\\/#\\\/schema\\\/person\\\/21444e1bd72d5e9e9961c611c50e33f4\"},\"headline\":\"F\u00fchrendes EV-Ladenetzwerk Virta verwendet EKOenergie\",\"datePublished\":\"2022-02-23T06:57:54+00:00\",\"dateModified\":\"2022-03-04T14:01:36+00:00\",\"mainEntityOfPage\":{\"@id\":\"https:\\\/\\\/www.ekoenergy.org\\\/de\\\/leading-ev-charging-network-virta-uses-ekoenergy\\\/\"},\"wordCount\":505,\"publisher\":{\"@id\":\"https:\\\/\\\/www.ekoenergy.org\\\/de\\\/#organization\"},\"image\":{\"@id\":\"https:\\\/\\\/www.ekoenergy.org\\\/de\\\/leading-ev-charging-network-virta-uses-ekoenergy\\\/#primaryimage\"},\"thumbnailUrl\":\"https:\\\/\\\/www.ekoenergy.org\\\/wp-content\\\/uploads\\\/Virta-Global-charging-EKOenergy-Ville-Vappula-Virta-1100.jpg\",\"articleSection\":[\"News\",\"User stories\"],\"inLanguage\":\"de\"},{\"@type\":\"WebPage\",\"@id\":\"https:\\\/\\\/www.ekoenergy.org\\\/de\\\/leading-ev-charging-network-virta-uses-ekoenergy\\\/\",\"url\":\"https:\\\/\\\/www.ekoenergy.org\\\/de\\\/leading-ev-charging-network-virta-uses-ekoenergy\\\/\",\"name\":\"F\u00fchrendes EV-Ladenetzwerk Virta verwendet EKOenergie - EKOenergy ecolabel\",\"isPartOf\":{\"@id\":\"https:\\\/\\\/www.ekoenergy.org\\\/de\\\/#website\"},\"primaryImageOfPage\":{\"@id\":\"https:\\\/\\\/www.ekoenergy.org\\\/de\\\/leading-ev-charging-network-virta-uses-ekoenergy\\\/#primaryimage\"},\"image\":{\"@id\":\"https:\\\/\\\/www.ekoenergy.org\\\/de\\\/leading-ev-charging-network-virta-uses-ekoenergy\\\/#primaryimage\"},\"thumbnailUrl\":\"https:\\\/\\\/www.ekoenergy.org\\\/wp-content\\\/uploads\\\/Virta-Global-charging-EKOenergy-Ville-Vappula-Virta-1100.jpg\",\"datePublished\":\"2022-02-23T06:57:54+00:00\",\"dateModified\":\"2022-03-04T14:01:36+00:00\",\"description\":\"Die Ladestationen von Virta in Finnland werden mit 100% EKOenergie-zertifiziertem Windstrom betrieben. Virta wird die Nutzung von EKOenergie auch auf andere L\u00e4nder ausweiten.\",\"breadcrumb\":{\"@id\":\"https:\\\/\\\/www.ekoenergy.org\\\/de\\\/leading-ev-charging-network-virta-uses-ekoenergy\\\/#breadcrumb\"},\"inLanguage\":\"de\",\"potentialAction\":[{\"@type\":\"ReadAction\",\"target\":[\"https:\\\/\\\/www.ekoenergy.org\\\/de\\\/leading-ev-charging-network-virta-uses-ekoenergy\\\/\"]}]},{\"@type\":\"ImageObject\",\"inLanguage\":\"de\",\"@id\":\"https:\\\/\\\/www.ekoenergy.org\\\/de\\\/leading-ev-charging-network-virta-uses-ekoenergy\\\/#primaryimage\",\"url\":\"https:\\\/\\\/www.ekoenergy.org\\\/wp-content\\\/uploads\\\/Virta-Global-charging-EKOenergy-Ville-Vappula-Virta-1100.jpg\",\"contentUrl\":\"https:\\\/\\\/www.ekoenergy.org\\\/wp-content\\\/uploads\\\/Virta-Global-charging-EKOenergy-Ville-Vappula-Virta-1100.jpg\",\"width\":1100,\"height\":733},{\"@type\":\"BreadcrumbList\",\"@id\":\"https:\\\/\\\/www.ekoenergy.org\\\/de\\\/leading-ev-charging-network-virta-uses-ekoenergy\\\/#breadcrumb\",\"itemListElement\":[{\"@type\":\"ListItem\",\"position\":1,\"name\":\"Home\",\"item\":\"https:\\\/\\\/www.ekoenergy.org\\\/de\\\/\"},{\"@type\":\"ListItem\",\"position\":2,\"name\":\"F\u00fchrendes EV-Ladenetzwerk Virta verwendet EKOenergie\"}]},{\"@type\":\"WebSite\",\"@id\":\"https:\\\/\\\/www.ekoenergy.org\\\/de\\\/#website\",\"url\":\"https:\\\/\\\/www.ekoenergy.org\\\/de\\\/\",\"name\":\"EKOenergy ecolabel\",\"description\":\"The global nonprofit ecolabel for renewable energy\",\"publisher\":{\"@id\":\"https:\\\/\\\/www.ekoenergy.org\\\/de\\\/#organization\"},\"potentialAction\":[{\"@type\":\"SearchAction\",\"target\":{\"@type\":\"EntryPoint\",\"urlTemplate\":\"https:\\\/\\\/www.ekoenergy.org\\\/de\\\/?s={search_term_string}\"},\"query-input\":{\"@type\":\"PropertyValueSpecification\",\"valueRequired\":true,\"valueName\":\"search_term_string\"}}],\"inLanguage\":\"de\"},{\"@type\":\"Organization\",\"@id\":\"https:\\\/\\\/www.ekoenergy.org\\\/de\\\/#organization\",\"name\":\"Not-for-profit Organisation EKOenergy\",\"url\":\"https:\\\/\\\/www.ekoenergy.org\\\/de\\\/\",\"logo\":{\"@type\":\"ImageObject\",\"inLanguage\":\"de\",\"@id\":\"https:\\\/\\\/www.ekoenergy.org\\\/de\\\/#\\\/schema\\\/logo\\\/image\\\/\",\"url\":\"https:\\\/\\\/www.ekoenergy.org\\\/wp-content\\\/uploads\\\/logo-EKOenergy-no-text.jpg\",\"contentUrl\":\"https:\\\/\\\/www.ekoenergy.org\\\/wp-content\\\/uploads\\\/logo-EKOenergy-no-text.jpg\",\"width\":1600,\"height\":1600,\"caption\":\"Not-for-profit Organisation EKOenergy\"},\"image\":{\"@id\":\"https:\\\/\\\/www.ekoenergy.org\\\/de\\\/#\\\/schema\\\/logo\\\/image\\\/\"},\"sameAs\":[\"https:\\\/\\\/www.facebook.com\\\/EKOenergy.ecolabel\\\/\",\"https:\\\/\\\/x.com\\\/EKOenergy_\",\"https:\\\/\\\/www.instagram.com\\\/ekoenergy\\\/\",\"https:\\\/\\\/www.linkedin.com\\\/company\\\/ekoenergy-ecolabel\\\/\",\"https:\\\/\\\/www.youtube.com\\\/EKOenergy-ecolabel\",\"https:\\\/\\\/en.wikipedia.org\\\/wiki\\\/EKOenergy\"]},{\"@type\":\"Person\",\"@id\":\"https:\\\/\\\/www.ekoenergy.org\\\/de\\\/#\\\/schema\\\/person\\\/21444e1bd72d5e9e9961c611c50e33f4\",\"name\":\"Steven Vanholme\",\"image\":{\"@type\":\"ImageObject\",\"inLanguage\":\"de\",\"@id\":\"https:\\\/\\\/secure.gravatar.com\\\/avatar\\\/f99c9eea0dbfa3f163e1bfeb0842dbafe6ea1d33375ef30b2eb770f7ce6973f6?s=96&d=mm&r=g\",\"url\":\"https:\\\/\\\/secure.gravatar.com\\\/avatar\\\/f99c9eea0dbfa3f163e1bfeb0842dbafe6ea1d33375ef30b2eb770f7ce6973f6?s=96&d=mm&r=g\",\"contentUrl\":\"https:\\\/\\\/secure.gravatar.com\\\/avatar\\\/f99c9eea0dbfa3f163e1bfeb0842dbafe6ea1d33375ef30b2eb770f7ce6973f6?s=96&d=mm&r=g\",\"caption\":\"Steven Vanholme\"},\"url\":\"https:\\\/\\\/www.ekoenergy.org\\\/de\\\/author\\\/svanholme\\\/\"}]}<\/script>\n<!-- \/ Yoast SEO plugin. -->","yoast_head_json":{"title":"F\u00fchrendes EV-Ladenetzwerk Virta verwendet EKOenergie - EKOenergy ecolabel","description":"Die Ladestationen von Virta in Finnland werden mit 100% EKOenergie-zertifiziertem Windstrom betrieben. Virta wird die Nutzung von EKOenergie auch auf andere L\u00e4nder ausweiten.","robots":{"index":"index","follow":"follow","max-snippet":"max-snippet:-1","max-image-preview":"max-image-preview:large","max-video-preview":"max-video-preview:-1"},"canonical":"https:\/\/www.ekoenergy.org\/de\/leading-ev-charging-network-virta-uses-ekoenergy\/","og_locale":"de_DE","og_type":"article","og_title":"F\u00fchrendes EV-Ladenetzwerk Virta verwendet EKOenergie - EKOenergy ecolabel","og_description":"Die Ladestationen von Virta in Finnland werden mit 100% EKOenergie-zertifiziertem Windstrom betrieben. Virta wird die Nutzung von EKOenergie auch auf andere L\u00e4nder ausweiten.","og_url":"https:\/\/www.ekoenergy.org\/de\/leading-ev-charging-network-virta-uses-ekoenergy\/","og_site_name":"EKOenergy ecolabel","article_publisher":"https:\/\/www.facebook.com\/EKOenergy.ecolabel\/","article_published_time":"2022-02-23T06:57:54+00:00","article_modified_time":"2022-03-04T14:01:36+00:00","og_image":[{"width":1100,"height":733,"url":"https:\/\/www.ekoenergy.org\/wp-content\/uploads\/Virta-Global-charging-EKOenergy-Ville-Vappula-Virta-1100.jpg","type":"image\/jpeg"}],"author":"Steven Vanholme","twitter_card":"summary_large_image","twitter_creator":"@EKOenergy_","twitter_site":"@EKOenergy_","twitter_misc":{"Verfasst von":"Steven Vanholme","Gesch\u00e4tzte Lesezeit":"3\u00a0Minuten"},"schema":{"@context":"https:\/\/schema.org","@graph":[{"@type":"Article","@id":"https:\/\/www.ekoenergy.org\/de\/leading-ev-charging-network-virta-uses-ekoenergy\/#article","isPartOf":{"@id":"https:\/\/www.ekoenergy.org\/de\/leading-ev-charging-network-virta-uses-ekoenergy\/"},"author":{"name":"Steven Vanholme","@id":"https:\/\/www.ekoenergy.org\/de\/#\/schema\/person\/21444e1bd72d5e9e9961c611c50e33f4"},"headline":"F\u00fchrendes EV-Ladenetzwerk Virta verwendet EKOenergie","datePublished":"2022-02-23T06:57:54+00:00","dateModified":"2022-03-04T14:01:36+00:00","mainEntityOfPage":{"@id":"https:\/\/www.ekoenergy.org\/de\/leading-ev-charging-network-virta-uses-ekoenergy\/"},"wordCount":505,"publisher":{"@id":"https:\/\/www.ekoenergy.org\/de\/#organization"},"image":{"@id":"https:\/\/www.ekoenergy.org\/de\/leading-ev-charging-network-virta-uses-ekoenergy\/#primaryimage"},"thumbnailUrl":"https:\/\/www.ekoenergy.org\/wp-content\/uploads\/Virta-Global-charging-EKOenergy-Ville-Vappula-Virta-1100.jpg","articleSection":["News","User stories"],"inLanguage":"de"},{"@type":"WebPage","@id":"https:\/\/www.ekoenergy.org\/de\/leading-ev-charging-network-virta-uses-ekoenergy\/","url":"https:\/\/www.ekoenergy.org\/de\/leading-ev-charging-network-virta-uses-ekoenergy\/","name":"F\u00fchrendes EV-Ladenetzwerk Virta verwendet EKOenergie - EKOenergy ecolabel","isPartOf":{"@id":"https:\/\/www.ekoenergy.org\/de\/#website"},"primaryImageOfPage":{"@id":"https:\/\/www.ekoenergy.org\/de\/leading-ev-charging-network-virta-uses-ekoenergy\/#primaryimage"},"image":{"@id":"https:\/\/www.ekoenergy.org\/de\/leading-ev-charging-network-virta-uses-ekoenergy\/#primaryimage"},"thumbnailUrl":"https:\/\/www.ekoenergy.org\/wp-content\/uploads\/Virta-Global-charging-EKOenergy-Ville-Vappula-Virta-1100.jpg","datePublished":"2022-02-23T06:57:54+00:00","dateModified":"2022-03-04T14:01:36+00:00","description":"Die Ladestationen von Virta in Finnland werden mit 100% EKOenergie-zertifiziertem Windstrom betrieben. Virta wird die Nutzung von EKOenergie auch auf andere L\u00e4nder ausweiten.","breadcrumb":{"@id":"https:\/\/www.ekoenergy.org\/de\/leading-ev-charging-network-virta-uses-ekoenergy\/#breadcrumb"},"inLanguage":"de","potentialAction":[{"@type":"ReadAction","target":["https:\/\/www.ekoenergy.org\/de\/leading-ev-charging-network-virta-uses-ekoenergy\/"]}]},{"@type":"ImageObject","inLanguage":"de","@id":"https:\/\/www.ekoenergy.org\/de\/leading-ev-charging-network-virta-uses-ekoenergy\/#primaryimage","url":"https:\/\/www.ekoenergy.org\/wp-content\/uploads\/Virta-Global-charging-EKOenergy-Ville-Vappula-Virta-1100.jpg","contentUrl":"https:\/\/www.ekoenergy.org\/wp-content\/uploads\/Virta-Global-charging-EKOenergy-Ville-Vappula-Virta-1100.jpg","width":1100,"height":733},{"@type":"BreadcrumbList","@id":"https:\/\/www.ekoenergy.org\/de\/leading-ev-charging-network-virta-uses-ekoenergy\/#breadcrumb","itemListElement":[{"@type":"ListItem","position":1,"name":"Home","item":"https:\/\/www.ekoenergy.org\/de\/"},{"@type":"ListItem","position":2,"name":"F\u00fchrendes EV-Ladenetzwerk Virta verwendet EKOenergie"}]},{"@type":"WebSite","@id":"https:\/\/www.ekoenergy.org\/de\/#website","url":"https:\/\/www.ekoenergy.org\/de\/","name":"EKOenergy ecolabel","description":"The global nonprofit ecolabel for renewable energy","publisher":{"@id":"https:\/\/www.ekoenergy.org\/de\/#organization"},"potentialAction":[{"@type":"SearchAction","target":{"@type":"EntryPoint","urlTemplate":"https:\/\/www.ekoenergy.org\/de\/?s={search_term_string}"},"query-input":{"@type":"PropertyValueSpecification","valueRequired":true,"valueName":"search_term_string"}}],"inLanguage":"de"},{"@type":"Organization","@id":"https:\/\/www.ekoenergy.org\/de\/#organization","name":"Not-for-profit Organisation EKOenergy","url":"https:\/\/www.ekoenergy.org\/de\/","logo":{"@type":"ImageObject","inLanguage":"de","@id":"https:\/\/www.ekoenergy.org\/de\/#\/schema\/logo\/image\/","url":"https:\/\/www.ekoenergy.org\/wp-content\/uploads\/logo-EKOenergy-no-text.jpg","contentUrl":"https:\/\/www.ekoenergy.org\/wp-content\/uploads\/logo-EKOenergy-no-text.jpg","width":1600,"height":1600,"caption":"Not-for-profit Organisation EKOenergy"},"image":{"@id":"https:\/\/www.ekoenergy.org\/de\/#\/schema\/logo\/image\/"},"sameAs":["https:\/\/www.facebook.com\/EKOenergy.ecolabel\/","https:\/\/x.com\/EKOenergy_","https:\/\/www.instagram.com\/ekoenergy\/","https:\/\/www.linkedin.com\/company\/ekoenergy-ecolabel\/","https:\/\/www.youtube.com\/EKOenergy-ecolabel","https:\/\/en.wikipedia.org\/wiki\/EKOenergy"]},{"@type":"Person","@id":"https:\/\/www.ekoenergy.org\/de\/#\/schema\/person\/21444e1bd72d5e9e9961c611c50e33f4","name":"Steven Vanholme","image":{"@type":"ImageObject","inLanguage":"de","@id":"https:\/\/secure.gravatar.com\/avatar\/f99c9eea0dbfa3f163e1bfeb0842dbafe6ea1d33375ef30b2eb770f7ce6973f6?s=96&d=mm&r=g","url":"https:\/\/secure.gravatar.com\/avatar\/f99c9eea0dbfa3f163e1bfeb0842dbafe6ea1d33375ef30b2eb770f7ce6973f6?s=96&d=mm&r=g","contentUrl":"https:\/\/secure.gravatar.com\/avatar\/f99c9eea0dbfa3f163e1bfeb0842dbafe6ea1d33375ef30b2eb770f7ce6973f6?s=96&d=mm&r=g","caption":"Steven Vanholme"},"url":"https:\/\/www.ekoenergy.org\/de\/author\/svanholme\/"}]}},"uagb_featured_image_src":{"full":["https:\/\/www.ekoenergy.org\/wp-content\/uploads\/Virta-Global-charging-EKOenergy-Ville-Vappula-Virta-1100.jpg",1100,733,false],"thumbnail":["https:\/\/www.ekoenergy.org\/wp-content\/uploads\/Virta-Global-charging-EKOenergy-Ville-Vappula-Virta-1100-150x150.jpg",150,150,true],"medium":["https:\/\/www.ekoenergy.org\/wp-content\/uploads\/Virta-Global-charging-EKOenergy-Ville-Vappula-Virta-1100-320x213.jpg",320,213,true],"medium_large":["https:\/\/www.ekoenergy.org\/wp-content\/uploads\/Virta-Global-charging-EKOenergy-Ville-Vappula-Virta-1100-768x512.jpg",768,512,true],"large":["https:\/\/www.ekoenergy.org\/wp-content\/uploads\/Virta-Global-charging-EKOenergy-Ville-Vappula-Virta-1100-1024x682.jpg",1024,682,true],"1536x1536":["https:\/\/www.ekoenergy.org\/wp-content\/uploads\/Virta-Global-charging-EKOenergy-Ville-Vappula-Virta-1100.jpg",1100,733,false],"2048x2048":["https:\/\/www.ekoenergy.org\/wp-content\/uploads\/Virta-Global-charging-EKOenergy-Ville-Vappula-Virta-1100.jpg",1100,733,false]},"uagb_author_info":{"display_name":"Steven Vanholme","author_link":"https:\/\/www.ekoenergy.org\/de\/author\/svanholme\/"},"uagb_comment_info":0,"uagb_excerpt":"Verbraucher bevorzugen das Aufladen von elektrischen Fahrzeugen mit erneuerbaren Energien In Europa tragen die Transportemissionen \u2155 aller Treibhausgasemissionen bei- und 78% von diesen kommen vom Stra\u00dfentransport. Eine Kundenbefragung, die der Betreiber des Ladestromnetzes Virta im Dezember 2021 durchf\u00fchrte, ergab, dass fast 80 % der Befragten es vorziehen w\u00fcrden, ausschlie\u00dflich mit Strom aus erneuerbaren Energien zu&hellip;","_links":{"self":[{"href":"https:\/\/www.ekoenergy.org\/de\/wp-json\/wp\/v2\/posts\/111519","targetHints":{"allow":["GET"]}}],"collection":[{"href":"https:\/\/www.ekoenergy.org\/de\/wp-json\/wp\/v2\/posts"}],"about":[{"href":"https:\/\/www.ekoenergy.org\/de\/wp-json\/wp\/v2\/types\/post"}],"author":[{"embeddable":true,"href":"https:\/\/www.ekoenergy.org\/de\/wp-json\/wp\/v2\/users\/2"}],"replies":[{"embeddable":true,"href":"https:\/\/www.ekoenergy.org\/de\/wp-json\/wp\/v2\/comments?post=111519"}],"version-history":[{"count":3,"href":"https:\/\/www.ekoenergy.org\/de\/wp-json\/wp\/v2\/posts\/111519\/revisions"}],"predecessor-version":[{"id":112078,"href":"https:\/\/www.ekoenergy.org\/de\/wp-json\/wp\/v2\/posts\/111519\/revisions\/112078"}],"wp:featuredmedia":[{"embeddable":true,"href":"https:\/\/www.ekoenergy.org\/de\/wp-json\/wp\/v2\/media\/111496"}],"wp:attachment":[{"href":"https:\/\/www.ekoenergy.org\/de\/wp-json\/wp\/v2\/media?parent=111519"}],"wp:term":[{"taxonomy":"category","embeddable":true,"href":"https:\/\/www.ekoenergy.org\/de\/wp-json\/wp\/v2\/categories?post=111519"},{"taxonomy":"post_tag","embeddable":true,"href":"https:\/\/www.ekoenergy.org\/de\/wp-json\/wp\/v2\/tags?post=111519"}],"curies":[{"name":"wp","href":"https:\/\/api.w.org\/{rel}","templated":true}]}}