{"id":91619,"date":"2020-12-17T16:53:45","date_gmt":"2020-12-17T14:53:45","guid":{"rendered":"https:\/\/www.ekoenergy.org\/?p=91619"},"modified":"2021-04-14T11:23:09","modified_gmt":"2021-04-14T08:23:09","slug":"cooperations-as-an-environmentally-conscious-organization-chose-to-consume-ekoenergy-labelled-energy","status":"publish","type":"post","link":"https:\/\/www.ekoenergy.org\/de\/cooperations-as-an-environmentally-conscious-organization-chose-to-consume-ekoenergy-labelled-energy\/","title":{"rendered":"Cooperations Entreprises Socio-Culturelles aus Luxemburg nutzt nun auch EKOenergie"},"content":{"rendered":"\n<figure class=\"wp-block-image size-large is-resized\"><img fetchpriority=\"high\" decoding=\"async\" src=\"https:\/\/www.ekoenergy.org\/wp-content\/uploads\/\/cooperations--1024x682.jpg\" alt=\"\" class=\"wp-image-91598\" width=\"953\" height=\"635\" srcset=\"https:\/\/www.ekoenergy.org\/wp-content\/uploads\/cooperations--1024x682.jpg 1024w, https:\/\/www.ekoenergy.org\/wp-content\/uploads\/cooperations--320x213.jpg 320w, https:\/\/www.ekoenergy.org\/wp-content\/uploads\/cooperations--768x512.jpg 768w, https:\/\/www.ekoenergy.org\/wp-content\/uploads\/cooperations--1536x1024.jpg 1536w, https:\/\/www.ekoenergy.org\/wp-content\/uploads\/cooperations-.jpg 2000w\" sizes=\"(max-width: 953px) 100vw, 953px\" \/><figcaption>Dieses Foto entstand auf der Veranstaltung &#8222;La nuit des Lampions&#8220;<\/figcaption><\/figure>\n\n\n\n<p><a href=\"https:\/\/www.cooperations.lu\/\" target=\"_blank\" rel=\"noreferrer noopener\">Cooperations Entreprises Socio-Culturelles<\/a> bezieht sich auf zwei Organisationen in Luxemburg: Coop\u00e9rations Asbl und Coop\u00e9rations Soci\u00e9t\u00e9 Coop\u00e9rative. Die eine ist eine gemeinn\u00fctzige soziokulturelle Organisation, die sich auf Kunst und Kultur, soziales Engagement und die Unterst\u00fctzung von Menschen bei der Erreichung ihres Potenzials konzentriert. Die andere ist ein sozio\u00f6konomisch orientiertes Unternehmen, das als Werkstatt fungiert und Menschen mit psychosozialen Beeintr\u00e4chtigungen Arbeitsm\u00f6glichkeiten in den Bereichen Gastronomie, Gartenbau und Kunst bietet. Anfang 2020 wird zudem ein Gem\u00fcseanbauprojekt umgesetzt, um das Gem\u00fcse f\u00fcr ihr Restaurant Eis Kichen anzubauen. Schlie\u00dflich soll in den kommenden Monaten ein Campingplatz er\u00f6ffnet werden.<br>Beide Organisationen haben sich vor einigen Jahren f\u00fcr den Verbrauch von Energie mit dem EKOenergie-Label entschieden. Wir haben Christophe Kremer interviewt, um weitere Einblicke in Coop\u00e9rations zu erhalten.<\/p>\n\n\n\n<p><strong>Was war die treibende Kraft hinter Ihrer Entscheidung, EKOenergie-gelabelten Strom zu verwenden? Was hat Sie \u00fcberzeugt, dass es der richtige Schritt war?<\/strong><\/p>\n\n\n\n<p>Die Entscheidung f\u00fcr EKOenergie-zertifizierte Energie war eine einfache und naheliegende Entscheidung, und die Initiative kam haupts\u00e4chlich von unserem luxemburgischen Energieversorger Eida. Als sie vor ein paar Jahren unseren Vertrag aufsetzten, entdeckten wir, dass es m\u00f6glich war, EKOenergie zu w\u00e4hlen. Diese Wahl stimmte perfekt mit unseren Nachhaltigkeitszielen \u00fcberein und folgte dem Weg, den wir bei der Auswahl unseres Stromanbieters eingeschlagen hatten. Dar\u00fcber hinaus sind wir seit drei Jahren eine &#8222;Societal Impact Organisation&#8220;. Dies ist ein neuer Rechtsstatus, den Luxemburg f\u00fcr Organisationen wie Coop\u00e9rations eingef\u00fchrt hat, die im Bereich der Solidar- und Sozialwirtschaft t\u00e4tig sind und einen Einfluss auf die Gesellschaft haben m\u00f6chten. Als Eida uns EKOenergie anbot, war es deshalb eine schnelle Entscheidung, da das \u00d6kolabel unseren Werten und unserem \u00f6kologischen Engagement entsprach. Eida hat den Beitrittsprozess nur vereinfacht.<\/p>\n\n\n\n<p><strong>Wie verlief der Prozess des Kaufs von Strom aus erneuerbaren Energien mit dem EKOenergie-Label f\u00fcr Sie?<\/strong><\/p>\n\n\n\n<p>Der Kaufprozess war einfach, wir haben einfach unseren Vertrag unterschrieben und angefangen, EKOenergie-gelabelte Energie zu verbrauchen. Wir vertrauen unserem Anbieter, weil er wei\u00df, dass wir uns f\u00fcr \u00f6kologischere und ethischere Praktiken einsetzen wollen. Durch die Wahl dieses \u00d6kolabels haben wir die M\u00f6glichkeit, den Planeten zu sch\u00fctzen und verschiedene Projekte voranzubringen, wie zum Beispiel die, die durch den Klimafonds von EKOenergie finanziert werden. Was uns betrifft, so versuchen wir, das Bewusstsein zu verbreiten, insbesondere zum Thema erneuerbare Energie. Wir m\u00f6chten auch unseren Energieverbrauch und dessen Auswirkungen reduzieren. Unser Ziel ist es, weniger Energie zu verbrauchen und das auf eine bessere Art und Weise, daher ist es f\u00fcr uns wichtig, erneuerbare Energien zu unterst\u00fctzen. Langfristig w\u00e4re es jedoch das Ziel, unseren Energieverbrauch zu reduzieren, daher dieses Gartenbauprojekt, welches wir umgesetzt haben, um eine kurze Vermarktungskette (ein direkter Draht zwischen dem Produzenten und dem Verbraucher) zu erm\u00f6glichen.<\/p>\n\n\n\n<p><strong>Sie haben bereits kurz dar\u00fcber gesprochen, aber k\u00f6nnten Sie erl\u00e4utern, welche anderen Entscheidungen Sie getroffen haben, um nachhaltiger zu sein, neben dem Verbrauch von EKOenergie?<\/strong><\/p>\n\n\n\n<p>Wir engagieren uns schon seit Jahren in Sachen Nachhaltigkeit. Seit f\u00fcnf Jahren unterst\u00fctzen wir Bauern, die auf \u00f6kologischere Anbaumethoden umstellen oder dies bereits getan haben. Im Moment unterst\u00fctzen wir aktiv zwei Bio-Bauern in der Region, indem wir ihnen Arbeitskr\u00e4fte zur Verf\u00fcgung stellen. Au\u00dferdem haben wir 10 000 Euro gespendet, um den ersten verpackungsfreien Lebensmittelladen in Luxemburg zu er\u00f6ffnen. Wir haben auch die <a href=\"https:\/\/www.sdk.lu\/index.php\/fr\/\" target=\"_blank\" rel=\"noreferrer noopener\">SuperDrecksK\u00ebscht<\/a>, ein Label, das Unternehmen verliehen wird, die ihren Abfall auf umweltfreundliche Weise managen. Schlie\u00dflich werden wir im Dezember einen ethischen Laden er\u00f6ffnen, um den lokalen Erzeugern die M\u00f6glichkeit zu geben, ihre Produkte zu verkaufen und eine kurze Vermarktungskette zu erm\u00f6glichen, damit die Produkte direkt vom Erzeuger zum Verbraucher gehen, ohne Zwischenh\u00e4ndler. <\/p>\n\n\n\n<p>Wir danken Coop\u00e9rations f\u00fcr die Entscheidung f\u00fcr EKOenergie und die Beantwortung unserer Fragen! Wir hoffen, dass ihr nachhaltiges Handeln andere inspiriert und den \u00dcbergang zu einer 100% erneuerbaren Welt beschleunigt.<\/p>\n\n\n\n<p>Wir m\u00f6chten uns auch bei den EKOenergie-Lizenznehmern daf\u00fcr bedanken, dass sie mit uns zusammenarbeiten und EKOenergie-zertifizierten Strom bereitstellen. Ohne sie w\u00e4re der Erfolg von EKOenergie nicht m\u00f6glich gewesen. Wir danken insbesondere Eida f\u00fcr ihre Bem\u00fchungen in Luxemburg.<\/p>\n\n\n\n<p>Um weitere Artikel wie diesen zu sehen und mehr \u00fcber Unternehmen zu erfahren, die EKOenergie-zertifizierte Energie nutzen, schauen Sie sich unsere <a href=\"https:\/\/www.ekoenergy.org\/de\/why-buy\/users\/\">Userstories<\/a> an. Wir und unsere Lizenznehmer freuen uns, Einzelpersonen und Unternehmen bei der Wahl der nachhaltigsten erneuerbaren Energie zu helfen.<\/p>\n\n\n\n<p>Wenn Sie dar\u00fcber nachdenken, wie Sie Ihr Umweltengagement zeigen k\u00f6nnen oder einen Wechsel zu umweltfreundlichem Strom in Erw\u00e4gung ziehen, z\u00f6gern Sie nicht, uns zu <a href=\"https:\/\/www.ekoenergy.org\/de\/about-us\/contact-us\/\">kontaktieren<\/a><a href=\"https:\/\/www.ekoenergy.org\/de\/about-us\/contact-us\/\">.<\/a> Um auf dem Laufenden zu bleiben, folgen Sie uns auf <a href=\"https:\/\/www.facebook.com\/EKOenergy.ecolabel\/\" target=\"_blank\" rel=\"noreferrer noopener\">Facebook<\/a>, <a href=\"https:\/\/www.linkedin.com\/authwall?trk=gf&amp;trkInfo=AQFbP20FfWSKXQAAAXMkHMTgae-NhpFnZNXbLW9oZ9_xm8-swUdPS-6XHdBDhPHRaky0DVqTuS1yxTgs-T88Lxcq-BN7FOCUJFixC4sVK-03hm0O3XVIF46NMipCW-ygh_dSCDM=&amp;originalReferer=&amp;sessionRedirect=https%3A%2F%2Fwww.linkedin.com%2Fcompany%2Fekoenergy-ecolabel\" target=\"_blank\" rel=\"noreferrer noopener\">Linkedln<\/a>,<a href=\"https:\/\/www.instagram.com\/ekoenergy\/\" target=\"_blank\" rel=\"noreferrer noopener\"> Instagram<\/a>, <a href=\"https:\/\/twitter.com\/ekoenergy_\" target=\"_blank\" rel=\"noreferrer noopener\">Twitter<\/a>, <a href=\"https:\/\/www.youtube.com\/channel\/UCJtqduD7ghXHFM0uU06J7TA\" target=\"_blank\" rel=\"noreferrer noopener\">YouTube<\/a> und <a href=\"https:\/\/www.xing.com\/companies\/ekoenergie\" target=\"_blank\" rel=\"noreferrer noopener\">Xing<\/a>!<\/p>\n\n\n\n<p>Christophe Kremer wurde von Elodie Cuesta interviewt\u00a0<\/p>\n\n\n\n<p>Ver\u00f6ffentlicht am 17. Dezember 2020<\/p>\n","protected":false},"excerpt":{"rendered":"<p>Cooperations Entreprises Socio-Culturelles bezieht sich auf zwei Organisationen in Luxemburg: Coop\u00e9rations Asbl und Coop\u00e9rations Soci\u00e9t\u00e9 Coop\u00e9rative. Die eine ist eine gemeinn\u00fctzige soziokulturelle Organisation, die sich auf Kunst und Kultur, soziales Engagement und die Unterst\u00fctzung von Menschen bei der Erreichung ihres Potenzials konzentriert. Die andere ist ein sozio\u00f6konomisch orientiertes Unternehmen, das als Werkstatt fungiert und Menschen [&hellip;]<\/p>\n","protected":false},"author":17,"featured_media":91598,"comment_status":"closed","ping_status":"closed","sticky":false,"template":"","format":"standard","meta":{"inline_featured_image":false,"_uag_custom_page_level_css":"","site-sidebar-layout":"default","site-content-layout":"default","ast-site-content-layout":"default","site-content-style":"default","site-sidebar-style":"default","ast-global-header-display":"","ast-banner-title-visibility":"","ast-main-header-display":"","ast-hfb-above-header-display":"","ast-hfb-below-header-display":"","ast-hfb-mobile-header-display":"","site-post-title":"","ast-breadcrumbs-content":"","ast-featured-img":"","footer-sml-layout":"","ast-disable-related-posts":"","theme-transparent-header-meta":"default","adv-header-id-meta":"","stick-header-meta":"default","header-above-stick-meta":"","header-main-stick-meta":"","header-below-stick-meta":"","astra-migrate-meta-layouts":"default","ast-page-background-enabled":"default","ast-page-background-meta":{"desktop":{"background-color":"","background-image":"","background-repeat":"repeat","background-position":"center center","background-size":"auto","background-attachment":"scroll","background-type":"","background-media":"","overlay-type":"","overlay-color":"","overlay-opacity":"","overlay-gradient":""},"tablet":{"background-color":"","background-image":"","background-repeat":"repeat","background-position":"center center","background-size":"auto","background-attachment":"scroll","background-type":"","background-media":"","overlay-type":"","overlay-color":"","overlay-opacity":"","overlay-gradient":""},"mobile":{"background-color":"","background-image":"","background-repeat":"repeat","background-position":"center center","background-size":"auto","background-attachment":"scroll","background-type":"","background-media":"","overlay-type":"","overlay-color":"","overlay-opacity":"","overlay-gradient":""}},"ast-content-background-meta":{"desktop":{"background-color":"var(--ast-global-color-5)","background-image":"","background-repeat":"repeat","background-position":"center center","background-size":"auto","background-attachment":"scroll","background-type":"","background-media":"","overlay-type":"","overlay-color":"","overlay-opacity":"","overlay-gradient":""},"tablet":{"background-color":"var(--ast-global-color-5)","background-image":"","background-repeat":"repeat","background-position":"center center","background-size":"auto","background-attachment":"scroll","background-type":"","background-media":"","overlay-type":"","overlay-color":"","overlay-opacity":"","overlay-gradient":""},"mobile":{"background-color":"var(--ast-global-color-5)","background-image":"","background-repeat":"repeat","background-position":"center center","background-size":"auto","background-attachment":"scroll","background-type":"","background-media":"","overlay-type":"","overlay-color":"","overlay-opacity":"","overlay-gradient":""}},"footnotes":""},"categories":[200,482],"tags":[498,434],"class_list":["post-91619","post","type-post","status-publish","format-standard","has-post-thumbnail","hentry","category-news-de","category-user-stories-de","tag-100-renewable-de","tag-interview-de"],"yoast_head":"<!-- This site is optimized with the Yoast SEO plugin v27.3 - https:\/\/yoast.com\/product\/yoast-seo-wordpress\/ -->\n<title>Cooperations Entreprises Socio-Culturelles aus Luxemburg nutzt nun auch EKOenergie - EKOenergy ecolabel<\/title>\n<meta name=\"description\" content=\"Cooperations Entreprises Socio-Culturelles nutzt Energie mit dem EKOenergie-Label. Wir haben Christophe Kremer interviewt, um mehr \u00fcber ihre Wahl zu erfahren!\" \/>\n<meta name=\"robots\" content=\"index, follow, max-snippet:-1, max-image-preview:large, max-video-preview:-1\" \/>\n<link rel=\"canonical\" href=\"https:\/\/www.ekoenergy.org\/de\/cooperations-as-an-environmentally-conscious-organization-chose-to-consume-ekoenergy-labelled-energy\/\" \/>\n<meta property=\"og:locale\" content=\"de_DE\" \/>\n<meta property=\"og:type\" content=\"article\" \/>\n<meta property=\"og:title\" content=\"Cooperations Entreprises Socio-Culturelles aus Luxemburg nutzt nun auch EKOenergie - EKOenergy ecolabel\" \/>\n<meta property=\"og:description\" content=\"Cooperations Entreprises Socio-Culturelles nutzt Energie mit dem EKOenergie-Label. Wir haben Christophe Kremer interviewt, um mehr \u00fcber ihre Wahl zu erfahren!\" \/>\n<meta property=\"og:url\" content=\"https:\/\/www.ekoenergy.org\/de\/cooperations-as-an-environmentally-conscious-organization-chose-to-consume-ekoenergy-labelled-energy\/\" \/>\n<meta property=\"og:site_name\" content=\"EKOenergy ecolabel\" \/>\n<meta property=\"article:publisher\" content=\"https:\/\/www.facebook.com\/EKOenergy.ecolabel\/\" \/>\n<meta property=\"article:published_time\" content=\"2020-12-17T14:53:45+00:00\" \/>\n<meta property=\"article:modified_time\" content=\"2021-04-14T08:23:09+00:00\" \/>\n<meta property=\"og:image\" content=\"https:\/\/www.ekoenergy.org\/wp-content\/uploads\/cooperations-.jpg\" \/>\n\t<meta property=\"og:image:width\" content=\"2000\" \/>\n\t<meta property=\"og:image:height\" content=\"1333\" \/>\n\t<meta property=\"og:image:type\" content=\"image\/jpeg\" \/>\n<meta name=\"author\" content=\"EKOenergy ecolabel\" \/>\n<meta name=\"twitter:card\" content=\"summary_large_image\" \/>\n<meta name=\"twitter:creator\" content=\"@EKOenergy_\" \/>\n<meta name=\"twitter:site\" content=\"@EKOenergy_\" \/>\n<meta name=\"twitter:label1\" content=\"Verfasst von\" \/>\n\t<meta name=\"twitter:data1\" content=\"EKOenergy ecolabel\" \/>\n\t<meta name=\"twitter:label2\" content=\"Gesch\u00e4tzte Lesezeit\" \/>\n\t<meta name=\"twitter:data2\" content=\"4\u00a0Minuten\" \/>\n<script type=\"application\/ld+json\" class=\"yoast-schema-graph\">{\"@context\":\"https:\\\/\\\/schema.org\",\"@graph\":[{\"@type\":\"Article\",\"@id\":\"https:\\\/\\\/www.ekoenergy.org\\\/de\\\/cooperations-as-an-environmentally-conscious-organization-chose-to-consume-ekoenergy-labelled-energy\\\/#article\",\"isPartOf\":{\"@id\":\"https:\\\/\\\/www.ekoenergy.org\\\/de\\\/cooperations-as-an-environmentally-conscious-organization-chose-to-consume-ekoenergy-labelled-energy\\\/\"},\"author\":{\"name\":\"EKOenergy ecolabel\",\"@id\":\"https:\\\/\\\/www.ekoenergy.org\\\/de\\\/#\\\/schema\\\/person\\\/18741ac2a7d16ef6a1efa6e9186ae079\"},\"headline\":\"Cooperations Entreprises Socio-Culturelles aus Luxemburg nutzt nun auch EKOenergie\",\"datePublished\":\"2020-12-17T14:53:45+00:00\",\"dateModified\":\"2021-04-14T08:23:09+00:00\",\"mainEntityOfPage\":{\"@id\":\"https:\\\/\\\/www.ekoenergy.org\\\/de\\\/cooperations-as-an-environmentally-conscious-organization-chose-to-consume-ekoenergy-labelled-energy\\\/\"},\"wordCount\":810,\"publisher\":{\"@id\":\"https:\\\/\\\/www.ekoenergy.org\\\/de\\\/#organization\"},\"image\":{\"@id\":\"https:\\\/\\\/www.ekoenergy.org\\\/de\\\/cooperations-as-an-environmentally-conscious-organization-chose-to-consume-ekoenergy-labelled-energy\\\/#primaryimage\"},\"thumbnailUrl\":\"https:\\\/\\\/www.ekoenergy.org\\\/wp-content\\\/uploads\\\/cooperations-.jpg\",\"keywords\":[\"100% renewable\",\"Interview\"],\"articleSection\":[\"News\",\"User stories\"],\"inLanguage\":\"de\"},{\"@type\":\"WebPage\",\"@id\":\"https:\\\/\\\/www.ekoenergy.org\\\/de\\\/cooperations-as-an-environmentally-conscious-organization-chose-to-consume-ekoenergy-labelled-energy\\\/\",\"url\":\"https:\\\/\\\/www.ekoenergy.org\\\/de\\\/cooperations-as-an-environmentally-conscious-organization-chose-to-consume-ekoenergy-labelled-energy\\\/\",\"name\":\"Cooperations Entreprises Socio-Culturelles aus Luxemburg nutzt nun auch EKOenergie - EKOenergy ecolabel\",\"isPartOf\":{\"@id\":\"https:\\\/\\\/www.ekoenergy.org\\\/de\\\/#website\"},\"primaryImageOfPage\":{\"@id\":\"https:\\\/\\\/www.ekoenergy.org\\\/de\\\/cooperations-as-an-environmentally-conscious-organization-chose-to-consume-ekoenergy-labelled-energy\\\/#primaryimage\"},\"image\":{\"@id\":\"https:\\\/\\\/www.ekoenergy.org\\\/de\\\/cooperations-as-an-environmentally-conscious-organization-chose-to-consume-ekoenergy-labelled-energy\\\/#primaryimage\"},\"thumbnailUrl\":\"https:\\\/\\\/www.ekoenergy.org\\\/wp-content\\\/uploads\\\/cooperations-.jpg\",\"datePublished\":\"2020-12-17T14:53:45+00:00\",\"dateModified\":\"2021-04-14T08:23:09+00:00\",\"description\":\"Cooperations Entreprises Socio-Culturelles nutzt Energie mit dem EKOenergie-Label. Wir haben Christophe Kremer interviewt, um mehr \u00fcber ihre Wahl zu erfahren!\",\"breadcrumb\":{\"@id\":\"https:\\\/\\\/www.ekoenergy.org\\\/de\\\/cooperations-as-an-environmentally-conscious-organization-chose-to-consume-ekoenergy-labelled-energy\\\/#breadcrumb\"},\"inLanguage\":\"de\",\"potentialAction\":[{\"@type\":\"ReadAction\",\"target\":[\"https:\\\/\\\/www.ekoenergy.org\\\/de\\\/cooperations-as-an-environmentally-conscious-organization-chose-to-consume-ekoenergy-labelled-energy\\\/\"]}]},{\"@type\":\"ImageObject\",\"inLanguage\":\"de\",\"@id\":\"https:\\\/\\\/www.ekoenergy.org\\\/de\\\/cooperations-as-an-environmentally-conscious-organization-chose-to-consume-ekoenergy-labelled-energy\\\/#primaryimage\",\"url\":\"https:\\\/\\\/www.ekoenergy.org\\\/wp-content\\\/uploads\\\/cooperations-.jpg\",\"contentUrl\":\"https:\\\/\\\/www.ekoenergy.org\\\/wp-content\\\/uploads\\\/cooperations-.jpg\",\"width\":2000,\"height\":1333},{\"@type\":\"BreadcrumbList\",\"@id\":\"https:\\\/\\\/www.ekoenergy.org\\\/de\\\/cooperations-as-an-environmentally-conscious-organization-chose-to-consume-ekoenergy-labelled-energy\\\/#breadcrumb\",\"itemListElement\":[{\"@type\":\"ListItem\",\"position\":1,\"name\":\"Home\",\"item\":\"https:\\\/\\\/www.ekoenergy.org\\\/de\\\/\"},{\"@type\":\"ListItem\",\"position\":2,\"name\":\"Cooperations Entreprises Socio-Culturelles aus Luxemburg nutzt nun auch EKOenergie\"}]},{\"@type\":\"WebSite\",\"@id\":\"https:\\\/\\\/www.ekoenergy.org\\\/de\\\/#website\",\"url\":\"https:\\\/\\\/www.ekoenergy.org\\\/de\\\/\",\"name\":\"EKOenergy ecolabel\",\"description\":\"The global nonprofit ecolabel for renewable energy\",\"publisher\":{\"@id\":\"https:\\\/\\\/www.ekoenergy.org\\\/de\\\/#organization\"},\"potentialAction\":[{\"@type\":\"SearchAction\",\"target\":{\"@type\":\"EntryPoint\",\"urlTemplate\":\"https:\\\/\\\/www.ekoenergy.org\\\/de\\\/?s={search_term_string}\"},\"query-input\":{\"@type\":\"PropertyValueSpecification\",\"valueRequired\":true,\"valueName\":\"search_term_string\"}}],\"inLanguage\":\"de\"},{\"@type\":\"Organization\",\"@id\":\"https:\\\/\\\/www.ekoenergy.org\\\/de\\\/#organization\",\"name\":\"Not-for-profit Organisation EKOenergy\",\"url\":\"https:\\\/\\\/www.ekoenergy.org\\\/de\\\/\",\"logo\":{\"@type\":\"ImageObject\",\"inLanguage\":\"de\",\"@id\":\"https:\\\/\\\/www.ekoenergy.org\\\/de\\\/#\\\/schema\\\/logo\\\/image\\\/\",\"url\":\"https:\\\/\\\/www.ekoenergy.org\\\/wp-content\\\/uploads\\\/logo-EKOenergy-no-text.jpg\",\"contentUrl\":\"https:\\\/\\\/www.ekoenergy.org\\\/wp-content\\\/uploads\\\/logo-EKOenergy-no-text.jpg\",\"width\":1600,\"height\":1600,\"caption\":\"Not-for-profit Organisation EKOenergy\"},\"image\":{\"@id\":\"https:\\\/\\\/www.ekoenergy.org\\\/de\\\/#\\\/schema\\\/logo\\\/image\\\/\"},\"sameAs\":[\"https:\\\/\\\/www.facebook.com\\\/EKOenergy.ecolabel\\\/\",\"https:\\\/\\\/x.com\\\/EKOenergy_\",\"https:\\\/\\\/www.instagram.com\\\/ekoenergy\\\/\",\"https:\\\/\\\/www.linkedin.com\\\/company\\\/ekoenergy-ecolabel\\\/\",\"https:\\\/\\\/www.youtube.com\\\/EKOenergy-ecolabel\",\"https:\\\/\\\/en.wikipedia.org\\\/wiki\\\/EKOenergy\"]},{\"@type\":\"Person\",\"@id\":\"https:\\\/\\\/www.ekoenergy.org\\\/de\\\/#\\\/schema\\\/person\\\/18741ac2a7d16ef6a1efa6e9186ae079\",\"name\":\"EKOenergy ecolabel\",\"image\":{\"@type\":\"ImageObject\",\"inLanguage\":\"de\",\"@id\":\"https:\\\/\\\/secure.gravatar.com\\\/avatar\\\/ff22cb0efd7c780e79e9009f678238a77b0c4dfa9dc056a1c905dcea9a4034d4?s=96&d=mm&r=g\",\"url\":\"https:\\\/\\\/secure.gravatar.com\\\/avatar\\\/ff22cb0efd7c780e79e9009f678238a77b0c4dfa9dc056a1c905dcea9a4034d4?s=96&d=mm&r=g\",\"contentUrl\":\"https:\\\/\\\/secure.gravatar.com\\\/avatar\\\/ff22cb0efd7c780e79e9009f678238a77b0c4dfa9dc056a1c905dcea9a4034d4?s=96&d=mm&r=g\",\"caption\":\"EKOenergy ecolabel\"},\"sameAs\":[\"https:\\\/\\\/www.ekoenergy.org\\\/\"],\"url\":\"https:\\\/\\\/www.ekoenergy.org\\\/de\\\/author\\\/ekoenergy\\\/\"}]}<\/script>\n<!-- \/ Yoast SEO plugin. -->","yoast_head_json":{"title":"Cooperations Entreprises Socio-Culturelles aus Luxemburg nutzt nun auch EKOenergie - EKOenergy ecolabel","description":"Cooperations Entreprises Socio-Culturelles nutzt Energie mit dem EKOenergie-Label. Wir haben Christophe Kremer interviewt, um mehr \u00fcber ihre Wahl zu erfahren!","robots":{"index":"index","follow":"follow","max-snippet":"max-snippet:-1","max-image-preview":"max-image-preview:large","max-video-preview":"max-video-preview:-1"},"canonical":"https:\/\/www.ekoenergy.org\/de\/cooperations-as-an-environmentally-conscious-organization-chose-to-consume-ekoenergy-labelled-energy\/","og_locale":"de_DE","og_type":"article","og_title":"Cooperations Entreprises Socio-Culturelles aus Luxemburg nutzt nun auch EKOenergie - EKOenergy ecolabel","og_description":"Cooperations Entreprises Socio-Culturelles nutzt Energie mit dem EKOenergie-Label. Wir haben Christophe Kremer interviewt, um mehr \u00fcber ihre Wahl zu erfahren!","og_url":"https:\/\/www.ekoenergy.org\/de\/cooperations-as-an-environmentally-conscious-organization-chose-to-consume-ekoenergy-labelled-energy\/","og_site_name":"EKOenergy ecolabel","article_publisher":"https:\/\/www.facebook.com\/EKOenergy.ecolabel\/","article_published_time":"2020-12-17T14:53:45+00:00","article_modified_time":"2021-04-14T08:23:09+00:00","og_image":[{"width":2000,"height":1333,"url":"https:\/\/www.ekoenergy.org\/wp-content\/uploads\/cooperations-.jpg","type":"image\/jpeg"}],"author":"EKOenergy ecolabel","twitter_card":"summary_large_image","twitter_creator":"@EKOenergy_","twitter_site":"@EKOenergy_","twitter_misc":{"Verfasst von":"EKOenergy ecolabel","Gesch\u00e4tzte Lesezeit":"4\u00a0Minuten"},"schema":{"@context":"https:\/\/schema.org","@graph":[{"@type":"Article","@id":"https:\/\/www.ekoenergy.org\/de\/cooperations-as-an-environmentally-conscious-organization-chose-to-consume-ekoenergy-labelled-energy\/#article","isPartOf":{"@id":"https:\/\/www.ekoenergy.org\/de\/cooperations-as-an-environmentally-conscious-organization-chose-to-consume-ekoenergy-labelled-energy\/"},"author":{"name":"EKOenergy ecolabel","@id":"https:\/\/www.ekoenergy.org\/de\/#\/schema\/person\/18741ac2a7d16ef6a1efa6e9186ae079"},"headline":"Cooperations Entreprises Socio-Culturelles aus Luxemburg nutzt nun auch EKOenergie","datePublished":"2020-12-17T14:53:45+00:00","dateModified":"2021-04-14T08:23:09+00:00","mainEntityOfPage":{"@id":"https:\/\/www.ekoenergy.org\/de\/cooperations-as-an-environmentally-conscious-organization-chose-to-consume-ekoenergy-labelled-energy\/"},"wordCount":810,"publisher":{"@id":"https:\/\/www.ekoenergy.org\/de\/#organization"},"image":{"@id":"https:\/\/www.ekoenergy.org\/de\/cooperations-as-an-environmentally-conscious-organization-chose-to-consume-ekoenergy-labelled-energy\/#primaryimage"},"thumbnailUrl":"https:\/\/www.ekoenergy.org\/wp-content\/uploads\/cooperations-.jpg","keywords":["100% renewable","Interview"],"articleSection":["News","User stories"],"inLanguage":"de"},{"@type":"WebPage","@id":"https:\/\/www.ekoenergy.org\/de\/cooperations-as-an-environmentally-conscious-organization-chose-to-consume-ekoenergy-labelled-energy\/","url":"https:\/\/www.ekoenergy.org\/de\/cooperations-as-an-environmentally-conscious-organization-chose-to-consume-ekoenergy-labelled-energy\/","name":"Cooperations Entreprises Socio-Culturelles aus Luxemburg nutzt nun auch EKOenergie - EKOenergy ecolabel","isPartOf":{"@id":"https:\/\/www.ekoenergy.org\/de\/#website"},"primaryImageOfPage":{"@id":"https:\/\/www.ekoenergy.org\/de\/cooperations-as-an-environmentally-conscious-organization-chose-to-consume-ekoenergy-labelled-energy\/#primaryimage"},"image":{"@id":"https:\/\/www.ekoenergy.org\/de\/cooperations-as-an-environmentally-conscious-organization-chose-to-consume-ekoenergy-labelled-energy\/#primaryimage"},"thumbnailUrl":"https:\/\/www.ekoenergy.org\/wp-content\/uploads\/cooperations-.jpg","datePublished":"2020-12-17T14:53:45+00:00","dateModified":"2021-04-14T08:23:09+00:00","description":"Cooperations Entreprises Socio-Culturelles nutzt Energie mit dem EKOenergie-Label. Wir haben Christophe Kremer interviewt, um mehr \u00fcber ihre Wahl zu erfahren!","breadcrumb":{"@id":"https:\/\/www.ekoenergy.org\/de\/cooperations-as-an-environmentally-conscious-organization-chose-to-consume-ekoenergy-labelled-energy\/#breadcrumb"},"inLanguage":"de","potentialAction":[{"@type":"ReadAction","target":["https:\/\/www.ekoenergy.org\/de\/cooperations-as-an-environmentally-conscious-organization-chose-to-consume-ekoenergy-labelled-energy\/"]}]},{"@type":"ImageObject","inLanguage":"de","@id":"https:\/\/www.ekoenergy.org\/de\/cooperations-as-an-environmentally-conscious-organization-chose-to-consume-ekoenergy-labelled-energy\/#primaryimage","url":"https:\/\/www.ekoenergy.org\/wp-content\/uploads\/cooperations-.jpg","contentUrl":"https:\/\/www.ekoenergy.org\/wp-content\/uploads\/cooperations-.jpg","width":2000,"height":1333},{"@type":"BreadcrumbList","@id":"https:\/\/www.ekoenergy.org\/de\/cooperations-as-an-environmentally-conscious-organization-chose-to-consume-ekoenergy-labelled-energy\/#breadcrumb","itemListElement":[{"@type":"ListItem","position":1,"name":"Home","item":"https:\/\/www.ekoenergy.org\/de\/"},{"@type":"ListItem","position":2,"name":"Cooperations Entreprises Socio-Culturelles aus Luxemburg nutzt nun auch EKOenergie"}]},{"@type":"WebSite","@id":"https:\/\/www.ekoenergy.org\/de\/#website","url":"https:\/\/www.ekoenergy.org\/de\/","name":"EKOenergy ecolabel","description":"The global nonprofit ecolabel for renewable energy","publisher":{"@id":"https:\/\/www.ekoenergy.org\/de\/#organization"},"potentialAction":[{"@type":"SearchAction","target":{"@type":"EntryPoint","urlTemplate":"https:\/\/www.ekoenergy.org\/de\/?s={search_term_string}"},"query-input":{"@type":"PropertyValueSpecification","valueRequired":true,"valueName":"search_term_string"}}],"inLanguage":"de"},{"@type":"Organization","@id":"https:\/\/www.ekoenergy.org\/de\/#organization","name":"Not-for-profit Organisation EKOenergy","url":"https:\/\/www.ekoenergy.org\/de\/","logo":{"@type":"ImageObject","inLanguage":"de","@id":"https:\/\/www.ekoenergy.org\/de\/#\/schema\/logo\/image\/","url":"https:\/\/www.ekoenergy.org\/wp-content\/uploads\/logo-EKOenergy-no-text.jpg","contentUrl":"https:\/\/www.ekoenergy.org\/wp-content\/uploads\/logo-EKOenergy-no-text.jpg","width":1600,"height":1600,"caption":"Not-for-profit Organisation EKOenergy"},"image":{"@id":"https:\/\/www.ekoenergy.org\/de\/#\/schema\/logo\/image\/"},"sameAs":["https:\/\/www.facebook.com\/EKOenergy.ecolabel\/","https:\/\/x.com\/EKOenergy_","https:\/\/www.instagram.com\/ekoenergy\/","https:\/\/www.linkedin.com\/company\/ekoenergy-ecolabel\/","https:\/\/www.youtube.com\/EKOenergy-ecolabel","https:\/\/en.wikipedia.org\/wiki\/EKOenergy"]},{"@type":"Person","@id":"https:\/\/www.ekoenergy.org\/de\/#\/schema\/person\/18741ac2a7d16ef6a1efa6e9186ae079","name":"EKOenergy ecolabel","image":{"@type":"ImageObject","inLanguage":"de","@id":"https:\/\/secure.gravatar.com\/avatar\/ff22cb0efd7c780e79e9009f678238a77b0c4dfa9dc056a1c905dcea9a4034d4?s=96&d=mm&r=g","url":"https:\/\/secure.gravatar.com\/avatar\/ff22cb0efd7c780e79e9009f678238a77b0c4dfa9dc056a1c905dcea9a4034d4?s=96&d=mm&r=g","contentUrl":"https:\/\/secure.gravatar.com\/avatar\/ff22cb0efd7c780e79e9009f678238a77b0c4dfa9dc056a1c905dcea9a4034d4?s=96&d=mm&r=g","caption":"EKOenergy ecolabel"},"sameAs":["https:\/\/www.ekoenergy.org\/"],"url":"https:\/\/www.ekoenergy.org\/de\/author\/ekoenergy\/"}]}},"uagb_featured_image_src":{"full":["https:\/\/www.ekoenergy.org\/wp-content\/uploads\/cooperations-.jpg",2000,1333,false],"thumbnail":["https:\/\/www.ekoenergy.org\/wp-content\/uploads\/cooperations--150x150.jpg",150,150,true],"medium":["https:\/\/www.ekoenergy.org\/wp-content\/uploads\/cooperations--320x213.jpg",320,213,true],"medium_large":["https:\/\/www.ekoenergy.org\/wp-content\/uploads\/cooperations--768x512.jpg",768,512,true],"large":["https:\/\/www.ekoenergy.org\/wp-content\/uploads\/cooperations--1024x682.jpg",1024,682,true],"1536x1536":["https:\/\/www.ekoenergy.org\/wp-content\/uploads\/cooperations--1536x1024.jpg",1536,1024,true],"2048x2048":["https:\/\/www.ekoenergy.org\/wp-content\/uploads\/cooperations-.jpg",2000,1333,false]},"uagb_author_info":{"display_name":"EKOenergy ecolabel","author_link":"https:\/\/www.ekoenergy.org\/de\/author\/ekoenergy\/"},"uagb_comment_info":0,"uagb_excerpt":"Cooperations Entreprises Socio-Culturelles bezieht sich auf zwei Organisationen in Luxemburg: Coop\u00e9rations Asbl und Coop\u00e9rations Soci\u00e9t\u00e9 Coop\u00e9rative. Die eine ist eine gemeinn\u00fctzige soziokulturelle Organisation, die sich auf Kunst und Kultur, soziales Engagement und die Unterst\u00fctzung von Menschen bei der Erreichung ihres Potenzials konzentriert. Die andere ist ein sozio\u00f6konomisch orientiertes Unternehmen, das als Werkstatt fungiert und Menschen&hellip;","_links":{"self":[{"href":"https:\/\/www.ekoenergy.org\/de\/wp-json\/wp\/v2\/posts\/91619","targetHints":{"allow":["GET"]}}],"collection":[{"href":"https:\/\/www.ekoenergy.org\/de\/wp-json\/wp\/v2\/posts"}],"about":[{"href":"https:\/\/www.ekoenergy.org\/de\/wp-json\/wp\/v2\/types\/post"}],"author":[{"embeddable":true,"href":"https:\/\/www.ekoenergy.org\/de\/wp-json\/wp\/v2\/users\/17"}],"replies":[{"embeddable":true,"href":"https:\/\/www.ekoenergy.org\/de\/wp-json\/wp\/v2\/comments?post=91619"}],"version-history":[{"count":2,"href":"https:\/\/www.ekoenergy.org\/de\/wp-json\/wp\/v2\/posts\/91619\/revisions"}],"predecessor-version":[{"id":95881,"href":"https:\/\/www.ekoenergy.org\/de\/wp-json\/wp\/v2\/posts\/91619\/revisions\/95881"}],"wp:featuredmedia":[{"embeddable":true,"href":"https:\/\/www.ekoenergy.org\/de\/wp-json\/wp\/v2\/media\/91598"}],"wp:attachment":[{"href":"https:\/\/www.ekoenergy.org\/de\/wp-json\/wp\/v2\/media?parent=91619"}],"wp:term":[{"taxonomy":"category","embeddable":true,"href":"https:\/\/www.ekoenergy.org\/de\/wp-json\/wp\/v2\/categories?post=91619"},{"taxonomy":"post_tag","embeddable":true,"href":"https:\/\/www.ekoenergy.org\/de\/wp-json\/wp\/v2\/tags?post=91619"}],"curies":[{"name":"wp","href":"https:\/\/api.w.org\/{rel}","templated":true}]}}