{"id":111518,"date":"2022-02-23T08:57:54","date_gmt":"2022-02-23T06:57:54","guid":{"rendered":"https:\/\/www.ekoenergy.org\/?p=111518"},"modified":"2022-03-03T16:46:59","modified_gmt":"2022-03-03T14:46:59","slug":"leading-ev-charging-network-virta-uses-ekoenergy","status":"publish","type":"post","link":"https:\/\/www.ekoenergy.org\/fr\/leading-ev-charging-network-virta-uses-ekoenergy\/","title":{"rendered":"Virta, la plateforme de recharge VE, utilise EKO\u00e9nergie"},"content":{"rendered":"\n<figure class=\"wp-block-image size-large\"><img fetchpriority=\"high\" decoding=\"async\" width=\"1024\" height=\"682\" src=\"https:\/\/www.ekoenergy.org\/wp-content\/uploads\/\/Virta-Global-charging-EKOenergy-Ville-Vappula-Virta-1100-1024x682.jpg\" alt=\"\" class=\"wp-image-111495\" srcset=\"https:\/\/www.ekoenergy.org\/wp-content\/uploads\/Virta-Global-charging-EKOenergy-Ville-Vappula-Virta-1100-1024x682.jpg 1024w, https:\/\/www.ekoenergy.org\/wp-content\/uploads\/Virta-Global-charging-EKOenergy-Ville-Vappula-Virta-1100-320x213.jpg 320w, https:\/\/www.ekoenergy.org\/wp-content\/uploads\/Virta-Global-charging-EKOenergy-Ville-Vappula-Virta-1100-768x512.jpg 768w, https:\/\/www.ekoenergy.org\/wp-content\/uploads\/Virta-Global-charging-EKOenergy-Ville-Vappula-Virta-1100.jpg 1100w\" sizes=\"(max-width: 1024px) 100vw, 1024px\" \/><\/figure>\n\n\n\n<div style=\"height:20px\" aria-hidden=\"true\" class=\"wp-block-spacer\"><\/div>\n\n\n\n<h3 class=\"wp-block-heading\" id=\"customer-preference-in-favour-of-charging-electric-vehicles-with-renewables\"><strong>Les utilisateurs pr\u00e9f\u00e8rent aujourd\u2019hui recharger leur v\u00e9hicule \u00e9lectrique avec de l\u2019\u00e9nergie renouvelable<\/strong><\/h3>\n\n\n\n<p>En Europe, un cinqui\u00e8rme des \u00e9missions de gaz \u00e0 effet de serre provient du secteur des transports &#8211; 78 % d\u2019entre elles proviennent des transports routiers. Une enqu\u00eate aupr\u00e8s des clients men\u00e9e par l\u2019entreprise Virta en d\u00e9cembre 2021, a montr\u00e9 que pr\u00e8s de 80 % des r\u00e9pondants pr\u00e9f\u00e9reraient charger leur v\u00e9hicule \u00e9lectrique exclusivement avec de l\u2019\u00e9lectricit\u00e9 renouvelable, ou pr\u00e9f\u00e9reraient utiliser de l&rsquo;\u00e9lectricit\u00e9 renouvelable ind\u00e9pendamment du temps, du lieu et du prix. Par cette d\u00e9cision de choisir EKO\u00e9nergie, Virta a r\u00e9pondu \u00e0 la demande de ses clients.<\/p>\n\n\n\n<p>Environ 6,000 points de recharges du r\u00e9seau Virta en Finlande sont d\u00e9sormais aliment\u00e9s par de l\u2019\u00e9nergie \u00e9olienne finlandaise, labellis\u00e9e EKO\u00e9nergie. Cela signifie qu&rsquo;aujourd&rsquo;hui, les utilisateurs de la plate-forme Virta en Finlande chargent leurs batteries de v\u00e9hicules \u00e9lectriques avec une \u00e9nergie renouvelable et durable qui respecte les crit\u00e8res EKO\u00e9nergie.<\/p>\n\n\n\n<p>Virta veut aussi permettre \u00e0 ces utilisateurs d&rsquo;utiliser l&rsquo;\u00e9nergie \u00e9olienne renouvelable certifi\u00e9e EKOenergy en dehors de la Finlande. Gr\u00e2ce \u00e0 son service Virta Origin, la plateforme de recharge de VE permet \u00e0 ses entreprises partenaires de choisir et de passer facilement \u00e0 l\u2019utilisation d\u2019\u00e9nergie renouvelable labeliss\u00e9e par notre \u00e9colabel.<\/p>\n\n\n\n<h3 class=\"wp-block-heading\" id=\"virta-going-the-extra-mile-with-ekoenergy-to-amplify-the-positive-impact-of-renewable-electricity\"><strong>Virta fait un pas de plus avec EKO\u00e9nergie, pour faire avancer l\u2019impact positif de l\u2019\u00e9lectricit\u00e9 renouvelable<\/strong><\/h3>\n\n\n\n<p>Un r\u00e9cent rapport publi\u00e9 par l\u2019ONG International Council on Clean Transportation souligne que les \u00e9missions de gaz \u00e0 effet de serre produites par les v\u00e9hicules \u00e9lectriques aliment\u00e9s avec 100 % d\u2019\u00e9nergie renouvelable, ne repr\u00e9sentent qu\u2019environ 19% des \u00e9missions produites par les v\u00e9hicules \u00e0 moteur \u00e0 combustion interne &#8211; ce chiffre inclut \u00e9galement les \u00e9missions li\u00e9es au cycle de vie de la fabrication des batteries.<\/p>\n\n\n\n<p>Charger des v\u00e9hicules avec de l\u2019\u00e9nergie renouvelable labellis\u00e9e EKO\u00e9nergie, c\u2019est amplifier l\u2019impact positif des \u00e9nergies renouvelables. L\u2019\u00e9nergie labellis\u00e9e EKO\u00e9nergie est non seulement 100 % renouvelables, mais elle provient \u00e9galement d\u2019installations remplissant des crit\u00e8res de durabilit\u00e9s suppl\u00e9mentaires. L\u2019utilisation d\u2019\u00e9nergie labellis\u00e9e EKO\u00e9nergie permet en plus de collecter des fonds pour financer de nouveaux projets d\u2019\u00e9nergie renouvelable r\u00e9pondant aux Objectifs de D\u00e9veloppement Durable (ODD) de l\u2019ONU, dans des r\u00e9gions du monde o\u00f9 la pr\u00e9carit\u00e9 \u00e9nerg\u00e9tique est une r\u00e9alit\u00e9.<\/p>\n\n\n\n<blockquote class=\"wp-block-quote is-layout-flow wp-block-quote-is-layout-flow\"><p>\u00ab&nbsp;La transition \u00e9nerg\u00e9tique est fondamentale pour lutter contre le r\u00e9chauffement climatique. C\u2019est techniquement possible et \u00e9conomiquement viable. En choisissant l\u2019\u00e9nergie renouvelable labellis\u00e9e EKO\u00e9nergie, nous faisons un choix respectueux de l\u2019environnement pour nos clients et acc\u00e9l\u00e9rons la transition \u00e9nerg\u00e9tique en cours actuellement.&nbsp;\u00bb<\/p><cite>Elias P\u00f6yry, Directeur g\u00e9n\u00e9ral de Virta<\/cite><\/blockquote>\n\n\n\n<p>Nous remercions Virta pour avoir choisi EKO\u00e9nergie et permettre \u00e0 ses clients et utilisateurs d\u2019avoir un impact environnemental positif suppl\u00e9mentaire.<\/p>\n\n\n\n<div style=\"height:20px\" aria-hidden=\"true\" class=\"wp-block-spacer\"><\/div>\n\n\n\n<p><em><a href=\"https:\/\/www.virta.global\/fr\/\">Virta<\/a> est une entreprise fond\u00e9e en 2013 \u00e0 Helsinki. Pour la troisi\u00e8me ann\u00e9e cons\u00e9cutive, elle figure parmi les 1000 soci\u00e9t\u00e9s europ\u00e9ennes les plus performantes du quotidien britannique Financial Times. Virta d\u00e9veloppe et met \u00e0 disposition une plateforme num\u00e9rique intelligente pour la recharge de v\u00e9hicules \u00e9lectriques. Cette plateforme permet \u00e0 l\u2019utilisateur d\u2019avoir toutes les op\u00e9rations li\u00e9es \u00e0 la recharge &#8211; de l\u2019authentification de l\u2019utilisateur, la gestion du planning des recharges et la facturation \u00e0 la r\u00e9gulation flexible de la capacit\u00e9 de recharge et l\u2019utilisation du r\u00e9seau. Le r\u00e9seau Virta, combin\u00e9 avec celui de ses partenaires et des utilisateurs de la plateforme, couvre plus de 50 pays et comprend d\u00e9j\u00e0 plus de 500 000 points de recharge.<\/em><\/p>\n\n\n\n<p><\/p>\n\n\n\n<div style=\"height:20px\" aria-hidden=\"true\" class=\"wp-block-spacer\"><\/div>\n\n\n\n<p>Publi\u00e9 le 23 F\u00e9vrier 2022 &#8211; Photo : Ville Vappula \/ Virta<\/p>\n","protected":false},"excerpt":{"rendered":"<p>Les utilisateurs pr\u00e9f\u00e8rent aujourd\u2019hui recharger leur v\u00e9hicule \u00e9lectrique avec de l\u2019\u00e9nergie renouvelable En Europe, un cinqui\u00e8rme des \u00e9missions de gaz \u00e0 effet de serre provient du secteur des transports &#8211; 78 % d\u2019entre elles proviennent des transports routiers. Une enqu\u00eate aupr\u00e8s des clients men\u00e9e par l\u2019entreprise Virta en d\u00e9cembre 2021, a montr\u00e9 que pr\u00e8s de [&hellip;]<\/p>\n","protected":false},"author":2,"featured_media":111495,"comment_status":"closed","ping_status":"closed","sticky":false,"template":"","format":"standard","meta":{"inline_featured_image":false,"_uag_custom_page_level_css":"","site-sidebar-layout":"default","site-content-layout":"","ast-site-content-layout":"default","site-content-style":"default","site-sidebar-style":"default","ast-global-header-display":"","ast-banner-title-visibility":"","ast-main-header-display":"","ast-hfb-above-header-display":"","ast-hfb-below-header-display":"","ast-hfb-mobile-header-display":"","site-post-title":"","ast-breadcrumbs-content":"","ast-featured-img":"","footer-sml-layout":"","ast-disable-related-posts":"","theme-transparent-header-meta":"","adv-header-id-meta":"","stick-header-meta":"","header-above-stick-meta":"","header-main-stick-meta":"","header-below-stick-meta":"","astra-migrate-meta-layouts":"default","ast-page-background-enabled":"default","ast-page-background-meta":{"desktop":{"background-color":"","background-image":"","background-repeat":"repeat","background-position":"center center","background-size":"auto","background-attachment":"scroll","background-type":"","background-media":"","overlay-type":"","overlay-color":"","overlay-opacity":"","overlay-gradient":""},"tablet":{"background-color":"","background-image":"","background-repeat":"repeat","background-position":"center center","background-size":"auto","background-attachment":"scroll","background-type":"","background-media":"","overlay-type":"","overlay-color":"","overlay-opacity":"","overlay-gradient":""},"mobile":{"background-color":"","background-image":"","background-repeat":"repeat","background-position":"center center","background-size":"auto","background-attachment":"scroll","background-type":"","background-media":"","overlay-type":"","overlay-color":"","overlay-opacity":"","overlay-gradient":""}},"ast-content-background-meta":{"desktop":{"background-color":"var(--ast-global-color-5)","background-image":"","background-repeat":"repeat","background-position":"center center","background-size":"auto","background-attachment":"scroll","background-type":"","background-media":"","overlay-type":"","overlay-color":"","overlay-opacity":"","overlay-gradient":""},"tablet":{"background-color":"var(--ast-global-color-5)","background-image":"","background-repeat":"repeat","background-position":"center center","background-size":"auto","background-attachment":"scroll","background-type":"","background-media":"","overlay-type":"","overlay-color":"","overlay-opacity":"","overlay-gradient":""},"mobile":{"background-color":"var(--ast-global-color-5)","background-image":"","background-repeat":"repeat","background-position":"center center","background-size":"auto","background-attachment":"scroll","background-type":"","background-media":"","overlay-type":"","overlay-color":"","overlay-opacity":"","overlay-gradient":""}},"footnotes":""},"categories":[199,481],"tags":[],"class_list":["post-111518","post","type-post","status-publish","format-standard","has-post-thumbnail","hentry","category-news-fr","category-user-stories-fr"],"yoast_head":"<!-- This site is optimized with the Yoast SEO plugin v27.3 - https:\/\/yoast.com\/product\/yoast-seo-wordpress\/ -->\n<title>Virta, la plateforme de recharge VE, utilise EKO\u00e9nergie - EKOenergy ecolabel<\/title>\n<meta name=\"description\" content=\"Virta&#039;s charging points in Finland are powered with 100% EKOenergy-labelled wind power. Virta will expand the use of EKOenergy to other countries too.\" \/>\n<meta name=\"robots\" content=\"index, follow, max-snippet:-1, max-image-preview:large, max-video-preview:-1\" \/>\n<link rel=\"canonical\" href=\"https:\/\/www.ekoenergy.org\/fr\/leading-ev-charging-network-virta-uses-ekoenergy\/\" \/>\n<meta property=\"og:locale\" content=\"fr_FR\" \/>\n<meta property=\"og:type\" content=\"article\" \/>\n<meta property=\"og:title\" content=\"Virta, la plateforme de recharge VE, utilise EKO\u00e9nergie - EKOenergy ecolabel\" \/>\n<meta property=\"og:description\" content=\"Virta&#039;s charging points in Finland are powered with 100% EKOenergy-labelled wind power. Virta will expand the use of EKOenergy to other countries too.\" \/>\n<meta property=\"og:url\" content=\"https:\/\/www.ekoenergy.org\/fr\/leading-ev-charging-network-virta-uses-ekoenergy\/\" \/>\n<meta property=\"og:site_name\" content=\"EKOenergy ecolabel\" \/>\n<meta property=\"article:publisher\" content=\"https:\/\/www.facebook.com\/EKOenergy.ecolabel\/\" \/>\n<meta property=\"article:published_time\" content=\"2022-02-23T06:57:54+00:00\" \/>\n<meta property=\"article:modified_time\" content=\"2022-03-03T14:46:59+00:00\" \/>\n<meta property=\"og:image\" content=\"https:\/\/www.ekoenergy.org\/wp-content\/uploads\/Virta-Global-charging-EKOenergy-Ville-Vappula-Virta-1100.jpg\" \/>\n\t<meta property=\"og:image:width\" content=\"1100\" \/>\n\t<meta property=\"og:image:height\" content=\"733\" \/>\n\t<meta property=\"og:image:type\" content=\"image\/jpeg\" \/>\n<meta name=\"author\" content=\"Steven Vanholme\" \/>\n<meta name=\"twitter:card\" content=\"summary_large_image\" \/>\n<meta name=\"twitter:creator\" content=\"@EKOenergy_\" \/>\n<meta name=\"twitter:site\" content=\"@EKOenergy_\" \/>\n<meta name=\"twitter:label1\" content=\"\u00c9crit par\" \/>\n\t<meta name=\"twitter:data1\" content=\"Steven Vanholme\" \/>\n\t<meta name=\"twitter:label2\" content=\"Dur\u00e9e de lecture estim\u00e9e\" \/>\n\t<meta name=\"twitter:data2\" content=\"3 minutes\" \/>\n<script type=\"application\/ld+json\" class=\"yoast-schema-graph\">{\"@context\":\"https:\\\/\\\/schema.org\",\"@graph\":[{\"@type\":\"Article\",\"@id\":\"https:\\\/\\\/www.ekoenergy.org\\\/fr\\\/leading-ev-charging-network-virta-uses-ekoenergy\\\/#article\",\"isPartOf\":{\"@id\":\"https:\\\/\\\/www.ekoenergy.org\\\/fr\\\/leading-ev-charging-network-virta-uses-ekoenergy\\\/\"},\"author\":{\"name\":\"Steven Vanholme\",\"@id\":\"https:\\\/\\\/www.ekoenergy.org\\\/fr\\\/#\\\/schema\\\/person\\\/21444e1bd72d5e9e9961c611c50e33f4\"},\"headline\":\"Virta, la plateforme de recharge VE, utilise EKO\u00e9nergie\",\"datePublished\":\"2022-02-23T06:57:54+00:00\",\"dateModified\":\"2022-03-03T14:46:59+00:00\",\"mainEntityOfPage\":{\"@id\":\"https:\\\/\\\/www.ekoenergy.org\\\/fr\\\/leading-ev-charging-network-virta-uses-ekoenergy\\\/\"},\"wordCount\":635,\"publisher\":{\"@id\":\"https:\\\/\\\/www.ekoenergy.org\\\/fr\\\/#organization\"},\"image\":{\"@id\":\"https:\\\/\\\/www.ekoenergy.org\\\/fr\\\/leading-ev-charging-network-virta-uses-ekoenergy\\\/#primaryimage\"},\"thumbnailUrl\":\"https:\\\/\\\/www.ekoenergy.org\\\/wp-content\\\/uploads\\\/Virta-Global-charging-EKOenergy-Ville-Vappula-Virta-1100.jpg\",\"articleSection\":[\"News\",\"User stories\"],\"inLanguage\":\"fr-FR\"},{\"@type\":\"WebPage\",\"@id\":\"https:\\\/\\\/www.ekoenergy.org\\\/fr\\\/leading-ev-charging-network-virta-uses-ekoenergy\\\/\",\"url\":\"https:\\\/\\\/www.ekoenergy.org\\\/fr\\\/leading-ev-charging-network-virta-uses-ekoenergy\\\/\",\"name\":\"Virta, la plateforme de recharge VE, utilise EKO\u00e9nergie - EKOenergy ecolabel\",\"isPartOf\":{\"@id\":\"https:\\\/\\\/www.ekoenergy.org\\\/fr\\\/#website\"},\"primaryImageOfPage\":{\"@id\":\"https:\\\/\\\/www.ekoenergy.org\\\/fr\\\/leading-ev-charging-network-virta-uses-ekoenergy\\\/#primaryimage\"},\"image\":{\"@id\":\"https:\\\/\\\/www.ekoenergy.org\\\/fr\\\/leading-ev-charging-network-virta-uses-ekoenergy\\\/#primaryimage\"},\"thumbnailUrl\":\"https:\\\/\\\/www.ekoenergy.org\\\/wp-content\\\/uploads\\\/Virta-Global-charging-EKOenergy-Ville-Vappula-Virta-1100.jpg\",\"datePublished\":\"2022-02-23T06:57:54+00:00\",\"dateModified\":\"2022-03-03T14:46:59+00:00\",\"description\":\"Virta's charging points in Finland are powered with 100% EKOenergy-labelled wind power. Virta will expand the use of EKOenergy to other countries too.\",\"breadcrumb\":{\"@id\":\"https:\\\/\\\/www.ekoenergy.org\\\/fr\\\/leading-ev-charging-network-virta-uses-ekoenergy\\\/#breadcrumb\"},\"inLanguage\":\"fr-FR\",\"potentialAction\":[{\"@type\":\"ReadAction\",\"target\":[\"https:\\\/\\\/www.ekoenergy.org\\\/fr\\\/leading-ev-charging-network-virta-uses-ekoenergy\\\/\"]}]},{\"@type\":\"ImageObject\",\"inLanguage\":\"fr-FR\",\"@id\":\"https:\\\/\\\/www.ekoenergy.org\\\/fr\\\/leading-ev-charging-network-virta-uses-ekoenergy\\\/#primaryimage\",\"url\":\"https:\\\/\\\/www.ekoenergy.org\\\/wp-content\\\/uploads\\\/Virta-Global-charging-EKOenergy-Ville-Vappula-Virta-1100.jpg\",\"contentUrl\":\"https:\\\/\\\/www.ekoenergy.org\\\/wp-content\\\/uploads\\\/Virta-Global-charging-EKOenergy-Ville-Vappula-Virta-1100.jpg\",\"width\":1100,\"height\":733},{\"@type\":\"BreadcrumbList\",\"@id\":\"https:\\\/\\\/www.ekoenergy.org\\\/fr\\\/leading-ev-charging-network-virta-uses-ekoenergy\\\/#breadcrumb\",\"itemListElement\":[{\"@type\":\"ListItem\",\"position\":1,\"name\":\"Home\",\"item\":\"https:\\\/\\\/www.ekoenergy.org\\\/fr\\\/\"},{\"@type\":\"ListItem\",\"position\":2,\"name\":\"Virta, la plateforme de recharge VE, utilise EKO\u00e9nergie\"}]},{\"@type\":\"WebSite\",\"@id\":\"https:\\\/\\\/www.ekoenergy.org\\\/fr\\\/#website\",\"url\":\"https:\\\/\\\/www.ekoenergy.org\\\/fr\\\/\",\"name\":\"EKOenergy ecolabel\",\"description\":\"The global nonprofit ecolabel for renewable energy\",\"publisher\":{\"@id\":\"https:\\\/\\\/www.ekoenergy.org\\\/fr\\\/#organization\"},\"potentialAction\":[{\"@type\":\"SearchAction\",\"target\":{\"@type\":\"EntryPoint\",\"urlTemplate\":\"https:\\\/\\\/www.ekoenergy.org\\\/fr\\\/?s={search_term_string}\"},\"query-input\":{\"@type\":\"PropertyValueSpecification\",\"valueRequired\":true,\"valueName\":\"search_term_string\"}}],\"inLanguage\":\"fr-FR\"},{\"@type\":\"Organization\",\"@id\":\"https:\\\/\\\/www.ekoenergy.org\\\/fr\\\/#organization\",\"name\":\"Not-for-profit Organisation EKOenergy\",\"url\":\"https:\\\/\\\/www.ekoenergy.org\\\/fr\\\/\",\"logo\":{\"@type\":\"ImageObject\",\"inLanguage\":\"fr-FR\",\"@id\":\"https:\\\/\\\/www.ekoenergy.org\\\/fr\\\/#\\\/schema\\\/logo\\\/image\\\/\",\"url\":\"https:\\\/\\\/www.ekoenergy.org\\\/wp-content\\\/uploads\\\/logo-EKOenergy-no-text.jpg\",\"contentUrl\":\"https:\\\/\\\/www.ekoenergy.org\\\/wp-content\\\/uploads\\\/logo-EKOenergy-no-text.jpg\",\"width\":1600,\"height\":1600,\"caption\":\"Not-for-profit Organisation EKOenergy\"},\"image\":{\"@id\":\"https:\\\/\\\/www.ekoenergy.org\\\/fr\\\/#\\\/schema\\\/logo\\\/image\\\/\"},\"sameAs\":[\"https:\\\/\\\/www.facebook.com\\\/EKOenergy.ecolabel\\\/\",\"https:\\\/\\\/x.com\\\/EKOenergy_\",\"https:\\\/\\\/www.instagram.com\\\/ekoenergy\\\/\",\"https:\\\/\\\/www.linkedin.com\\\/company\\\/ekoenergy-ecolabel\\\/\",\"https:\\\/\\\/www.youtube.com\\\/EKOenergy-ecolabel\",\"https:\\\/\\\/en.wikipedia.org\\\/wiki\\\/EKOenergy\"]},{\"@type\":\"Person\",\"@id\":\"https:\\\/\\\/www.ekoenergy.org\\\/fr\\\/#\\\/schema\\\/person\\\/21444e1bd72d5e9e9961c611c50e33f4\",\"name\":\"Steven Vanholme\",\"image\":{\"@type\":\"ImageObject\",\"inLanguage\":\"fr-FR\",\"@id\":\"https:\\\/\\\/secure.gravatar.com\\\/avatar\\\/f99c9eea0dbfa3f163e1bfeb0842dbafe6ea1d33375ef30b2eb770f7ce6973f6?s=96&d=mm&r=g\",\"url\":\"https:\\\/\\\/secure.gravatar.com\\\/avatar\\\/f99c9eea0dbfa3f163e1bfeb0842dbafe6ea1d33375ef30b2eb770f7ce6973f6?s=96&d=mm&r=g\",\"contentUrl\":\"https:\\\/\\\/secure.gravatar.com\\\/avatar\\\/f99c9eea0dbfa3f163e1bfeb0842dbafe6ea1d33375ef30b2eb770f7ce6973f6?s=96&d=mm&r=g\",\"caption\":\"Steven Vanholme\"},\"url\":\"https:\\\/\\\/www.ekoenergy.org\\\/fr\\\/author\\\/svanholme\\\/\"}]}<\/script>\n<!-- \/ Yoast SEO plugin. -->","yoast_head_json":{"title":"Virta, la plateforme de recharge VE, utilise EKO\u00e9nergie - EKOenergy ecolabel","description":"Virta's charging points in Finland are powered with 100% EKOenergy-labelled wind power. Virta will expand the use of EKOenergy to other countries too.","robots":{"index":"index","follow":"follow","max-snippet":"max-snippet:-1","max-image-preview":"max-image-preview:large","max-video-preview":"max-video-preview:-1"},"canonical":"https:\/\/www.ekoenergy.org\/fr\/leading-ev-charging-network-virta-uses-ekoenergy\/","og_locale":"fr_FR","og_type":"article","og_title":"Virta, la plateforme de recharge VE, utilise EKO\u00e9nergie - EKOenergy ecolabel","og_description":"Virta's charging points in Finland are powered with 100% EKOenergy-labelled wind power. Virta will expand the use of EKOenergy to other countries too.","og_url":"https:\/\/www.ekoenergy.org\/fr\/leading-ev-charging-network-virta-uses-ekoenergy\/","og_site_name":"EKOenergy ecolabel","article_publisher":"https:\/\/www.facebook.com\/EKOenergy.ecolabel\/","article_published_time":"2022-02-23T06:57:54+00:00","article_modified_time":"2022-03-03T14:46:59+00:00","og_image":[{"width":1100,"height":733,"url":"https:\/\/www.ekoenergy.org\/wp-content\/uploads\/Virta-Global-charging-EKOenergy-Ville-Vappula-Virta-1100.jpg","type":"image\/jpeg"}],"author":"Steven Vanholme","twitter_card":"summary_large_image","twitter_creator":"@EKOenergy_","twitter_site":"@EKOenergy_","twitter_misc":{"\u00c9crit par":"Steven Vanholme","Dur\u00e9e de lecture estim\u00e9e":"3 minutes"},"schema":{"@context":"https:\/\/schema.org","@graph":[{"@type":"Article","@id":"https:\/\/www.ekoenergy.org\/fr\/leading-ev-charging-network-virta-uses-ekoenergy\/#article","isPartOf":{"@id":"https:\/\/www.ekoenergy.org\/fr\/leading-ev-charging-network-virta-uses-ekoenergy\/"},"author":{"name":"Steven Vanholme","@id":"https:\/\/www.ekoenergy.org\/fr\/#\/schema\/person\/21444e1bd72d5e9e9961c611c50e33f4"},"headline":"Virta, la plateforme de recharge VE, utilise EKO\u00e9nergie","datePublished":"2022-02-23T06:57:54+00:00","dateModified":"2022-03-03T14:46:59+00:00","mainEntityOfPage":{"@id":"https:\/\/www.ekoenergy.org\/fr\/leading-ev-charging-network-virta-uses-ekoenergy\/"},"wordCount":635,"publisher":{"@id":"https:\/\/www.ekoenergy.org\/fr\/#organization"},"image":{"@id":"https:\/\/www.ekoenergy.org\/fr\/leading-ev-charging-network-virta-uses-ekoenergy\/#primaryimage"},"thumbnailUrl":"https:\/\/www.ekoenergy.org\/wp-content\/uploads\/Virta-Global-charging-EKOenergy-Ville-Vappula-Virta-1100.jpg","articleSection":["News","User stories"],"inLanguage":"fr-FR"},{"@type":"WebPage","@id":"https:\/\/www.ekoenergy.org\/fr\/leading-ev-charging-network-virta-uses-ekoenergy\/","url":"https:\/\/www.ekoenergy.org\/fr\/leading-ev-charging-network-virta-uses-ekoenergy\/","name":"Virta, la plateforme de recharge VE, utilise EKO\u00e9nergie - EKOenergy ecolabel","isPartOf":{"@id":"https:\/\/www.ekoenergy.org\/fr\/#website"},"primaryImageOfPage":{"@id":"https:\/\/www.ekoenergy.org\/fr\/leading-ev-charging-network-virta-uses-ekoenergy\/#primaryimage"},"image":{"@id":"https:\/\/www.ekoenergy.org\/fr\/leading-ev-charging-network-virta-uses-ekoenergy\/#primaryimage"},"thumbnailUrl":"https:\/\/www.ekoenergy.org\/wp-content\/uploads\/Virta-Global-charging-EKOenergy-Ville-Vappula-Virta-1100.jpg","datePublished":"2022-02-23T06:57:54+00:00","dateModified":"2022-03-03T14:46:59+00:00","description":"Virta's charging points in Finland are powered with 100% EKOenergy-labelled wind power. Virta will expand the use of EKOenergy to other countries too.","breadcrumb":{"@id":"https:\/\/www.ekoenergy.org\/fr\/leading-ev-charging-network-virta-uses-ekoenergy\/#breadcrumb"},"inLanguage":"fr-FR","potentialAction":[{"@type":"ReadAction","target":["https:\/\/www.ekoenergy.org\/fr\/leading-ev-charging-network-virta-uses-ekoenergy\/"]}]},{"@type":"ImageObject","inLanguage":"fr-FR","@id":"https:\/\/www.ekoenergy.org\/fr\/leading-ev-charging-network-virta-uses-ekoenergy\/#primaryimage","url":"https:\/\/www.ekoenergy.org\/wp-content\/uploads\/Virta-Global-charging-EKOenergy-Ville-Vappula-Virta-1100.jpg","contentUrl":"https:\/\/www.ekoenergy.org\/wp-content\/uploads\/Virta-Global-charging-EKOenergy-Ville-Vappula-Virta-1100.jpg","width":1100,"height":733},{"@type":"BreadcrumbList","@id":"https:\/\/www.ekoenergy.org\/fr\/leading-ev-charging-network-virta-uses-ekoenergy\/#breadcrumb","itemListElement":[{"@type":"ListItem","position":1,"name":"Home","item":"https:\/\/www.ekoenergy.org\/fr\/"},{"@type":"ListItem","position":2,"name":"Virta, la plateforme de recharge VE, utilise EKO\u00e9nergie"}]},{"@type":"WebSite","@id":"https:\/\/www.ekoenergy.org\/fr\/#website","url":"https:\/\/www.ekoenergy.org\/fr\/","name":"EKOenergy ecolabel","description":"The global nonprofit ecolabel for renewable energy","publisher":{"@id":"https:\/\/www.ekoenergy.org\/fr\/#organization"},"potentialAction":[{"@type":"SearchAction","target":{"@type":"EntryPoint","urlTemplate":"https:\/\/www.ekoenergy.org\/fr\/?s={search_term_string}"},"query-input":{"@type":"PropertyValueSpecification","valueRequired":true,"valueName":"search_term_string"}}],"inLanguage":"fr-FR"},{"@type":"Organization","@id":"https:\/\/www.ekoenergy.org\/fr\/#organization","name":"Not-for-profit Organisation EKOenergy","url":"https:\/\/www.ekoenergy.org\/fr\/","logo":{"@type":"ImageObject","inLanguage":"fr-FR","@id":"https:\/\/www.ekoenergy.org\/fr\/#\/schema\/logo\/image\/","url":"https:\/\/www.ekoenergy.org\/wp-content\/uploads\/logo-EKOenergy-no-text.jpg","contentUrl":"https:\/\/www.ekoenergy.org\/wp-content\/uploads\/logo-EKOenergy-no-text.jpg","width":1600,"height":1600,"caption":"Not-for-profit Organisation EKOenergy"},"image":{"@id":"https:\/\/www.ekoenergy.org\/fr\/#\/schema\/logo\/image\/"},"sameAs":["https:\/\/www.facebook.com\/EKOenergy.ecolabel\/","https:\/\/x.com\/EKOenergy_","https:\/\/www.instagram.com\/ekoenergy\/","https:\/\/www.linkedin.com\/company\/ekoenergy-ecolabel\/","https:\/\/www.youtube.com\/EKOenergy-ecolabel","https:\/\/en.wikipedia.org\/wiki\/EKOenergy"]},{"@type":"Person","@id":"https:\/\/www.ekoenergy.org\/fr\/#\/schema\/person\/21444e1bd72d5e9e9961c611c50e33f4","name":"Steven Vanholme","image":{"@type":"ImageObject","inLanguage":"fr-FR","@id":"https:\/\/secure.gravatar.com\/avatar\/f99c9eea0dbfa3f163e1bfeb0842dbafe6ea1d33375ef30b2eb770f7ce6973f6?s=96&d=mm&r=g","url":"https:\/\/secure.gravatar.com\/avatar\/f99c9eea0dbfa3f163e1bfeb0842dbafe6ea1d33375ef30b2eb770f7ce6973f6?s=96&d=mm&r=g","contentUrl":"https:\/\/secure.gravatar.com\/avatar\/f99c9eea0dbfa3f163e1bfeb0842dbafe6ea1d33375ef30b2eb770f7ce6973f6?s=96&d=mm&r=g","caption":"Steven Vanholme"},"url":"https:\/\/www.ekoenergy.org\/fr\/author\/svanholme\/"}]}},"uagb_featured_image_src":{"full":["https:\/\/www.ekoenergy.org\/wp-content\/uploads\/Virta-Global-charging-EKOenergy-Ville-Vappula-Virta-1100.jpg",1100,733,false],"thumbnail":["https:\/\/www.ekoenergy.org\/wp-content\/uploads\/Virta-Global-charging-EKOenergy-Ville-Vappula-Virta-1100-150x150.jpg",150,150,true],"medium":["https:\/\/www.ekoenergy.org\/wp-content\/uploads\/Virta-Global-charging-EKOenergy-Ville-Vappula-Virta-1100-320x213.jpg",320,213,true],"medium_large":["https:\/\/www.ekoenergy.org\/wp-content\/uploads\/Virta-Global-charging-EKOenergy-Ville-Vappula-Virta-1100-768x512.jpg",768,512,true],"large":["https:\/\/www.ekoenergy.org\/wp-content\/uploads\/Virta-Global-charging-EKOenergy-Ville-Vappula-Virta-1100-1024x682.jpg",1024,682,true],"1536x1536":["https:\/\/www.ekoenergy.org\/wp-content\/uploads\/Virta-Global-charging-EKOenergy-Ville-Vappula-Virta-1100.jpg",1100,733,false],"2048x2048":["https:\/\/www.ekoenergy.org\/wp-content\/uploads\/Virta-Global-charging-EKOenergy-Ville-Vappula-Virta-1100.jpg",1100,733,false]},"uagb_author_info":{"display_name":"Steven Vanholme","author_link":"https:\/\/www.ekoenergy.org\/fr\/author\/svanholme\/"},"uagb_comment_info":0,"uagb_excerpt":"Les utilisateurs pr\u00e9f\u00e8rent aujourd\u2019hui recharger leur v\u00e9hicule \u00e9lectrique avec de l\u2019\u00e9nergie renouvelable En Europe, un cinqui\u00e8rme des \u00e9missions de gaz \u00e0 effet de serre provient du secteur des transports &#8211; 78 % d\u2019entre elles proviennent des transports routiers. Une enqu\u00eate aupr\u00e8s des clients men\u00e9e par l\u2019entreprise Virta en d\u00e9cembre 2021, a montr\u00e9 que pr\u00e8s de\u2026","_links":{"self":[{"href":"https:\/\/www.ekoenergy.org\/fr\/wp-json\/wp\/v2\/posts\/111518","targetHints":{"allow":["GET"]}}],"collection":[{"href":"https:\/\/www.ekoenergy.org\/fr\/wp-json\/wp\/v2\/posts"}],"about":[{"href":"https:\/\/www.ekoenergy.org\/fr\/wp-json\/wp\/v2\/types\/post"}],"author":[{"embeddable":true,"href":"https:\/\/www.ekoenergy.org\/fr\/wp-json\/wp\/v2\/users\/2"}],"replies":[{"embeddable":true,"href":"https:\/\/www.ekoenergy.org\/fr\/wp-json\/wp\/v2\/comments?post=111518"}],"version-history":[{"count":3,"href":"https:\/\/www.ekoenergy.org\/fr\/wp-json\/wp\/v2\/posts\/111518\/revisions"}],"predecessor-version":[{"id":112072,"href":"https:\/\/www.ekoenergy.org\/fr\/wp-json\/wp\/v2\/posts\/111518\/revisions\/112072"}],"wp:featuredmedia":[{"embeddable":true,"href":"https:\/\/www.ekoenergy.org\/fr\/wp-json\/wp\/v2\/media\/111495"}],"wp:attachment":[{"href":"https:\/\/www.ekoenergy.org\/fr\/wp-json\/wp\/v2\/media?parent=111518"}],"wp:term":[{"taxonomy":"category","embeddable":true,"href":"https:\/\/www.ekoenergy.org\/fr\/wp-json\/wp\/v2\/categories?post=111518"},{"taxonomy":"post_tag","embeddable":true,"href":"https:\/\/www.ekoenergy.org\/fr\/wp-json\/wp\/v2\/tags?post=111518"}],"curies":[{"name":"wp","href":"https:\/\/api.w.org\/{rel}","templated":true}]}}