{"id":39130,"date":"2019-04-15T14:35:00","date_gmt":"2019-04-15T14:35:00","guid":{"rendered":"https:\/\/www.ekoenergy.org\/carrera-jeans-supports-the-ekoenergy-fashion-campaign\/"},"modified":"2020-07-15T12:52:24","modified_gmt":"2020-07-15T12:52:24","slug":"carrera-jeans-supports-the-ekoenergy-fashion-campaign","status":"publish","type":"post","link":"https:\/\/www.ekoenergy.org\/fr\/carrera-jeans-supports-the-ekoenergy-fashion-campaign\/","title":{"rendered":"Carrera Jeans soutient la campagne sur l\u2019industrie de la mode d\u2019EKO\u00e9nergie"},"content":{"rendered":"\n<div class=\"wp-block-image\"><figure class=\"aligncenter size-large\"><img fetchpriority=\"high\" decoding=\"async\" width=\"1920\" height=\"1080\" src=\"https:\/\/www.ekoenergy.org\/wp-content\/uploads\/post-Carrera-jeans-fashion-campaign-Logos-on-jeans.png\" alt=\"\" class=\"wp-image-26806\" srcset=\"https:\/\/www.ekoenergy.org\/wp-content\/uploads\/post-Carrera-jeans-fashion-campaign-Logos-on-jeans.png 1920w, https:\/\/www.ekoenergy.org\/wp-content\/uploads\/post-Carrera-jeans-fashion-campaign-Logos-on-jeans-320x180.png 320w, https:\/\/www.ekoenergy.org\/wp-content\/uploads\/post-Carrera-jeans-fashion-campaign-Logos-on-jeans-1024x576.png 1024w, https:\/\/www.ekoenergy.org\/wp-content\/uploads\/post-Carrera-jeans-fashion-campaign-Logos-on-jeans-768x432.png 768w, https:\/\/www.ekoenergy.org\/wp-content\/uploads\/post-Carrera-jeans-fashion-campaign-Logos-on-jeans-1536x864.png 1536w\" sizes=\"(max-width: 1920px) 100vw, 1920px\" \/><\/figure><\/div>\n\n\n\n<p><a rel=\"noreferrer noopener\" href=\"https:\/\/www.carrerajeans.com\/\" target=\"_blank\">Carrera Jeans<\/a> est un fabricant de v\u00eatement italien qui a \u00e9t\u00e9 cr\u00e9\u00e9 en 1965 et qui exporte dans le monde entier. Depuis trois ans, l\u2019\u00e9nergie qui alimente les bureaux et les magasins de Carrera en Italie, en plus d\u2019\u00eatre verte, est aussi<strong> 100% EKO\u00e9nergie<\/strong>. \u00c0 l\u2019occasion de notre r\u00e9cente campagne <a rel=\"noreferrer noopener\" aria-label=\"Passion for Green Fashion campaign (opens in a new tab)\" href=\"https:\/\/www.ekoenergy.org\/wp-content\/uploads\/Fashion-campaign-Leaflet-English.pdf\" target=\"_blank\">Passion for Green Fashion campaign<\/a>, visant \u00e0 encourager les entreprises de mode \u00e0 utiliser les \u00e9nergies renouvelables, le PDG de Carrera Jeans \u2013 Gianluca Tacchella \u2013 a accept\u00e9 de r\u00e9pondre \u00e0 nos questions. Ses r\u00e9ponses nous ont surpris et nous ont permis de d\u00e9couvrir des aspects int\u00e9ressants et positifs de cette entreprise que nous ne connaissions pas.<\/p>\n\n\n\n<p><strong><strong>Qu\u2019est-ce qui vous a conduit \u00e0 choisir EKO\u00e9nergie ?<\/strong><\/strong><\/p>\n\n\n\n<p><em><em>Un jour, mon grand-p\u00e8re m\u2019a dit : \u00ab&nbsp;Si tu laisses \u00e0 tes enfants un endroit pire que celui que je t\u2019ai laiss\u00e9, je ne vois pas l\u2019utilit\u00e9 de ta venue sur Terre.&nbsp;\u00bb C\u2019est la philosophie sur laquelle repose notre entreprise. Apr\u00e8s avoir install\u00e9 nos premiers panneaux solaires sur le toit de nos entrep\u00f4ts, nous avons d\u00e9cid\u00e9 d\u2019augmenter notre consommation d\u2019\u00e9nergie renouvelable et, gr\u00e2ce \u00e0<\/em> ForGreen,  <em>nous avons eu la possibilit\u00e9 d\u2019utiliser de l\u2019\u00e9nergie renouvelable dans tous nos magasins en Italie. Chez Carrera, nous essayons d\u2019appliquer la durabilit\u00e9 \u00e0 360\u00b0. Nous ne le faisons pas sp\u00e9cifiquement pour donner \u00e0 la marque une image plus verte et plus durable, en fait nous ne le crions pas sur tous les toits. Nous le faisons parce qu\u2019il est juste de le faire, parce que c\u2019est \u00e9thique et parce que nous voulons assumer la responsabilit\u00e9 de nos actes.<\/em><\/em><\/p>\n\n\n\n<p><strong><strong>Ne pensez-vous pas qu\u2019il est important de d\u00e9clarer votre durabilit\u00e9 pour faire passer un message positif et encourager d\u2019autres compagnies \u00e0 faire de m\u00eame ?<\/strong><\/strong><\/p>\n\n\n\n<p><em><em>l y a beaucoup de grandes entreprises de mode qui se pr\u00e9occupent de d\u00e9clarer \u00e0 quel point elles sont vertes et engag\u00e9es \u00e0 construire un monde meilleur ; et tout aussi nombreux sont les scandales qui remplissent les pages des journaux qui concernent ces m\u00eames entreprises. Je pense qu\u2019une d\u00e9claration de durabilit\u00e9 d\u2019une tierce partie, \u00e0 savoir le <a href=\"https:\/\/www.ekoenergy.org\/fr\/ecolabel\/\">label EKO\u00e9nergie<\/a>, a plus de valeur et de cr\u00e9dibilit\u00e9 qu\u2019une auto-d\u00e9claration.<\/em><\/em><\/p>\n\n\n\n<p><strong><strong>Pensez-vous que la demande pour plus de durabilit\u00e9 au sein de l\u2019industrie de la mode augmente ?<\/strong><\/strong><\/p>\n\n\n\n<p><em><em>Je pense qu\u2019en g\u00e9n\u00e9ral, l\u2019accent est davantage mis sur la durabilit\u00e9. Cependant, nous constatons que lorsque l\u2019option durable devient trop cher pour les consommateurs, un point de rupture est atteint. Je ne pense pas qu\u2019il soit juste de bl\u00e2mer seulement les consommateurs : les grandes cha\u00eenes de v\u00eatements qui prennent la t\u00eate du march\u00e9, et qui appliquent le mod\u00e8le de la <a rel=\"noreferrer noopener\" href=\"https:\/\/fr.wikipedia.org\/wiki\/Fast_fashion\" target=\"_blank\">fast fashion<\/a>, offrent des produits \u00e0 des prix tr\u00e8s bas et les clients se sont donc habitu\u00e9s \u00e0 ces prix. Chacun d\u2019entre nous a l\u2019obligation de faire de son mieux pour \u00eatre durable, mais comme nous sommes immerg\u00e9s dans une \u00e9conomie de consommation, <strong>soit nous changeons radicalement le mode de consommation, soit l\u2019option durable devient un luxe r\u00e9serv\u00e9 aux \u00e9lites<\/strong>. Nous ne pouvons pas avoir tout ce que nous voulons et en plus avoir la durabilit\u00e9.<\/em><\/em><\/p>\n\n\n\n<p><strong><strong>Que recommanderiez-vous \u00e0 d\u2019autres entreprises du secteur qui veulent faire quelque chose de plus pour la durabilit\u00e9 et pour leur RSE? Et quel r\u00f4le joue l\u2019\u00e9nergie ?<\/strong><\/strong><\/p>\n\n\n\n<p><em><em>Je ne pense pas pouvoir dire aux autres entreprises qu\u2019est ce qui est le mieux \u00e0 faire parce que chaque entreprise est un monde diff\u00e9rent, une entit\u00e9 complexe qui exige que les revenus couvrent les co\u00fbts. Nous utilisons l\u2019\u00e9nergie verte parce que nous pensons que c\u2019est juste et parce que nous nous soucions de l\u2019avenir de notre plan\u00e8te, mais aussi parce que nous pouvons la soutenir \u00e9conomiquement. Ce ne serait pas possible autrement. En ce sens, il est positif de constater que le march\u00e9 des \u00e9nergies renouvelables est en croissance et que les prix deviennent de plus en plus comp\u00e9titifs. Et pour que cette tendance du march\u00e9 de l\u2019\u00e9nergie se poursuive, il est <strong>essentiel que de plus en plus d\u2019entreprises participent au processus de transition vers les \u00e9nergies renouvelables<\/strong>.<\/em><\/em><\/p>\n\n\n\n<p>We thank Carrera Jeans for choosing EKOenergy and we thank our Italian licensed seller ForGreen for making it possible. We also thank  Gianluca Tacchella for his time and for his patience in answering our questions. EKOenergy works every day to help individuals and companies to find the most sustainable renewable energy and to facilitate the transition towards a 100% renewable world. We hope that this positive example from Italy can be an inspiratioNous remercions Carrera Jeans d\u2019avoir choisi EKO\u00e9nergie et nous remercions notre fournisseur italien ForGreen de l\u2019avoir rendu possible. <\/p>\n\n\n\n<p>Nous remercions \u00e9galement Gianluca Tacchella pour son temps et sa patience \u00e0 r\u00e9pondre \u00e0 nos questions. EKO\u00e9nergie travaille chaque jour pour aider les particuliers et les entreprises \u00e0 trouver l\u2019\u00e9nergie renouvelable la plus durable et pour faciliter la transition vers un monde 100% renouvelable. Nous esp\u00e9rons que cet exemple positif de l\u2019Italie pourra inspirer d\u2019autres entreprises du secteur.<\/p>\n\n\n\n<p>Si vous travaillez dans l\u2019industrie de la mode et \u00eates int\u00e9ress\u00e9 \u00e0 rejoindre notre campagne, n\u2019h\u00e9sitez pas \u00e0 <a href=\"https:\/\/www.ekoenergy.org\/fr\/about-us\/contact-us\/\">nous contacter<\/a>!<\/p>\n\n\n\n<p>Ecrit par Valeria Pauletti <br>Post\u00e9 le 25 Avril 2019<\/p>\n","protected":false},"excerpt":{"rendered":"<p>Carrera Jeans est un fabricant de v\u00eatement italien qui a \u00e9t\u00e9 cr\u00e9\u00e9 en 1965 et qui exporte dans le monde entier. Depuis trois ans, l\u2019\u00e9nergie qui alimente les bureaux et les magasins de Carrera en Italie, en plus d\u2019\u00eatre verte, est aussi 100% EKO\u00e9nergie. \u00c0 l\u2019occasion de notre r\u00e9cente campagne Passion for Green Fashion campaign, [&hellip;]<\/p>\n","protected":false},"author":17,"featured_media":26806,"comment_status":"closed","ping_status":"open","sticky":false,"template":"","format":"standard","meta":{"inline_featured_image":false,"_uag_custom_page_level_css":"","site-sidebar-layout":"default","site-content-layout":"default","ast-site-content-layout":"default","site-content-style":"default","site-sidebar-style":"default","ast-global-header-display":"","ast-banner-title-visibility":"","ast-main-header-display":"","ast-hfb-above-header-display":"","ast-hfb-below-header-display":"","ast-hfb-mobile-header-display":"","site-post-title":"","ast-breadcrumbs-content":"","ast-featured-img":"","footer-sml-layout":"","ast-disable-related-posts":"","theme-transparent-header-meta":"default","adv-header-id-meta":"","stick-header-meta":"default","header-above-stick-meta":"","header-main-stick-meta":"","header-below-stick-meta":"","astra-migrate-meta-layouts":"default","ast-page-background-enabled":"default","ast-page-background-meta":{"desktop":{"background-color":"","background-image":"","background-repeat":"repeat","background-position":"center center","background-size":"auto","background-attachment":"scroll","background-type":"","background-media":"","overlay-type":"","overlay-color":"","overlay-opacity":"","overlay-gradient":""},"tablet":{"background-color":"","background-image":"","background-repeat":"repeat","background-position":"center center","background-size":"auto","background-attachment":"scroll","background-type":"","background-media":"","overlay-type":"","overlay-color":"","overlay-opacity":"","overlay-gradient":""},"mobile":{"background-color":"","background-image":"","background-repeat":"repeat","background-position":"center center","background-size":"auto","background-attachment":"scroll","background-type":"","background-media":"","overlay-type":"","overlay-color":"","overlay-opacity":"","overlay-gradient":""}},"ast-content-background-meta":{"desktop":{"background-color":"var(--ast-global-color-5)","background-image":"","background-repeat":"repeat","background-position":"center center","background-size":"auto","background-attachment":"scroll","background-type":"","background-media":"","overlay-type":"","overlay-color":"","overlay-opacity":"","overlay-gradient":""},"tablet":{"background-color":"var(--ast-global-color-5)","background-image":"","background-repeat":"repeat","background-position":"center center","background-size":"auto","background-attachment":"scroll","background-type":"","background-media":"","overlay-type":"","overlay-color":"","overlay-opacity":"","overlay-gradient":""},"mobile":{"background-color":"var(--ast-global-color-5)","background-image":"","background-repeat":"repeat","background-position":"center center","background-size":"auto","background-attachment":"scroll","background-type":"","background-media":"","overlay-type":"","overlay-color":"","overlay-opacity":"","overlay-gradient":""}},"footnotes":""},"categories":[481],"tags":[497,433,464],"class_list":["post-39130","post","type-post","status-publish","format-standard","has-post-thumbnail","hentry","category-user-stories-fr","tag-100-renewable-fr","tag-interview-fr","tag-using-the-ekoenergy-logo-fr"],"yoast_head":"<!-- This site is optimized with the Yoast SEO plugin v27.3 - https:\/\/yoast.com\/product\/yoast-seo-wordpress\/ -->\n<title>Carrera Jeans soutient la campagne sur l\u2019industrie de la mode d\u2019EKO\u00e9nergie - EKOenergy ecolabel<\/title>\n<meta name=\"description\" content=\"Carrera Jeans est un fabricant italien de v\u00eatements qui a \u00e9t\u00e9 cr\u00e9\u00e9 en 1965 et qui exporte dans le monde entier. Depuis trois ans, elle utilise EKO\u00e9nergie.\" \/>\n<meta name=\"robots\" content=\"index, follow, max-snippet:-1, max-image-preview:large, max-video-preview:-1\" \/>\n<link rel=\"canonical\" href=\"https:\/\/www.ekoenergy.org\/fr\/carrera-jeans-supports-the-ekoenergy-fashion-campaign\/\" \/>\n<meta property=\"og:locale\" content=\"fr_FR\" \/>\n<meta property=\"og:type\" content=\"article\" \/>\n<meta property=\"og:title\" content=\"Carrera Jeans soutient la campagne sur l\u2019industrie de la mode d\u2019EKO\u00e9nergie - EKOenergy ecolabel\" \/>\n<meta property=\"og:description\" content=\"Carrera Jeans est un fabricant italien de v\u00eatements qui a \u00e9t\u00e9 cr\u00e9\u00e9 en 1965 et qui exporte dans le monde entier. Depuis trois ans, elle utilise EKO\u00e9nergie.\" \/>\n<meta property=\"og:url\" content=\"https:\/\/www.ekoenergy.org\/fr\/carrera-jeans-supports-the-ekoenergy-fashion-campaign\/\" \/>\n<meta property=\"og:site_name\" content=\"EKOenergy ecolabel\" \/>\n<meta property=\"article:publisher\" content=\"https:\/\/www.facebook.com\/EKOenergy.ecolabel\/\" \/>\n<meta property=\"article:published_time\" content=\"2019-04-15T14:35:00+00:00\" \/>\n<meta property=\"article:modified_time\" content=\"2020-07-15T12:52:24+00:00\" \/>\n<meta property=\"og:image\" content=\"https:\/\/www.ekoenergy.org\/wp-content\/uploads\/post-Carrera-jeans-fashion-campaign-Logos-on-jeans.png\" \/>\n\t<meta property=\"og:image:width\" content=\"1920\" \/>\n\t<meta property=\"og:image:height\" content=\"1080\" \/>\n\t<meta property=\"og:image:type\" content=\"image\/png\" \/>\n<meta name=\"author\" content=\"EKOenergy ecolabel\" \/>\n<meta name=\"twitter:card\" content=\"summary_large_image\" \/>\n<meta name=\"twitter:creator\" content=\"@EKOenergy_\" \/>\n<meta name=\"twitter:site\" content=\"@EKOenergy_\" \/>\n<meta name=\"twitter:label1\" content=\"\u00c9crit par\" \/>\n\t<meta name=\"twitter:data1\" content=\"EKOenergy ecolabel\" \/>\n\t<meta name=\"twitter:label2\" content=\"Dur\u00e9e de lecture estim\u00e9e\" \/>\n\t<meta name=\"twitter:data2\" content=\"4 minutes\" \/>\n<script type=\"application\/ld+json\" class=\"yoast-schema-graph\">{\"@context\":\"https:\\\/\\\/schema.org\",\"@graph\":[{\"@type\":\"Article\",\"@id\":\"https:\\\/\\\/www.ekoenergy.org\\\/fr\\\/carrera-jeans-supports-the-ekoenergy-fashion-campaign\\\/#article\",\"isPartOf\":{\"@id\":\"https:\\\/\\\/www.ekoenergy.org\\\/fr\\\/carrera-jeans-supports-the-ekoenergy-fashion-campaign\\\/\"},\"author\":{\"name\":\"EKOenergy ecolabel\",\"@id\":\"https:\\\/\\\/www.ekoenergy.org\\\/fr\\\/#\\\/schema\\\/person\\\/18741ac2a7d16ef6a1efa6e9186ae079\"},\"headline\":\"Carrera Jeans soutient la campagne sur l\u2019industrie de la mode d\u2019EKO\u00e9nergie\",\"datePublished\":\"2019-04-15T14:35:00+00:00\",\"dateModified\":\"2020-07-15T12:52:24+00:00\",\"mainEntityOfPage\":{\"@id\":\"https:\\\/\\\/www.ekoenergy.org\\\/fr\\\/carrera-jeans-supports-the-ekoenergy-fashion-campaign\\\/\"},\"wordCount\":907,\"publisher\":{\"@id\":\"https:\\\/\\\/www.ekoenergy.org\\\/fr\\\/#organization\"},\"image\":{\"@id\":\"https:\\\/\\\/www.ekoenergy.org\\\/fr\\\/carrera-jeans-supports-the-ekoenergy-fashion-campaign\\\/#primaryimage\"},\"thumbnailUrl\":\"https:\\\/\\\/www.ekoenergy.org\\\/wp-content\\\/uploads\\\/post-Carrera-jeans-fashion-campaign-Logos-on-jeans.png\",\"keywords\":[\"100% renewable\",\"Interview\",\"Using the EKOenergy logo\"],\"articleSection\":[\"User stories\"],\"inLanguage\":\"fr-FR\"},{\"@type\":\"WebPage\",\"@id\":\"https:\\\/\\\/www.ekoenergy.org\\\/fr\\\/carrera-jeans-supports-the-ekoenergy-fashion-campaign\\\/\",\"url\":\"https:\\\/\\\/www.ekoenergy.org\\\/fr\\\/carrera-jeans-supports-the-ekoenergy-fashion-campaign\\\/\",\"name\":\"Carrera Jeans soutient la campagne sur l\u2019industrie de la mode d\u2019EKO\u00e9nergie - EKOenergy ecolabel\",\"isPartOf\":{\"@id\":\"https:\\\/\\\/www.ekoenergy.org\\\/fr\\\/#website\"},\"primaryImageOfPage\":{\"@id\":\"https:\\\/\\\/www.ekoenergy.org\\\/fr\\\/carrera-jeans-supports-the-ekoenergy-fashion-campaign\\\/#primaryimage\"},\"image\":{\"@id\":\"https:\\\/\\\/www.ekoenergy.org\\\/fr\\\/carrera-jeans-supports-the-ekoenergy-fashion-campaign\\\/#primaryimage\"},\"thumbnailUrl\":\"https:\\\/\\\/www.ekoenergy.org\\\/wp-content\\\/uploads\\\/post-Carrera-jeans-fashion-campaign-Logos-on-jeans.png\",\"datePublished\":\"2019-04-15T14:35:00+00:00\",\"dateModified\":\"2020-07-15T12:52:24+00:00\",\"description\":\"Carrera Jeans est un fabricant italien de v\u00eatements qui a \u00e9t\u00e9 cr\u00e9\u00e9 en 1965 et qui exporte dans le monde entier. Depuis trois ans, elle utilise EKO\u00e9nergie.\",\"breadcrumb\":{\"@id\":\"https:\\\/\\\/www.ekoenergy.org\\\/fr\\\/carrera-jeans-supports-the-ekoenergy-fashion-campaign\\\/#breadcrumb\"},\"inLanguage\":\"fr-FR\",\"potentialAction\":[{\"@type\":\"ReadAction\",\"target\":[\"https:\\\/\\\/www.ekoenergy.org\\\/fr\\\/carrera-jeans-supports-the-ekoenergy-fashion-campaign\\\/\"]}]},{\"@type\":\"ImageObject\",\"inLanguage\":\"fr-FR\",\"@id\":\"https:\\\/\\\/www.ekoenergy.org\\\/fr\\\/carrera-jeans-supports-the-ekoenergy-fashion-campaign\\\/#primaryimage\",\"url\":\"https:\\\/\\\/www.ekoenergy.org\\\/wp-content\\\/uploads\\\/post-Carrera-jeans-fashion-campaign-Logos-on-jeans.png\",\"contentUrl\":\"https:\\\/\\\/www.ekoenergy.org\\\/wp-content\\\/uploads\\\/post-Carrera-jeans-fashion-campaign-Logos-on-jeans.png\",\"width\":1920,\"height\":1080},{\"@type\":\"BreadcrumbList\",\"@id\":\"https:\\\/\\\/www.ekoenergy.org\\\/fr\\\/carrera-jeans-supports-the-ekoenergy-fashion-campaign\\\/#breadcrumb\",\"itemListElement\":[{\"@type\":\"ListItem\",\"position\":1,\"name\":\"Home\",\"item\":\"https:\\\/\\\/www.ekoenergy.org\\\/fr\\\/\"},{\"@type\":\"ListItem\",\"position\":2,\"name\":\"Carrera Jeans soutient la campagne sur l\u2019industrie de la mode d\u2019EKO\u00e9nergie\"}]},{\"@type\":\"WebSite\",\"@id\":\"https:\\\/\\\/www.ekoenergy.org\\\/fr\\\/#website\",\"url\":\"https:\\\/\\\/www.ekoenergy.org\\\/fr\\\/\",\"name\":\"EKOenergy ecolabel\",\"description\":\"The global nonprofit ecolabel for renewable energy\",\"publisher\":{\"@id\":\"https:\\\/\\\/www.ekoenergy.org\\\/fr\\\/#organization\"},\"potentialAction\":[{\"@type\":\"SearchAction\",\"target\":{\"@type\":\"EntryPoint\",\"urlTemplate\":\"https:\\\/\\\/www.ekoenergy.org\\\/fr\\\/?s={search_term_string}\"},\"query-input\":{\"@type\":\"PropertyValueSpecification\",\"valueRequired\":true,\"valueName\":\"search_term_string\"}}],\"inLanguage\":\"fr-FR\"},{\"@type\":\"Organization\",\"@id\":\"https:\\\/\\\/www.ekoenergy.org\\\/fr\\\/#organization\",\"name\":\"Not-for-profit Organisation EKOenergy\",\"url\":\"https:\\\/\\\/www.ekoenergy.org\\\/fr\\\/\",\"logo\":{\"@type\":\"ImageObject\",\"inLanguage\":\"fr-FR\",\"@id\":\"https:\\\/\\\/www.ekoenergy.org\\\/fr\\\/#\\\/schema\\\/logo\\\/image\\\/\",\"url\":\"https:\\\/\\\/www.ekoenergy.org\\\/wp-content\\\/uploads\\\/logo-EKOenergy-no-text.jpg\",\"contentUrl\":\"https:\\\/\\\/www.ekoenergy.org\\\/wp-content\\\/uploads\\\/logo-EKOenergy-no-text.jpg\",\"width\":1600,\"height\":1600,\"caption\":\"Not-for-profit Organisation EKOenergy\"},\"image\":{\"@id\":\"https:\\\/\\\/www.ekoenergy.org\\\/fr\\\/#\\\/schema\\\/logo\\\/image\\\/\"},\"sameAs\":[\"https:\\\/\\\/www.facebook.com\\\/EKOenergy.ecolabel\\\/\",\"https:\\\/\\\/x.com\\\/EKOenergy_\",\"https:\\\/\\\/www.instagram.com\\\/ekoenergy\\\/\",\"https:\\\/\\\/www.linkedin.com\\\/company\\\/ekoenergy-ecolabel\\\/\",\"https:\\\/\\\/www.youtube.com\\\/EKOenergy-ecolabel\",\"https:\\\/\\\/en.wikipedia.org\\\/wiki\\\/EKOenergy\"]},{\"@type\":\"Person\",\"@id\":\"https:\\\/\\\/www.ekoenergy.org\\\/fr\\\/#\\\/schema\\\/person\\\/18741ac2a7d16ef6a1efa6e9186ae079\",\"name\":\"EKOenergy ecolabel\",\"image\":{\"@type\":\"ImageObject\",\"inLanguage\":\"fr-FR\",\"@id\":\"https:\\\/\\\/secure.gravatar.com\\\/avatar\\\/ff22cb0efd7c780e79e9009f678238a77b0c4dfa9dc056a1c905dcea9a4034d4?s=96&d=mm&r=g\",\"url\":\"https:\\\/\\\/secure.gravatar.com\\\/avatar\\\/ff22cb0efd7c780e79e9009f678238a77b0c4dfa9dc056a1c905dcea9a4034d4?s=96&d=mm&r=g\",\"contentUrl\":\"https:\\\/\\\/secure.gravatar.com\\\/avatar\\\/ff22cb0efd7c780e79e9009f678238a77b0c4dfa9dc056a1c905dcea9a4034d4?s=96&d=mm&r=g\",\"caption\":\"EKOenergy ecolabel\"},\"sameAs\":[\"https:\\\/\\\/www.ekoenergy.org\\\/\"],\"url\":\"https:\\\/\\\/www.ekoenergy.org\\\/fr\\\/author\\\/ekoenergy\\\/\"}]}<\/script>\n<!-- \/ Yoast SEO plugin. -->","yoast_head_json":{"title":"Carrera Jeans soutient la campagne sur l\u2019industrie de la mode d\u2019EKO\u00e9nergie - EKOenergy ecolabel","description":"Carrera Jeans est un fabricant italien de v\u00eatements qui a \u00e9t\u00e9 cr\u00e9\u00e9 en 1965 et qui exporte dans le monde entier. Depuis trois ans, elle utilise EKO\u00e9nergie.","robots":{"index":"index","follow":"follow","max-snippet":"max-snippet:-1","max-image-preview":"max-image-preview:large","max-video-preview":"max-video-preview:-1"},"canonical":"https:\/\/www.ekoenergy.org\/fr\/carrera-jeans-supports-the-ekoenergy-fashion-campaign\/","og_locale":"fr_FR","og_type":"article","og_title":"Carrera Jeans soutient la campagne sur l\u2019industrie de la mode d\u2019EKO\u00e9nergie - EKOenergy ecolabel","og_description":"Carrera Jeans est un fabricant italien de v\u00eatements qui a \u00e9t\u00e9 cr\u00e9\u00e9 en 1965 et qui exporte dans le monde entier. Depuis trois ans, elle utilise EKO\u00e9nergie.","og_url":"https:\/\/www.ekoenergy.org\/fr\/carrera-jeans-supports-the-ekoenergy-fashion-campaign\/","og_site_name":"EKOenergy ecolabel","article_publisher":"https:\/\/www.facebook.com\/EKOenergy.ecolabel\/","article_published_time":"2019-04-15T14:35:00+00:00","article_modified_time":"2020-07-15T12:52:24+00:00","og_image":[{"width":1920,"height":1080,"url":"https:\/\/www.ekoenergy.org\/wp-content\/uploads\/post-Carrera-jeans-fashion-campaign-Logos-on-jeans.png","type":"image\/png"}],"author":"EKOenergy ecolabel","twitter_card":"summary_large_image","twitter_creator":"@EKOenergy_","twitter_site":"@EKOenergy_","twitter_misc":{"\u00c9crit par":"EKOenergy ecolabel","Dur\u00e9e de lecture estim\u00e9e":"4 minutes"},"schema":{"@context":"https:\/\/schema.org","@graph":[{"@type":"Article","@id":"https:\/\/www.ekoenergy.org\/fr\/carrera-jeans-supports-the-ekoenergy-fashion-campaign\/#article","isPartOf":{"@id":"https:\/\/www.ekoenergy.org\/fr\/carrera-jeans-supports-the-ekoenergy-fashion-campaign\/"},"author":{"name":"EKOenergy ecolabel","@id":"https:\/\/www.ekoenergy.org\/fr\/#\/schema\/person\/18741ac2a7d16ef6a1efa6e9186ae079"},"headline":"Carrera Jeans soutient la campagne sur l\u2019industrie de la mode d\u2019EKO\u00e9nergie","datePublished":"2019-04-15T14:35:00+00:00","dateModified":"2020-07-15T12:52:24+00:00","mainEntityOfPage":{"@id":"https:\/\/www.ekoenergy.org\/fr\/carrera-jeans-supports-the-ekoenergy-fashion-campaign\/"},"wordCount":907,"publisher":{"@id":"https:\/\/www.ekoenergy.org\/fr\/#organization"},"image":{"@id":"https:\/\/www.ekoenergy.org\/fr\/carrera-jeans-supports-the-ekoenergy-fashion-campaign\/#primaryimage"},"thumbnailUrl":"https:\/\/www.ekoenergy.org\/wp-content\/uploads\/post-Carrera-jeans-fashion-campaign-Logos-on-jeans.png","keywords":["100% renewable","Interview","Using the EKOenergy logo"],"articleSection":["User stories"],"inLanguage":"fr-FR"},{"@type":"WebPage","@id":"https:\/\/www.ekoenergy.org\/fr\/carrera-jeans-supports-the-ekoenergy-fashion-campaign\/","url":"https:\/\/www.ekoenergy.org\/fr\/carrera-jeans-supports-the-ekoenergy-fashion-campaign\/","name":"Carrera Jeans soutient la campagne sur l\u2019industrie de la mode d\u2019EKO\u00e9nergie - EKOenergy ecolabel","isPartOf":{"@id":"https:\/\/www.ekoenergy.org\/fr\/#website"},"primaryImageOfPage":{"@id":"https:\/\/www.ekoenergy.org\/fr\/carrera-jeans-supports-the-ekoenergy-fashion-campaign\/#primaryimage"},"image":{"@id":"https:\/\/www.ekoenergy.org\/fr\/carrera-jeans-supports-the-ekoenergy-fashion-campaign\/#primaryimage"},"thumbnailUrl":"https:\/\/www.ekoenergy.org\/wp-content\/uploads\/post-Carrera-jeans-fashion-campaign-Logos-on-jeans.png","datePublished":"2019-04-15T14:35:00+00:00","dateModified":"2020-07-15T12:52:24+00:00","description":"Carrera Jeans est un fabricant italien de v\u00eatements qui a \u00e9t\u00e9 cr\u00e9\u00e9 en 1965 et qui exporte dans le monde entier. Depuis trois ans, elle utilise EKO\u00e9nergie.","breadcrumb":{"@id":"https:\/\/www.ekoenergy.org\/fr\/carrera-jeans-supports-the-ekoenergy-fashion-campaign\/#breadcrumb"},"inLanguage":"fr-FR","potentialAction":[{"@type":"ReadAction","target":["https:\/\/www.ekoenergy.org\/fr\/carrera-jeans-supports-the-ekoenergy-fashion-campaign\/"]}]},{"@type":"ImageObject","inLanguage":"fr-FR","@id":"https:\/\/www.ekoenergy.org\/fr\/carrera-jeans-supports-the-ekoenergy-fashion-campaign\/#primaryimage","url":"https:\/\/www.ekoenergy.org\/wp-content\/uploads\/post-Carrera-jeans-fashion-campaign-Logos-on-jeans.png","contentUrl":"https:\/\/www.ekoenergy.org\/wp-content\/uploads\/post-Carrera-jeans-fashion-campaign-Logos-on-jeans.png","width":1920,"height":1080},{"@type":"BreadcrumbList","@id":"https:\/\/www.ekoenergy.org\/fr\/carrera-jeans-supports-the-ekoenergy-fashion-campaign\/#breadcrumb","itemListElement":[{"@type":"ListItem","position":1,"name":"Home","item":"https:\/\/www.ekoenergy.org\/fr\/"},{"@type":"ListItem","position":2,"name":"Carrera Jeans soutient la campagne sur l\u2019industrie de la mode d\u2019EKO\u00e9nergie"}]},{"@type":"WebSite","@id":"https:\/\/www.ekoenergy.org\/fr\/#website","url":"https:\/\/www.ekoenergy.org\/fr\/","name":"EKOenergy ecolabel","description":"The global nonprofit ecolabel for renewable energy","publisher":{"@id":"https:\/\/www.ekoenergy.org\/fr\/#organization"},"potentialAction":[{"@type":"SearchAction","target":{"@type":"EntryPoint","urlTemplate":"https:\/\/www.ekoenergy.org\/fr\/?s={search_term_string}"},"query-input":{"@type":"PropertyValueSpecification","valueRequired":true,"valueName":"search_term_string"}}],"inLanguage":"fr-FR"},{"@type":"Organization","@id":"https:\/\/www.ekoenergy.org\/fr\/#organization","name":"Not-for-profit Organisation EKOenergy","url":"https:\/\/www.ekoenergy.org\/fr\/","logo":{"@type":"ImageObject","inLanguage":"fr-FR","@id":"https:\/\/www.ekoenergy.org\/fr\/#\/schema\/logo\/image\/","url":"https:\/\/www.ekoenergy.org\/wp-content\/uploads\/logo-EKOenergy-no-text.jpg","contentUrl":"https:\/\/www.ekoenergy.org\/wp-content\/uploads\/logo-EKOenergy-no-text.jpg","width":1600,"height":1600,"caption":"Not-for-profit Organisation EKOenergy"},"image":{"@id":"https:\/\/www.ekoenergy.org\/fr\/#\/schema\/logo\/image\/"},"sameAs":["https:\/\/www.facebook.com\/EKOenergy.ecolabel\/","https:\/\/x.com\/EKOenergy_","https:\/\/www.instagram.com\/ekoenergy\/","https:\/\/www.linkedin.com\/company\/ekoenergy-ecolabel\/","https:\/\/www.youtube.com\/EKOenergy-ecolabel","https:\/\/en.wikipedia.org\/wiki\/EKOenergy"]},{"@type":"Person","@id":"https:\/\/www.ekoenergy.org\/fr\/#\/schema\/person\/18741ac2a7d16ef6a1efa6e9186ae079","name":"EKOenergy ecolabel","image":{"@type":"ImageObject","inLanguage":"fr-FR","@id":"https:\/\/secure.gravatar.com\/avatar\/ff22cb0efd7c780e79e9009f678238a77b0c4dfa9dc056a1c905dcea9a4034d4?s=96&d=mm&r=g","url":"https:\/\/secure.gravatar.com\/avatar\/ff22cb0efd7c780e79e9009f678238a77b0c4dfa9dc056a1c905dcea9a4034d4?s=96&d=mm&r=g","contentUrl":"https:\/\/secure.gravatar.com\/avatar\/ff22cb0efd7c780e79e9009f678238a77b0c4dfa9dc056a1c905dcea9a4034d4?s=96&d=mm&r=g","caption":"EKOenergy ecolabel"},"sameAs":["https:\/\/www.ekoenergy.org\/"],"url":"https:\/\/www.ekoenergy.org\/fr\/author\/ekoenergy\/"}]}},"uagb_featured_image_src":{"full":["https:\/\/www.ekoenergy.org\/wp-content\/uploads\/post-Carrera-jeans-fashion-campaign-Logos-on-jeans.png",1920,1080,false],"thumbnail":["https:\/\/www.ekoenergy.org\/wp-content\/uploads\/post-Carrera-jeans-fashion-campaign-Logos-on-jeans-150x150.png",150,150,true],"medium":["https:\/\/www.ekoenergy.org\/wp-content\/uploads\/post-Carrera-jeans-fashion-campaign-Logos-on-jeans-320x180.png",320,180,true],"medium_large":["https:\/\/www.ekoenergy.org\/wp-content\/uploads\/post-Carrera-jeans-fashion-campaign-Logos-on-jeans-768x432.png",768,432,true],"large":["https:\/\/www.ekoenergy.org\/wp-content\/uploads\/post-Carrera-jeans-fashion-campaign-Logos-on-jeans-1024x576.png",1024,576,true],"1536x1536":["https:\/\/www.ekoenergy.org\/wp-content\/uploads\/post-Carrera-jeans-fashion-campaign-Logos-on-jeans-1536x864.png",1536,864,true],"2048x2048":["https:\/\/www.ekoenergy.org\/wp-content\/uploads\/post-Carrera-jeans-fashion-campaign-Logos-on-jeans.png",1920,1080,false]},"uagb_author_info":{"display_name":"EKOenergy ecolabel","author_link":"https:\/\/www.ekoenergy.org\/fr\/author\/ekoenergy\/"},"uagb_comment_info":0,"uagb_excerpt":"Carrera Jeans est un fabricant de v\u00eatement italien qui a \u00e9t\u00e9 cr\u00e9\u00e9 en 1965 et qui exporte dans le monde entier. Depuis trois ans, l\u2019\u00e9nergie qui alimente les bureaux et les magasins de Carrera en Italie, en plus d\u2019\u00eatre verte, est aussi 100% EKO\u00e9nergie. \u00c0 l\u2019occasion de notre r\u00e9cente campagne Passion for Green Fashion campaign,\u2026","_links":{"self":[{"href":"https:\/\/www.ekoenergy.org\/fr\/wp-json\/wp\/v2\/posts\/39130","targetHints":{"allow":["GET"]}}],"collection":[{"href":"https:\/\/www.ekoenergy.org\/fr\/wp-json\/wp\/v2\/posts"}],"about":[{"href":"https:\/\/www.ekoenergy.org\/fr\/wp-json\/wp\/v2\/types\/post"}],"author":[{"embeddable":true,"href":"https:\/\/www.ekoenergy.org\/fr\/wp-json\/wp\/v2\/users\/17"}],"replies":[{"embeddable":true,"href":"https:\/\/www.ekoenergy.org\/fr\/wp-json\/wp\/v2\/comments?post=39130"}],"version-history":[{"count":3,"href":"https:\/\/www.ekoenergy.org\/fr\/wp-json\/wp\/v2\/posts\/39130\/revisions"}],"predecessor-version":[{"id":80104,"href":"https:\/\/www.ekoenergy.org\/fr\/wp-json\/wp\/v2\/posts\/39130\/revisions\/80104"}],"wp:featuredmedia":[{"embeddable":true,"href":"https:\/\/www.ekoenergy.org\/fr\/wp-json\/wp\/v2\/media\/26806"}],"wp:attachment":[{"href":"https:\/\/www.ekoenergy.org\/fr\/wp-json\/wp\/v2\/media?parent=39130"}],"wp:term":[{"taxonomy":"category","embeddable":true,"href":"https:\/\/www.ekoenergy.org\/fr\/wp-json\/wp\/v2\/categories?post=39130"},{"taxonomy":"post_tag","embeddable":true,"href":"https:\/\/www.ekoenergy.org\/fr\/wp-json\/wp\/v2\/tags?post=39130"}],"curies":[{"name":"wp","href":"https:\/\/api.w.org\/{rel}","templated":true}]}}