{"id":39163,"date":"2018-07-31T14:42:00","date_gmt":"2018-07-31T14:42:00","guid":{"rendered":"https:\/\/www.ekoenergy.org\/sap-leading-the-transition-to-a-low-carbon-economy-model\/"},"modified":"2020-07-15T12:53:50","modified_gmt":"2020-07-15T12:53:50","slug":"sap-leading-the-transition-to-a-low-carbon-economy-model","status":"publish","type":"post","link":"https:\/\/www.ekoenergy.org\/fr\/sap-leading-the-transition-to-a-low-carbon-economy-model\/","title":{"rendered":"SAP m\u00e8ne la transition vers un mod\u00e8le d\u2019\u00e9conomie \u00e0 faible carbone"},"content":{"rendered":"\n<div class=\"wp-block-image\"><figure class=\"aligncenter size-large\"><img decoding=\"async\" src=\"https:\/\/www.ekoenergy.org\/wp-content\/uploads\/post-SAP-offices-Location-Walldorf.jpg\" alt=\"\" class=\"wp-image-26578\"\/><\/figure><\/div>\n\n\n\n<div style=\"height:20px\" aria-hidden=\"true\" class=\"wp-block-spacer\"><\/div>\n\n\n\n<p>La soci\u00e9t\u00e9 de logiciels de pointe SAP a r\u00e9cemment publi\u00e9 son <a rel=\"noreferrer noopener\" href=\"https:\/\/www.sap.com\/integrated-reports\/2017\/en.html\" target=\"_blank\">rapport int\u00e9gr\u00e9 2017<\/a>, donnant des donn\u00e9es r\u00e9centes sur ses performances sociales et environnementales en soulignant son engagement ambitieux d\u2019atteindre la neutralit\u00e9 carbone d\u2019ici 2025.<\/p>\n\n\n\n<p>La soci\u00e9t\u00e9 s\u2019est engag\u00e9e \u00e0 une \u00e9lectricit\u00e9 100% renouvelable et a rejoint la coalition <a href=\"http:\/\/there100.org\/\" target=\"_blank\" rel=\"noreferrer noopener\">RE100<\/a> \u2013 reconnue par l\u2019ONU comme l\u2019une des sept initiatives principales dans le domaine de l\u2019action climatique. Dans le cadre de la strat\u00e9gie environnementale globale de SAP, l\u2019ann\u00e9e derni\u00e8re, elle a opt\u00e9 pour l\u2019\u00e9lectricit\u00e9 certifi\u00e9e EKO\u00e9nergie.<\/p>\n\n\n\n<p>Selon <a href=\"http:\/\/www.irena.org\/-\/media\/Files\/IRENA\/Agency\/Publication\/2018\/May\/IRENA_Corporate_sourcing_2018.pdf\" target=\"_blank\" rel=\"noreferrer noopener\">IRENA<\/a>, pr\u00e8s des deux tiers de l\u2019utilisation finale de l\u2019\u00e9lectricit\u00e9 dans le monde sont consomm\u00e9s par le secteur industriel et commercial. Cela signifie que les grandes entreprises comme SAP qui choisissent de couvrir leur demande en \u00e9nergie renouvelable peuvent grandement contribuer \u00e0 une transition mondiale vers une \u00e9conomie \u00e0 faible \u00e9mission de carbone. Plus les \u00e9nergies renouvelables deviennent comp\u00e9titives, plus le nombre de grands consommateurs \u00e0 travers le monde \u00e0 la recherche de sources d\u2019approvisionnement 100% renouvelables augmente.<\/p>\n\n\n\n<p>Nous avons discut\u00e9 avec Marcus Wagner, Directeur pour l\u2019Environnement Mondial \u00e0 SAP, de la transition de l\u2019entreprise vers la r\u00e9duction de son empreinte carbone et de la mani\u00e8re dont EKO\u00e9nergie contribue \u00e0 ce processus.<\/p>\n\n\n\n<div style=\"height:20px\" aria-hidden=\"true\" class=\"wp-block-spacer\"><\/div>\n\n\n\n<div class=\"wp-block-image\"><figure class=\"alignright size-large is-resized\"><img fetchpriority=\"high\" decoding=\"async\" src=\"https:\/\/www.ekoenergy.org\/wp-content\/uploads\/\/post-SAP-portrait-Marcus-Wagner-1024x683.jpg\" alt=\"\" class=\"wp-image-26616\" width=\"512\" height=\"342\" srcset=\"https:\/\/www.ekoenergy.org\/wp-content\/uploads\/post-SAP-portrait-Marcus-Wagner-1024x683.jpg 1024w, https:\/\/www.ekoenergy.org\/wp-content\/uploads\/post-SAP-portrait-Marcus-Wagner-320x213.jpg 320w, https:\/\/www.ekoenergy.org\/wp-content\/uploads\/post-SAP-portrait-Marcus-Wagner-768x512.jpg 768w, https:\/\/www.ekoenergy.org\/wp-content\/uploads\/post-SAP-portrait-Marcus-Wagner-1536x1024.jpg 1536w, https:\/\/www.ekoenergy.org\/wp-content\/uploads\/post-SAP-portrait-Marcus-Wagner-2048x1365.jpg 2048w\" sizes=\"(max-width: 512px) 100vw, 512px\" \/><\/figure><\/div>\n\n\n\n<p><strong><strong>1. Le rapport int\u00e9gr\u00e9 de SAP indique que SAP a r\u00e9duit ses \u00e9missions de CO2 de 55 000 tonnes en 2017. Quelles mesures ont \u00e9t\u00e9 int\u00e9gr\u00e9es dans votre politique climatique et environnementale pour atteindre ce r\u00e9sultat ?<\/strong><\/strong><\/p>\n\n\n\n<p><em>SAP poursuit une strat\u00e9gie d\u2019entreprise durable et a des objectifs environnementaux ambitieux. SAP est engag\u00e9 \u00e0<a href=\"https:\/\/www.iso.org\/iso-14001-environmental-management.html\" target=\"_blank\" rel=\"noreferrer noopener\"> ISO14001<\/a>. L\u2019un des aspects importants de cette norme est la n\u00e9cessit\u00e9 d\u2019am\u00e9liorer continuellement le syst\u00e8me de gestion environnemental des entreprises. C\u2019est un moteur important pour travailler r\u00e9guli\u00e8rement sur la pertinence et l\u2019efficacit\u00e9 de nos actions. Un exemple concret est l\u2019\u00e9lectrification des voitures de soci\u00e9t\u00e9. Nous visons 5 000 v\u00e9hicules \u00e9lectriques en 2020, ce qui correspond \u00e0 20% de la flotte automobile.<\/em><\/p>\n\n\n\n<p><em>En outre, SAP a \u00e9t\u00e9 la premi\u00e8re entreprise allemande \u00e0 adopter la Science Based Targets (SBT) \u00e0 atteindre d\u2019ici 2050. Cette initiative incite les entreprises \u00e0 r\u00e9duire leurs \u00e9missions de gaz \u00e0 effet de serre sur les recommandations scientifiques du GIEC pour limiter la hausse de la temp\u00e9rature moyenne mondiale en-dessous de 2 \u00b0 C.<\/em><\/p>\n\n\n\n<p><em>Par ailleurs, il \u00e9tait essentiel pour nous de s\u2019engager pour une \u00e9nergie 100% renouvelable afin de rendre nos op\u00e9rations plus durables. Depuis 2014, SAP couvre 100% de sa consommation d\u2019\u00e9lectricit\u00e9 en utilisant des \u00e9nergies renouvelables. Une petite quantit\u00e9 de cette \u00e9lectricit\u00e9 renouvelable est produite par le biais de panneaux solaires dans certains endroits, le reste est achet\u00e9 sur le march\u00e9. L\u2019origine de notre \u00e9lectricit\u00e9 renouvelable est certifi\u00e9e par des certificats d\u2019\u00e9nergie renouvelable (CER).<\/em><\/p>\n\n\n\n<div style=\"height:20px\" aria-hidden=\"true\" class=\"wp-block-spacer\"><\/div>\n\n\n\n<p><strong><strong>2. Nous sommes heureux que SAP ait int\u00e9gr\u00e9 les \u00e9nergies renouvelables dans sa strat\u00e9gie environnementale et que toute votre \u00e9nergie renouvelable achet\u00e9e soit certifi\u00e9e EKO\u00e9nergie. Qu\u2019est-ce qui vous a amen\u00e9 \u00e0 choisir EKO\u00e9nergie ?<\/strong><\/strong><\/p>\n\n\n\n<p><em><em>EKO\u00e9nergie soutient notre strat\u00e9gie d\u2019opter pour une \u00e9lectricit\u00e9 100% verte. D\u2019une part, nous avons \u00e9t\u00e9 s\u00e9duits par l\u2019id\u00e9e d\u2019\u00eatre certifi\u00e9 par un \u00e9colabel pour l\u2019\u00e9lectricit\u00e9 renouvelable reconnu internationalement. D\u2019autres part, SAP vise les 17 objectifs de d\u00e9veloppement durable (ODD) et par cons\u00e9quent participe \u00e0 l\u2019effort mondial visant \u00e0 garantir une \u00e9nergie propre et abordable. En effet, gr\u00e2ce \u00e0 l\u2019investissement dans le Fonds pour le Climat d\u2019EKO\u00e9nergie nous participons \u00e0 la mise en place de nouveaux projets pour la protection pour le climat et les \u00e9nergies renouvelables.<\/em><\/em><\/p>\n\n\n\n<div style=\"height:20px\" aria-hidden=\"true\" class=\"wp-block-spacer\"><\/div>\n\n\n\n<p><strong><strong>3. SAP vise la neutralit\u00e9 carbone d\u2019ici 2025. Quelles sont les prochaines \u00e9tapes pour atteindre cet objectif ? Comment voyez-vous le d\u00e9veloppement futur de RE100 et d\u2019autres initiatives internationales ?<\/strong><\/strong><\/p>\n\n\n\n<p><em>SAP suit l\u2019approche \u00ab&nbsp;Avoid \u2013 Reduce \u2013 Compensate&nbsp;\u00bb. Le but ultime de nos activit\u00e9s est de r\u00e9duire et d\u2019\u00e9viter au maximum les \u00e9missions de CO2. Nous continuons avec notre programme introduit en 2015 pour r\u00e9duire l\u2019impact des voyages a\u00e9riens des employ\u00e9s de SAP. En plus d\u2019\u00e9viter les vols d\u2019affaires en investissant dans des technologies de collaboration et de communication virtuelles, nous investissons dans les compensations d\u2019\u00e9missions de carbone pour le transport a\u00e9rien dans la majorit\u00e9 des pays o\u00f9 nous voyageons en facturant un prix interne du carbone. Cette action a entra\u00een\u00e9 une compensation de 135 kilotonnes de CO2 en 2017.<\/em><\/p>\n\n\n\n<p><em>En ce qui concerne le d\u00e9veloppement futur g\u00e9n\u00e9ral, nous pouvons voir des innovations dans le domaine de la gestion des b\u00e2timents (par exemple la mise en place de \u00ab b\u00e2timents intelligents \u00bb, certifi\u00e9s par LEED et de centrales de cog\u00e9n\u00e9ration- CHP) et une utilisation accrue de nouveaux outils informatiques de collaboration. De plus, le syst\u00e8me de gestion de l\u2019environnement (ISO14001) et le syst\u00e8me de gestion de l\u2019\u00e9nergie (ISO50001) se sont d\u00e9velopp\u00e9s \u00e0 l\u2019\u00e9chelle mondiale.<\/em><\/p>\n\n\n\n<p>EKO\u00e9nergie remercie SAP d\u2019\u00eatre un pionnier dans la gestion du carbone -donnant l\u2019exemple \u00e0 d\u2019autres grandes entreprises- et Marcus Wagner pour son temps et ses explications. Notre organisation est fi\u00e8re d\u2019aider les entreprises et les particuliers \u00e0 choisir les sources d\u2019\u00e9nergie renouvelable les plus durables disponibles sur le march\u00e9. Nous travaillons tous les jours pour faciliter l\u2019acc\u00e8s \u00e0 la transition \u00e9nerg\u00e9tique pour tout le monde.<\/p>\n\n\n\n<div style=\"height:20px\" aria-hidden=\"true\" class=\"wp-block-spacer\"><\/div>\n\n\n\n<p>Ecrit par Laura Marie Kothe<br>Traduit par Julia Urbaniak<\/p>\n\n\n\n<p><em>Post\u00e9 le 31 Juillet 2018<\/em><\/p>\n","protected":false},"excerpt":{"rendered":"<p>La soci\u00e9t\u00e9 de logiciels de pointe SAP a r\u00e9cemment publi\u00e9 son rapport int\u00e9gr\u00e9 2017, donnant des donn\u00e9es r\u00e9centes sur ses performances sociales et environnementales en soulignant son engagement ambitieux d\u2019atteindre la neutralit\u00e9 carbone d\u2019ici 2025. La soci\u00e9t\u00e9 s\u2019est engag\u00e9e \u00e0 une \u00e9lectricit\u00e9 100% renouvelable et a rejoint la coalition RE100 \u2013 reconnue par l\u2019ONU comme [&hellip;]<\/p>\n","protected":false},"author":17,"featured_media":26578,"comment_status":"open","ping_status":"open","sticky":false,"template":"","format":"standard","meta":{"inline_featured_image":false,"_uag_custom_page_level_css":"","site-sidebar-layout":"default","site-content-layout":"default","ast-site-content-layout":"default","site-content-style":"default","site-sidebar-style":"default","ast-global-header-display":"","ast-banner-title-visibility":"","ast-main-header-display":"","ast-hfb-above-header-display":"","ast-hfb-below-header-display":"","ast-hfb-mobile-header-display":"","site-post-title":"","ast-breadcrumbs-content":"","ast-featured-img":"","footer-sml-layout":"","ast-disable-related-posts":"","theme-transparent-header-meta":"default","adv-header-id-meta":"","stick-header-meta":"default","header-above-stick-meta":"","header-main-stick-meta":"","header-below-stick-meta":"","astra-migrate-meta-layouts":"default","ast-page-background-enabled":"default","ast-page-background-meta":{"desktop":{"background-color":"","background-image":"","background-repeat":"repeat","background-position":"center center","background-size":"auto","background-attachment":"scroll","background-type":"","background-media":"","overlay-type":"","overlay-color":"","overlay-opacity":"","overlay-gradient":""},"tablet":{"background-color":"","background-image":"","background-repeat":"repeat","background-position":"center center","background-size":"auto","background-attachment":"scroll","background-type":"","background-media":"","overlay-type":"","overlay-color":"","overlay-opacity":"","overlay-gradient":""},"mobile":{"background-color":"","background-image":"","background-repeat":"repeat","background-position":"center center","background-size":"auto","background-attachment":"scroll","background-type":"","background-media":"","overlay-type":"","overlay-color":"","overlay-opacity":"","overlay-gradient":""}},"ast-content-background-meta":{"desktop":{"background-color":"var(--ast-global-color-5)","background-image":"","background-repeat":"repeat","background-position":"center center","background-size":"auto","background-attachment":"scroll","background-type":"","background-media":"","overlay-type":"","overlay-color":"","overlay-opacity":"","overlay-gradient":""},"tablet":{"background-color":"var(--ast-global-color-5)","background-image":"","background-repeat":"repeat","background-position":"center center","background-size":"auto","background-attachment":"scroll","background-type":"","background-media":"","overlay-type":"","overlay-color":"","overlay-opacity":"","overlay-gradient":""},"mobile":{"background-color":"var(--ast-global-color-5)","background-image":"","background-repeat":"repeat","background-position":"center center","background-size":"auto","background-attachment":"scroll","background-type":"","background-media":"","overlay-type":"","overlay-color":"","overlay-opacity":"","overlay-gradient":""}},"footnotes":""},"categories":[481],"tags":[497,433],"class_list":["post-39163","post","type-post","status-publish","format-standard","has-post-thumbnail","hentry","category-user-stories-fr","tag-100-renewable-fr","tag-interview-fr"],"yoast_head":"<!-- This site is optimized with the Yoast SEO plugin v27.3 - https:\/\/yoast.com\/product\/yoast-seo-wordpress\/ -->\n<title>SAP m\u00e8ne la transition vers un mod\u00e8le d\u2019\u00e9conomie \u00e0 faible carbone - EKOenergy ecolabel<\/title>\n<meta name=\"description\" content=\"&quot;EKO\u00e9nergie soutient notre strat\u00e9gie visant \u00e0 opter pour une \u00e9lectricit\u00e9 100 % verte. Nous aimons l&#039;approche de ce label d&#039;\u00e9lectricit\u00e9 verte reconnu au niveau international&quot;.\" \/>\n<meta name=\"robots\" content=\"index, follow, max-snippet:-1, max-image-preview:large, max-video-preview:-1\" \/>\n<link rel=\"canonical\" href=\"https:\/\/www.ekoenergy.org\/fr\/sap-leading-the-transition-to-a-low-carbon-economy-model\/\" \/>\n<meta property=\"og:locale\" content=\"fr_FR\" \/>\n<meta property=\"og:type\" content=\"article\" \/>\n<meta property=\"og:title\" content=\"SAP m\u00e8ne la transition vers un mod\u00e8le d\u2019\u00e9conomie \u00e0 faible carbone - EKOenergy ecolabel\" \/>\n<meta property=\"og:description\" content=\"&quot;EKO\u00e9nergie soutient notre strat\u00e9gie visant \u00e0 opter pour une \u00e9lectricit\u00e9 100 % verte. Nous aimons l&#039;approche de ce label d&#039;\u00e9lectricit\u00e9 verte reconnu au niveau international&quot;.\" \/>\n<meta property=\"og:url\" content=\"https:\/\/www.ekoenergy.org\/fr\/sap-leading-the-transition-to-a-low-carbon-economy-model\/\" \/>\n<meta property=\"og:site_name\" content=\"EKOenergy ecolabel\" \/>\n<meta property=\"article:publisher\" content=\"https:\/\/www.facebook.com\/EKOenergy.ecolabel\/\" \/>\n<meta property=\"article:published_time\" content=\"2018-07-31T14:42:00+00:00\" \/>\n<meta property=\"article:modified_time\" content=\"2020-07-15T12:53:50+00:00\" \/>\n<meta property=\"og:image\" content=\"https:\/\/www.ekoenergy.org\/wp-content\/uploads\/post-SAP-offices-Location-Walldorf-1024x681.jpg\" \/>\n\t<meta property=\"og:image:width\" content=\"1024\" \/>\n\t<meta property=\"og:image:height\" content=\"681\" \/>\n\t<meta property=\"og:image:type\" content=\"image\/jpeg\" \/>\n<meta name=\"author\" content=\"EKOenergy ecolabel\" \/>\n<meta name=\"twitter:card\" content=\"summary_large_image\" \/>\n<meta name=\"twitter:creator\" content=\"@EKOenergy_\" \/>\n<meta name=\"twitter:site\" content=\"@EKOenergy_\" \/>\n<meta name=\"twitter:label1\" content=\"\u00c9crit par\" \/>\n\t<meta name=\"twitter:data1\" content=\"EKOenergy ecolabel\" \/>\n\t<meta name=\"twitter:label2\" content=\"Dur\u00e9e de lecture estim\u00e9e\" \/>\n\t<meta name=\"twitter:data2\" content=\"5 minutes\" \/>\n<script type=\"application\/ld+json\" class=\"yoast-schema-graph\">{\"@context\":\"https:\\\/\\\/schema.org\",\"@graph\":[{\"@type\":\"Article\",\"@id\":\"https:\\\/\\\/www.ekoenergy.org\\\/fr\\\/sap-leading-the-transition-to-a-low-carbon-economy-model\\\/#article\",\"isPartOf\":{\"@id\":\"https:\\\/\\\/www.ekoenergy.org\\\/fr\\\/sap-leading-the-transition-to-a-low-carbon-economy-model\\\/\"},\"author\":{\"name\":\"EKOenergy ecolabel\",\"@id\":\"https:\\\/\\\/www.ekoenergy.org\\\/fr\\\/#\\\/schema\\\/person\\\/18741ac2a7d16ef6a1efa6e9186ae079\"},\"headline\":\"SAP m\u00e8ne la transition vers un mod\u00e8le d\u2019\u00e9conomie \u00e0 faible carbone\",\"datePublished\":\"2018-07-31T14:42:00+00:00\",\"dateModified\":\"2020-07-15T12:53:50+00:00\",\"mainEntityOfPage\":{\"@id\":\"https:\\\/\\\/www.ekoenergy.org\\\/fr\\\/sap-leading-the-transition-to-a-low-carbon-economy-model\\\/\"},\"wordCount\":923,\"commentCount\":0,\"publisher\":{\"@id\":\"https:\\\/\\\/www.ekoenergy.org\\\/fr\\\/#organization\"},\"image\":{\"@id\":\"https:\\\/\\\/www.ekoenergy.org\\\/fr\\\/sap-leading-the-transition-to-a-low-carbon-economy-model\\\/#primaryimage\"},\"thumbnailUrl\":\"https:\\\/\\\/www.ekoenergy.org\\\/wp-content\\\/uploads\\\/post-SAP-offices-Location-Walldorf.jpg\",\"keywords\":[\"100% renewable\",\"Interview\"],\"articleSection\":[\"User stories\"],\"inLanguage\":\"fr-FR\",\"potentialAction\":[{\"@type\":\"CommentAction\",\"name\":\"Comment\",\"target\":[\"https:\\\/\\\/www.ekoenergy.org\\\/fr\\\/sap-leading-the-transition-to-a-low-carbon-economy-model\\\/#respond\"]}]},{\"@type\":\"WebPage\",\"@id\":\"https:\\\/\\\/www.ekoenergy.org\\\/fr\\\/sap-leading-the-transition-to-a-low-carbon-economy-model\\\/\",\"url\":\"https:\\\/\\\/www.ekoenergy.org\\\/fr\\\/sap-leading-the-transition-to-a-low-carbon-economy-model\\\/\",\"name\":\"SAP m\u00e8ne la transition vers un mod\u00e8le d\u2019\u00e9conomie \u00e0 faible carbone - EKOenergy ecolabel\",\"isPartOf\":{\"@id\":\"https:\\\/\\\/www.ekoenergy.org\\\/fr\\\/#website\"},\"primaryImageOfPage\":{\"@id\":\"https:\\\/\\\/www.ekoenergy.org\\\/fr\\\/sap-leading-the-transition-to-a-low-carbon-economy-model\\\/#primaryimage\"},\"image\":{\"@id\":\"https:\\\/\\\/www.ekoenergy.org\\\/fr\\\/sap-leading-the-transition-to-a-low-carbon-economy-model\\\/#primaryimage\"},\"thumbnailUrl\":\"https:\\\/\\\/www.ekoenergy.org\\\/wp-content\\\/uploads\\\/post-SAP-offices-Location-Walldorf.jpg\",\"datePublished\":\"2018-07-31T14:42:00+00:00\",\"dateModified\":\"2020-07-15T12:53:50+00:00\",\"description\":\"\\\"EKO\u00e9nergie soutient notre strat\u00e9gie visant \u00e0 opter pour une \u00e9lectricit\u00e9 100 % verte. Nous aimons l'approche de ce label d'\u00e9lectricit\u00e9 verte reconnu au niveau international\\\".\",\"breadcrumb\":{\"@id\":\"https:\\\/\\\/www.ekoenergy.org\\\/fr\\\/sap-leading-the-transition-to-a-low-carbon-economy-model\\\/#breadcrumb\"},\"inLanguage\":\"fr-FR\",\"potentialAction\":[{\"@type\":\"ReadAction\",\"target\":[\"https:\\\/\\\/www.ekoenergy.org\\\/fr\\\/sap-leading-the-transition-to-a-low-carbon-economy-model\\\/\"]}]},{\"@type\":\"ImageObject\",\"inLanguage\":\"fr-FR\",\"@id\":\"https:\\\/\\\/www.ekoenergy.org\\\/fr\\\/sap-leading-the-transition-to-a-low-carbon-economy-model\\\/#primaryimage\",\"url\":\"https:\\\/\\\/www.ekoenergy.org\\\/wp-content\\\/uploads\\\/post-SAP-offices-Location-Walldorf.jpg\",\"contentUrl\":\"https:\\\/\\\/www.ekoenergy.org\\\/wp-content\\\/uploads\\\/post-SAP-offices-Location-Walldorf.jpg\",\"width\":2560,\"height\":1704},{\"@type\":\"BreadcrumbList\",\"@id\":\"https:\\\/\\\/www.ekoenergy.org\\\/fr\\\/sap-leading-the-transition-to-a-low-carbon-economy-model\\\/#breadcrumb\",\"itemListElement\":[{\"@type\":\"ListItem\",\"position\":1,\"name\":\"Home\",\"item\":\"https:\\\/\\\/www.ekoenergy.org\\\/fr\\\/\"},{\"@type\":\"ListItem\",\"position\":2,\"name\":\"SAP m\u00e8ne la transition vers un mod\u00e8le d\u2019\u00e9conomie \u00e0 faible carbone\"}]},{\"@type\":\"WebSite\",\"@id\":\"https:\\\/\\\/www.ekoenergy.org\\\/fr\\\/#website\",\"url\":\"https:\\\/\\\/www.ekoenergy.org\\\/fr\\\/\",\"name\":\"EKOenergy ecolabel\",\"description\":\"The global nonprofit ecolabel for renewable energy\",\"publisher\":{\"@id\":\"https:\\\/\\\/www.ekoenergy.org\\\/fr\\\/#organization\"},\"potentialAction\":[{\"@type\":\"SearchAction\",\"target\":{\"@type\":\"EntryPoint\",\"urlTemplate\":\"https:\\\/\\\/www.ekoenergy.org\\\/fr\\\/?s={search_term_string}\"},\"query-input\":{\"@type\":\"PropertyValueSpecification\",\"valueRequired\":true,\"valueName\":\"search_term_string\"}}],\"inLanguage\":\"fr-FR\"},{\"@type\":\"Organization\",\"@id\":\"https:\\\/\\\/www.ekoenergy.org\\\/fr\\\/#organization\",\"name\":\"Not-for-profit Organisation EKOenergy\",\"url\":\"https:\\\/\\\/www.ekoenergy.org\\\/fr\\\/\",\"logo\":{\"@type\":\"ImageObject\",\"inLanguage\":\"fr-FR\",\"@id\":\"https:\\\/\\\/www.ekoenergy.org\\\/fr\\\/#\\\/schema\\\/logo\\\/image\\\/\",\"url\":\"https:\\\/\\\/www.ekoenergy.org\\\/wp-content\\\/uploads\\\/logo-EKOenergy-no-text.jpg\",\"contentUrl\":\"https:\\\/\\\/www.ekoenergy.org\\\/wp-content\\\/uploads\\\/logo-EKOenergy-no-text.jpg\",\"width\":1600,\"height\":1600,\"caption\":\"Not-for-profit Organisation EKOenergy\"},\"image\":{\"@id\":\"https:\\\/\\\/www.ekoenergy.org\\\/fr\\\/#\\\/schema\\\/logo\\\/image\\\/\"},\"sameAs\":[\"https:\\\/\\\/www.facebook.com\\\/EKOenergy.ecolabel\\\/\",\"https:\\\/\\\/x.com\\\/EKOenergy_\",\"https:\\\/\\\/www.instagram.com\\\/ekoenergy\\\/\",\"https:\\\/\\\/www.linkedin.com\\\/company\\\/ekoenergy-ecolabel\\\/\",\"https:\\\/\\\/www.youtube.com\\\/EKOenergy-ecolabel\",\"https:\\\/\\\/en.wikipedia.org\\\/wiki\\\/EKOenergy\"]},{\"@type\":\"Person\",\"@id\":\"https:\\\/\\\/www.ekoenergy.org\\\/fr\\\/#\\\/schema\\\/person\\\/18741ac2a7d16ef6a1efa6e9186ae079\",\"name\":\"EKOenergy ecolabel\",\"image\":{\"@type\":\"ImageObject\",\"inLanguage\":\"fr-FR\",\"@id\":\"https:\\\/\\\/secure.gravatar.com\\\/avatar\\\/ff22cb0efd7c780e79e9009f678238a77b0c4dfa9dc056a1c905dcea9a4034d4?s=96&d=mm&r=g\",\"url\":\"https:\\\/\\\/secure.gravatar.com\\\/avatar\\\/ff22cb0efd7c780e79e9009f678238a77b0c4dfa9dc056a1c905dcea9a4034d4?s=96&d=mm&r=g\",\"contentUrl\":\"https:\\\/\\\/secure.gravatar.com\\\/avatar\\\/ff22cb0efd7c780e79e9009f678238a77b0c4dfa9dc056a1c905dcea9a4034d4?s=96&d=mm&r=g\",\"caption\":\"EKOenergy ecolabel\"},\"sameAs\":[\"https:\\\/\\\/www.ekoenergy.org\\\/\"],\"url\":\"https:\\\/\\\/www.ekoenergy.org\\\/fr\\\/author\\\/ekoenergy\\\/\"}]}<\/script>\n<!-- \/ Yoast SEO plugin. -->","yoast_head_json":{"title":"SAP m\u00e8ne la transition vers un mod\u00e8le d\u2019\u00e9conomie \u00e0 faible carbone - EKOenergy ecolabel","description":"\"EKO\u00e9nergie soutient notre strat\u00e9gie visant \u00e0 opter pour une \u00e9lectricit\u00e9 100 % verte. Nous aimons l'approche de ce label d'\u00e9lectricit\u00e9 verte reconnu au niveau international\".","robots":{"index":"index","follow":"follow","max-snippet":"max-snippet:-1","max-image-preview":"max-image-preview:large","max-video-preview":"max-video-preview:-1"},"canonical":"https:\/\/www.ekoenergy.org\/fr\/sap-leading-the-transition-to-a-low-carbon-economy-model\/","og_locale":"fr_FR","og_type":"article","og_title":"SAP m\u00e8ne la transition vers un mod\u00e8le d\u2019\u00e9conomie \u00e0 faible carbone - EKOenergy ecolabel","og_description":"\"EKO\u00e9nergie soutient notre strat\u00e9gie visant \u00e0 opter pour une \u00e9lectricit\u00e9 100 % verte. Nous aimons l'approche de ce label d'\u00e9lectricit\u00e9 verte reconnu au niveau international\".","og_url":"https:\/\/www.ekoenergy.org\/fr\/sap-leading-the-transition-to-a-low-carbon-economy-model\/","og_site_name":"EKOenergy ecolabel","article_publisher":"https:\/\/www.facebook.com\/EKOenergy.ecolabel\/","article_published_time":"2018-07-31T14:42:00+00:00","article_modified_time":"2020-07-15T12:53:50+00:00","og_image":[{"width":1024,"height":681,"url":"https:\/\/www.ekoenergy.org\/wp-content\/uploads\/post-SAP-offices-Location-Walldorf-1024x681.jpg","type":"image\/jpeg"}],"author":"EKOenergy ecolabel","twitter_card":"summary_large_image","twitter_creator":"@EKOenergy_","twitter_site":"@EKOenergy_","twitter_misc":{"\u00c9crit par":"EKOenergy ecolabel","Dur\u00e9e de lecture estim\u00e9e":"5 minutes"},"schema":{"@context":"https:\/\/schema.org","@graph":[{"@type":"Article","@id":"https:\/\/www.ekoenergy.org\/fr\/sap-leading-the-transition-to-a-low-carbon-economy-model\/#article","isPartOf":{"@id":"https:\/\/www.ekoenergy.org\/fr\/sap-leading-the-transition-to-a-low-carbon-economy-model\/"},"author":{"name":"EKOenergy ecolabel","@id":"https:\/\/www.ekoenergy.org\/fr\/#\/schema\/person\/18741ac2a7d16ef6a1efa6e9186ae079"},"headline":"SAP m\u00e8ne la transition vers un mod\u00e8le d\u2019\u00e9conomie \u00e0 faible carbone","datePublished":"2018-07-31T14:42:00+00:00","dateModified":"2020-07-15T12:53:50+00:00","mainEntityOfPage":{"@id":"https:\/\/www.ekoenergy.org\/fr\/sap-leading-the-transition-to-a-low-carbon-economy-model\/"},"wordCount":923,"commentCount":0,"publisher":{"@id":"https:\/\/www.ekoenergy.org\/fr\/#organization"},"image":{"@id":"https:\/\/www.ekoenergy.org\/fr\/sap-leading-the-transition-to-a-low-carbon-economy-model\/#primaryimage"},"thumbnailUrl":"https:\/\/www.ekoenergy.org\/wp-content\/uploads\/post-SAP-offices-Location-Walldorf.jpg","keywords":["100% renewable","Interview"],"articleSection":["User stories"],"inLanguage":"fr-FR","potentialAction":[{"@type":"CommentAction","name":"Comment","target":["https:\/\/www.ekoenergy.org\/fr\/sap-leading-the-transition-to-a-low-carbon-economy-model\/#respond"]}]},{"@type":"WebPage","@id":"https:\/\/www.ekoenergy.org\/fr\/sap-leading-the-transition-to-a-low-carbon-economy-model\/","url":"https:\/\/www.ekoenergy.org\/fr\/sap-leading-the-transition-to-a-low-carbon-economy-model\/","name":"SAP m\u00e8ne la transition vers un mod\u00e8le d\u2019\u00e9conomie \u00e0 faible carbone - EKOenergy ecolabel","isPartOf":{"@id":"https:\/\/www.ekoenergy.org\/fr\/#website"},"primaryImageOfPage":{"@id":"https:\/\/www.ekoenergy.org\/fr\/sap-leading-the-transition-to-a-low-carbon-economy-model\/#primaryimage"},"image":{"@id":"https:\/\/www.ekoenergy.org\/fr\/sap-leading-the-transition-to-a-low-carbon-economy-model\/#primaryimage"},"thumbnailUrl":"https:\/\/www.ekoenergy.org\/wp-content\/uploads\/post-SAP-offices-Location-Walldorf.jpg","datePublished":"2018-07-31T14:42:00+00:00","dateModified":"2020-07-15T12:53:50+00:00","description":"\"EKO\u00e9nergie soutient notre strat\u00e9gie visant \u00e0 opter pour une \u00e9lectricit\u00e9 100 % verte. Nous aimons l'approche de ce label d'\u00e9lectricit\u00e9 verte reconnu au niveau international\".","breadcrumb":{"@id":"https:\/\/www.ekoenergy.org\/fr\/sap-leading-the-transition-to-a-low-carbon-economy-model\/#breadcrumb"},"inLanguage":"fr-FR","potentialAction":[{"@type":"ReadAction","target":["https:\/\/www.ekoenergy.org\/fr\/sap-leading-the-transition-to-a-low-carbon-economy-model\/"]}]},{"@type":"ImageObject","inLanguage":"fr-FR","@id":"https:\/\/www.ekoenergy.org\/fr\/sap-leading-the-transition-to-a-low-carbon-economy-model\/#primaryimage","url":"https:\/\/www.ekoenergy.org\/wp-content\/uploads\/post-SAP-offices-Location-Walldorf.jpg","contentUrl":"https:\/\/www.ekoenergy.org\/wp-content\/uploads\/post-SAP-offices-Location-Walldorf.jpg","width":2560,"height":1704},{"@type":"BreadcrumbList","@id":"https:\/\/www.ekoenergy.org\/fr\/sap-leading-the-transition-to-a-low-carbon-economy-model\/#breadcrumb","itemListElement":[{"@type":"ListItem","position":1,"name":"Home","item":"https:\/\/www.ekoenergy.org\/fr\/"},{"@type":"ListItem","position":2,"name":"SAP m\u00e8ne la transition vers un mod\u00e8le d\u2019\u00e9conomie \u00e0 faible carbone"}]},{"@type":"WebSite","@id":"https:\/\/www.ekoenergy.org\/fr\/#website","url":"https:\/\/www.ekoenergy.org\/fr\/","name":"EKOenergy ecolabel","description":"The global nonprofit ecolabel for renewable energy","publisher":{"@id":"https:\/\/www.ekoenergy.org\/fr\/#organization"},"potentialAction":[{"@type":"SearchAction","target":{"@type":"EntryPoint","urlTemplate":"https:\/\/www.ekoenergy.org\/fr\/?s={search_term_string}"},"query-input":{"@type":"PropertyValueSpecification","valueRequired":true,"valueName":"search_term_string"}}],"inLanguage":"fr-FR"},{"@type":"Organization","@id":"https:\/\/www.ekoenergy.org\/fr\/#organization","name":"Not-for-profit Organisation EKOenergy","url":"https:\/\/www.ekoenergy.org\/fr\/","logo":{"@type":"ImageObject","inLanguage":"fr-FR","@id":"https:\/\/www.ekoenergy.org\/fr\/#\/schema\/logo\/image\/","url":"https:\/\/www.ekoenergy.org\/wp-content\/uploads\/logo-EKOenergy-no-text.jpg","contentUrl":"https:\/\/www.ekoenergy.org\/wp-content\/uploads\/logo-EKOenergy-no-text.jpg","width":1600,"height":1600,"caption":"Not-for-profit Organisation EKOenergy"},"image":{"@id":"https:\/\/www.ekoenergy.org\/fr\/#\/schema\/logo\/image\/"},"sameAs":["https:\/\/www.facebook.com\/EKOenergy.ecolabel\/","https:\/\/x.com\/EKOenergy_","https:\/\/www.instagram.com\/ekoenergy\/","https:\/\/www.linkedin.com\/company\/ekoenergy-ecolabel\/","https:\/\/www.youtube.com\/EKOenergy-ecolabel","https:\/\/en.wikipedia.org\/wiki\/EKOenergy"]},{"@type":"Person","@id":"https:\/\/www.ekoenergy.org\/fr\/#\/schema\/person\/18741ac2a7d16ef6a1efa6e9186ae079","name":"EKOenergy ecolabel","image":{"@type":"ImageObject","inLanguage":"fr-FR","@id":"https:\/\/secure.gravatar.com\/avatar\/ff22cb0efd7c780e79e9009f678238a77b0c4dfa9dc056a1c905dcea9a4034d4?s=96&d=mm&r=g","url":"https:\/\/secure.gravatar.com\/avatar\/ff22cb0efd7c780e79e9009f678238a77b0c4dfa9dc056a1c905dcea9a4034d4?s=96&d=mm&r=g","contentUrl":"https:\/\/secure.gravatar.com\/avatar\/ff22cb0efd7c780e79e9009f678238a77b0c4dfa9dc056a1c905dcea9a4034d4?s=96&d=mm&r=g","caption":"EKOenergy ecolabel"},"sameAs":["https:\/\/www.ekoenergy.org\/"],"url":"https:\/\/www.ekoenergy.org\/fr\/author\/ekoenergy\/"}]}},"uagb_featured_image_src":{"full":["https:\/\/www.ekoenergy.org\/wp-content\/uploads\/post-SAP-offices-Location-Walldorf.jpg",2560,1704,false],"thumbnail":["https:\/\/www.ekoenergy.org\/wp-content\/uploads\/post-SAP-offices-Location-Walldorf-150x150.jpg",150,150,true],"medium":["https:\/\/www.ekoenergy.org\/wp-content\/uploads\/post-SAP-offices-Location-Walldorf-320x213.jpg",320,213,true],"medium_large":["https:\/\/www.ekoenergy.org\/wp-content\/uploads\/post-SAP-offices-Location-Walldorf-768x511.jpg",768,511,true],"large":["https:\/\/www.ekoenergy.org\/wp-content\/uploads\/post-SAP-offices-Location-Walldorf-1024x681.jpg",1024,681,true],"1536x1536":["https:\/\/www.ekoenergy.org\/wp-content\/uploads\/post-SAP-offices-Location-Walldorf-1536x1022.jpg",1536,1022,true],"2048x2048":["https:\/\/www.ekoenergy.org\/wp-content\/uploads\/post-SAP-offices-Location-Walldorf-2048x1363.jpg",2048,1363,true]},"uagb_author_info":{"display_name":"EKOenergy ecolabel","author_link":"https:\/\/www.ekoenergy.org\/fr\/author\/ekoenergy\/"},"uagb_comment_info":0,"uagb_excerpt":"La soci\u00e9t\u00e9 de logiciels de pointe SAP a r\u00e9cemment publi\u00e9 son rapport int\u00e9gr\u00e9 2017, donnant des donn\u00e9es r\u00e9centes sur ses performances sociales et environnementales en soulignant son engagement ambitieux d\u2019atteindre la neutralit\u00e9 carbone d\u2019ici 2025. La soci\u00e9t\u00e9 s\u2019est engag\u00e9e \u00e0 une \u00e9lectricit\u00e9 100% renouvelable et a rejoint la coalition RE100 \u2013 reconnue par l\u2019ONU comme\u2026","_links":{"self":[{"href":"https:\/\/www.ekoenergy.org\/fr\/wp-json\/wp\/v2\/posts\/39163","targetHints":{"allow":["GET"]}}],"collection":[{"href":"https:\/\/www.ekoenergy.org\/fr\/wp-json\/wp\/v2\/posts"}],"about":[{"href":"https:\/\/www.ekoenergy.org\/fr\/wp-json\/wp\/v2\/types\/post"}],"author":[{"embeddable":true,"href":"https:\/\/www.ekoenergy.org\/fr\/wp-json\/wp\/v2\/users\/17"}],"replies":[{"embeddable":true,"href":"https:\/\/www.ekoenergy.org\/fr\/wp-json\/wp\/v2\/comments?post=39163"}],"version-history":[{"count":3,"href":"https:\/\/www.ekoenergy.org\/fr\/wp-json\/wp\/v2\/posts\/39163\/revisions"}],"predecessor-version":[{"id":80193,"href":"https:\/\/www.ekoenergy.org\/fr\/wp-json\/wp\/v2\/posts\/39163\/revisions\/80193"}],"wp:featuredmedia":[{"embeddable":true,"href":"https:\/\/www.ekoenergy.org\/fr\/wp-json\/wp\/v2\/media\/26578"}],"wp:attachment":[{"href":"https:\/\/www.ekoenergy.org\/fr\/wp-json\/wp\/v2\/media?parent=39163"}],"wp:term":[{"taxonomy":"category","embeddable":true,"href":"https:\/\/www.ekoenergy.org\/fr\/wp-json\/wp\/v2\/categories?post=39163"},{"taxonomy":"post_tag","embeddable":true,"href":"https:\/\/www.ekoenergy.org\/fr\/wp-json\/wp\/v2\/tags?post=39163"}],"curies":[{"name":"wp","href":"https:\/\/api.w.org\/{rel}","templated":true}]}}