{"id":91618,"date":"2020-12-17T16:53:45","date_gmt":"2020-12-17T14:53:45","guid":{"rendered":"https:\/\/www.ekoenergy.org\/?p=91618"},"modified":"2020-12-18T11:24:24","modified_gmt":"2020-12-18T09:24:24","slug":"cooperations-as-an-environmentally-conscious-organization-chose-to-consume-ekoenergy-labelled-energy","status":"publish","type":"post","link":"https:\/\/www.ekoenergy.org\/fr\/cooperations-as-an-environmentally-conscious-organization-chose-to-consume-ekoenergy-labelled-energy\/","title":{"rendered":"Coop\u00e9rations, en tant qu&rsquo;organisation soucieuse de l&rsquo;environnement, a choisi de consommer de l&rsquo;\u00e9nergie labellis\u00e9e EKO\u00e9nergie"},"content":{"rendered":"\n<figure class=\"wp-block-image size-large is-resized\"><img fetchpriority=\"high\" decoding=\"async\" src=\"https:\/\/www.ekoenergy.org\/wp-content\/uploads\/\/cooperations--1024x682.jpg\" alt=\"\" class=\"wp-image-91597\" width=\"953\" height=\"635\" srcset=\"https:\/\/www.ekoenergy.org\/wp-content\/uploads\/cooperations--1024x682.jpg 1024w, https:\/\/www.ekoenergy.org\/wp-content\/uploads\/cooperations--320x213.jpg 320w, https:\/\/www.ekoenergy.org\/wp-content\/uploads\/cooperations--768x512.jpg 768w, https:\/\/www.ekoenergy.org\/wp-content\/uploads\/cooperations--1536x1024.jpg 1536w, https:\/\/www.ekoenergy.org\/wp-content\/uploads\/cooperations-.jpg 2000w\" sizes=\"(max-width: 953px) 100vw, 953px\" \/><figcaption>La photo a \u00e9t\u00e9 prise durant l&rsquo;\u00e9v\u00e8nement \u00ab\u00a0La nuit des Lampions\u00a0\u00bb<\/figcaption><\/figure>\n\n\n\n<p><a href=\"https:\/\/www.cooperations.lu\/\" target=\"_blank\" rel=\"noreferrer noopener\">Coop\u00e9rations Entreprise Socio-Culturelles<\/a> d\u00e9signe deux organisations au Luxembourg : Coop\u00e9rations Asbl et Coop\u00e9rations Soci\u00e9t\u00e9 Coop\u00e9rative. L&rsquo;une est une organisation socioculturelle \u00e0 but non lucratif qui se concentre sur l&rsquo;art et la culture, l&rsquo;engagement social et l&rsquo;aide aux personnes pour qu&rsquo;elles r\u00e9alisent leur potentiel. L&rsquo;autre est une entreprise \u00e0 vocation socio-\u00e9conomique fonctionnant comme un atelier qui offre des possibilit\u00e9s de travail aux personnes souffrant de handicaps psychosociaux dans le secteur de la restauration, du jardinage et de l&rsquo;art. Un projet de mara\u00eechage a \u00e9galement \u00e9t\u00e9 mis en \u0153uvre au d\u00e9but de l&rsquo;ann\u00e9e 2020 afin de cultiver les l\u00e9gumes pour leur restaurant Eis Kichen. Enfin, un camping devrait ouvrir dans les prochains mois.<\/p>\n\n\n\n<p>Ces deux organisations ont choisi de consommer de l&rsquo;\u00e9nergie labellis\u00e9e EKO\u00e9nergie il y a quelques ann\u00e9es. Nous avons interview\u00e9 Christophe Kremer afin de mieux comprendre Coop\u00e9rations.<\/p>\n\n\n\n<p><strong>Qu&rsquo;est-ce qui vous a pouss\u00e9 \u00e0 choisir l&rsquo;\u00e9lectricit\u00e9 labellis\u00e9e EKOenergy ? Qu&rsquo;est-ce qui vous a convaincu que c&rsquo;\u00e9tait le bon choix \u00e0 faire&nbsp;?<\/strong><\/p>\n\n\n\n<p>Opter pour l&rsquo;\u00e9nergie labellis\u00e9e EKO\u00e9nergie \u00e9tait un choix simple et \u00e9vident \u00e0 faire. L&rsquo;initiative est venue principalement de notre fournisseur d&rsquo;\u00e9nergie luxembourgeois Eida. Lorsqu&rsquo;ils ont \u00e9tabli notre contrat il y a quelques ann\u00e9es, nous avons d\u00e9couvert qu&rsquo;il \u00e9tait possible de choisir EKO\u00e9nergie. Ce choix s\u2019alliait parfaitement avec nos objectifs \u00e9cologiques et s&rsquo;ancre dans un processus commenc\u00e9 il y a quelques ann\u00e9es lorsque nous avons choisi notre fournisseur d\u2019\u00e9lectricit\u00e9. C\u2019est avec eux que cette notion d\u2019\u00e9nergie verte s\u2019est mise en place et s\u2019est d\u00e9velopp\u00e9e. De plus, nous sommes une organisation \u00e0 impact soci\u00e9tal depuis trois ans. Il s&rsquo;agit d&rsquo;un nouveau statut juridique que le Luxembourg a mis en place pour les organisations, telles que Coop\u00e9rations, qui travaillent dans le secteur de l&rsquo;\u00e9conomie solidaire et sociale et qui souhaitent avoir un impact sur la soci\u00e9t\u00e9. C&rsquo;est pourquoi, lorsque l&rsquo;Eida nous a propos\u00e9 EKO\u00e9nergie, le choix a \u00e9t\u00e9 rapide puisque l&rsquo;\u00e9colabel correspondait \u00e0 nos valeurs et \u00e0 notre engagement \u00e9cologique. Eida a simplement simplifi\u00e9 le processus d&rsquo;adh\u00e9sion.<\/p>\n\n\n\n<p><strong>Comment s&rsquo;est d\u00e9roul\u00e9 le processus d&rsquo;achat d&rsquo;\u00e9lectricit\u00e9 renouvelable labellis\u00e9e EKO\u00e9nergie ?&nbsp;<\/strong><\/p>\n\n\n\n<p>Le processus d&rsquo;achat a \u00e9t\u00e9 facile, nous avons juste sign\u00e9 notre contrat et commenc\u00e9 \u00e0 consommer de l&rsquo;\u00e9nergie labellis\u00e9e EKO\u00e9nergie. Nous faisons confiance \u00e0 notre fournisseur car il sait que nous souhaitons nous engager dans des pratiques plus \u00e9cologiques et plus \u00e9thiques. En choisissant cet \u00e9colabel, nous avons la possibilit\u00e9 de pr\u00e9server la plan\u00e8te et d&rsquo;aider diff\u00e9rents projets \u00e0 avancer, comme ceux financ\u00e9s par le Fonds pour le Climat d&rsquo;EKO\u00e9nergie.<\/p>\n\n\n\n<p>Quant \u00e0 nous, nous essayons de sensibiliser le public, notamment sur le th\u00e8me des \u00e9nergies renouvelables. Nous souhaitons \u00e9galement r\u00e9duire notre consommation d&rsquo;\u00e9nergie et son impact. Notre objectif est d&rsquo;utiliser moins d&rsquo;\u00e9nergie et de mani\u00e8re plus efficace, il est donc important pour nous de soutenir les \u00e9nergies renouvelables. Mais \u00e0 long terme, l&rsquo;objectif serait de r\u00e9duire notre consommation d&rsquo;\u00e9nergie, d&rsquo;o\u00f9 ce projet de mara\u00eechage que nous avons mis en place afin de faciliter une cha\u00eene de commercialisation courte (une ligne directe entre le producteur et le consommateur).<\/p>\n\n\n\n<p><strong>Outre la consommation d&rsquo;EKO\u00e9nergie, quelles autres d\u00e9cisions avez-vous prises pour \u00eatre plus durable et \u00e9co-responsable&nbsp;?<\/strong><\/p>\n\n\n\n<p>Nous sommes engag\u00e9s dans les questions de durabilit\u00e9 depuis des ann\u00e9es. Ces cinq derni\u00e8res ann\u00e9es, nous avons soutenu les agriculteurs qui sont en transition vers des m\u00e9thodes agricoles plus \u00e9cologiques ou qui l&rsquo;ont d\u00e9j\u00e0 fait. Actuellement, nous soutenons activement 2 agriculteurs biologiques dans la r\u00e9gion avec de la main d\u2019oeuvre. De plus, nous avons contribu\u00e9 \u00e0 la premi\u00e8re \u00e9picerie sans emballage au Luxembourg avec un don de 10 000 euros. Nous avons \u00e9galement le label <a href=\"https:\/\/www.sdk.lu\/index.php\/fr\/\" target=\"_blank\" rel=\"noreferrer noopener\">SuperDrecksK\u00ebscht<\/a>, qui est un label attribu\u00e9 aux entreprises qui g\u00e8rent leurs d\u00e9chets de mani\u00e8re \u00e9cologique. Enfin, en d\u00e9cembre, nous ouvrirons un magasin \u00e9thique afin de permettre aux producteurs locaux de vendre leurs produits et ainsi faciliter une cha\u00eene de commercialisation courte pour que les produits aillent directement du producteur au consommateur, sans aucun interm\u00e9diaire.<\/p>\n\n\n\n<p>Nous remercions Coop\u00e9rations d&rsquo;avoir choisi EKO\u00e9nergie et d&rsquo;avoir r\u00e9pondu \u00e0 nos questions ! Nous esp\u00e9rons que leurs actions durables en inspireront d&rsquo;autres et acc\u00e9l\u00e9reront la transition vers un monde 100% renouvelable.<\/p>\n\n\n\n<p>Nous tenons \u00e9galement \u00e0 remercier les d\u00e9tenteurs de licences EKO\u00e9nergie pour leur collaboration et pour avoir fourni de l&rsquo;\u00e9lectricit\u00e9 labellis\u00e9e EKO\u00e9nergie. Sans eux, le succ\u00e8s d&rsquo;EKO\u00e9nergie n&rsquo;aurait pas \u00e9t\u00e9 possible. Nous remercions particuli\u00e8rement Eida pour ses efforts au Luxembourg.<\/p>\n\n\n\n<p>Pour voir d\u2019autres articles comme celui-ci et pour en savoir plus sur les entreprises utilisant de l\u2019\u00e9nergie labellis\u00e9e EKO\u00e9nergie, consultez nos<a href=\"https:\/\/www.ekoenergy.org\/fr\/why-buy\/users\/\"> t\u00e9moignages d\u2019utilisateurs .<\/a>Nos licenci\u00e9s et nous-m\u00eames sommes heureux d\u2019aider les particuliers et les entreprises \u00e0 choisir l\u2019\u00e9nergie renouvelable la plus durable.<\/p>\n\n\n\n<p>Si vous envisagez \u00e9galement de montrer votre engagement environnemental et de passer \u00e0 l\u2019\u00e9lectricit\u00e9 durable, <a href=\"https:\/\/www.ekoenergy.org\/fr\/about-us\/contact-us\/\">contactez-nous<\/a>. Pour rester inform\u00e9, suivez-nous sur <a href=\"https:\/\/www.facebook.com\/EKOenergy.ecolabel\/\" target=\"_blank\" rel=\"noreferrer noopener\">Facebook<\/a>, <a href=\"https:\/\/www.linkedin.com\/authwall?trk=gf&amp;trkInfo=AQFbP20FfWSKXQAAAXMkHMTgae-NhpFnZNXbLW9oZ9_xm8-swUdPS-6XHdBDhPHRaky0DVqTuS1yxTgs-T88Lxcq-BN7FOCUJFixC4sVK-03hm0O3XVIF46NMipCW-ygh_dSCDM=&amp;originalReferer=&amp;sessionRedirect=https%3A%2F%2Fwww.linkedin.com%2Fcompany%2Fekoenergy-ecolabel\" target=\"_blank\" rel=\"noreferrer noopener\">Linkedin<\/a>,<a href=\"https:\/\/www.instagram.com\/ekoenergy\/\" target=\"_blank\" rel=\"noreferrer noopener\"> Instagram<\/a>, <a href=\"https:\/\/twitter.com\/ekoenergy_\" target=\"_blank\" rel=\"noreferrer noopener\">Twitter<\/a>, <a href=\"https:\/\/www.youtube.com\/channel\/UCJtqduD7ghXHFM0uU06J7TA\" target=\"_blank\" rel=\"noreferrer noopener\">YouTube<\/a> et <a href=\"https:\/\/www.xing.com\/companies\/ekoenergie\" target=\"_blank\" rel=\"noreferrer noopener\">Xing<\/a>!<\/p>\n\n\n\n<p>Christophe Kremer a \u00e9t\u00e9 interview\u00e9 par Elodie Cuesta\u00a0<\/p>\n\n\n\n<p>Publi\u00e9 le 17 Decembre 2020<\/p>\n","protected":false},"excerpt":{"rendered":"<p>Coop\u00e9rations Entreprise Socio-Culturelles d\u00e9signe deux organisations au Luxembourg : Coop\u00e9rations Asbl et Coop\u00e9rations Soci\u00e9t\u00e9 Coop\u00e9rative. L&rsquo;une est une organisation socioculturelle \u00e0 but non lucratif qui se concentre sur l&rsquo;art et la culture, l&rsquo;engagement social et l&rsquo;aide aux personnes pour qu&rsquo;elles r\u00e9alisent leur potentiel. L&rsquo;autre est une entreprise \u00e0 vocation socio-\u00e9conomique fonctionnant comme un atelier qui [&hellip;]<\/p>\n","protected":false},"author":17,"featured_media":91597,"comment_status":"closed","ping_status":"closed","sticky":false,"template":"","format":"standard","meta":{"inline_featured_image":false,"_uag_custom_page_level_css":"","site-sidebar-layout":"default","site-content-layout":"default","ast-site-content-layout":"default","site-content-style":"default","site-sidebar-style":"default","ast-global-header-display":"","ast-banner-title-visibility":"","ast-main-header-display":"","ast-hfb-above-header-display":"","ast-hfb-below-header-display":"","ast-hfb-mobile-header-display":"","site-post-title":"","ast-breadcrumbs-content":"","ast-featured-img":"","footer-sml-layout":"","ast-disable-related-posts":"","theme-transparent-header-meta":"default","adv-header-id-meta":"","stick-header-meta":"default","header-above-stick-meta":"","header-main-stick-meta":"","header-below-stick-meta":"","astra-migrate-meta-layouts":"default","ast-page-background-enabled":"default","ast-page-background-meta":{"desktop":{"background-color":"","background-image":"","background-repeat":"repeat","background-position":"center center","background-size":"auto","background-attachment":"scroll","background-type":"","background-media":"","overlay-type":"","overlay-color":"","overlay-opacity":"","overlay-gradient":""},"tablet":{"background-color":"","background-image":"","background-repeat":"repeat","background-position":"center center","background-size":"auto","background-attachment":"scroll","background-type":"","background-media":"","overlay-type":"","overlay-color":"","overlay-opacity":"","overlay-gradient":""},"mobile":{"background-color":"","background-image":"","background-repeat":"repeat","background-position":"center center","background-size":"auto","background-attachment":"scroll","background-type":"","background-media":"","overlay-type":"","overlay-color":"","overlay-opacity":"","overlay-gradient":""}},"ast-content-background-meta":{"desktop":{"background-color":"var(--ast-global-color-5)","background-image":"","background-repeat":"repeat","background-position":"center center","background-size":"auto","background-attachment":"scroll","background-type":"","background-media":"","overlay-type":"","overlay-color":"","overlay-opacity":"","overlay-gradient":""},"tablet":{"background-color":"var(--ast-global-color-5)","background-image":"","background-repeat":"repeat","background-position":"center center","background-size":"auto","background-attachment":"scroll","background-type":"","background-media":"","overlay-type":"","overlay-color":"","overlay-opacity":"","overlay-gradient":""},"mobile":{"background-color":"var(--ast-global-color-5)","background-image":"","background-repeat":"repeat","background-position":"center center","background-size":"auto","background-attachment":"scroll","background-type":"","background-media":"","overlay-type":"","overlay-color":"","overlay-opacity":"","overlay-gradient":""}},"footnotes":""},"categories":[199,481],"tags":[497,433],"class_list":["post-91618","post","type-post","status-publish","format-standard","has-post-thumbnail","hentry","category-news-fr","category-user-stories-fr","tag-100-renewable-fr","tag-interview-fr"],"yoast_head":"<!-- This site is optimized with the Yoast SEO plugin v27.3 - https:\/\/yoast.com\/product\/yoast-seo-wordpress\/ -->\n<title>Coop\u00e9rations, en tant qu&#039;organisation soucieuse de l&#039;environnement, a choisi de consommer de l&#039;\u00e9nergie labellis\u00e9e EKO\u00e9nergie - EKOenergy ecolabel<\/title>\n<meta name=\"description\" content=\"Cooperations Entreprises Socio-Culturelles utilise de l&#039;\u00e9nergie labellis\u00e9e EKO\u00e9nergie. Nous avons interview\u00e9 Christophe Kremer pour en savoir plus sur leur choix !\" \/>\n<meta name=\"robots\" content=\"index, follow, max-snippet:-1, max-image-preview:large, max-video-preview:-1\" \/>\n<link rel=\"canonical\" href=\"https:\/\/www.ekoenergy.org\/fr\/cooperations-as-an-environmentally-conscious-organization-chose-to-consume-ekoenergy-labelled-energy\/\" \/>\n<meta property=\"og:locale\" content=\"fr_FR\" \/>\n<meta property=\"og:type\" content=\"article\" \/>\n<meta property=\"og:title\" content=\"Coop\u00e9rations, en tant qu&#039;organisation soucieuse de l&#039;environnement, a choisi de consommer de l&#039;\u00e9nergie labellis\u00e9e EKO\u00e9nergie - EKOenergy ecolabel\" \/>\n<meta property=\"og:description\" content=\"Cooperations Entreprises Socio-Culturelles utilise de l&#039;\u00e9nergie labellis\u00e9e EKO\u00e9nergie. Nous avons interview\u00e9 Christophe Kremer pour en savoir plus sur leur choix !\" \/>\n<meta property=\"og:url\" content=\"https:\/\/www.ekoenergy.org\/fr\/cooperations-as-an-environmentally-conscious-organization-chose-to-consume-ekoenergy-labelled-energy\/\" \/>\n<meta property=\"og:site_name\" content=\"EKOenergy ecolabel\" \/>\n<meta property=\"article:publisher\" content=\"https:\/\/www.facebook.com\/EKOenergy.ecolabel\/\" \/>\n<meta property=\"article:published_time\" content=\"2020-12-17T14:53:45+00:00\" \/>\n<meta property=\"article:modified_time\" content=\"2020-12-18T09:24:24+00:00\" \/>\n<meta property=\"og:image\" content=\"https:\/\/www.ekoenergy.org\/wp-content\/uploads\/cooperations-.jpg\" \/>\n\t<meta property=\"og:image:width\" content=\"2000\" \/>\n\t<meta property=\"og:image:height\" content=\"1333\" \/>\n\t<meta property=\"og:image:type\" content=\"image\/jpeg\" \/>\n<meta name=\"author\" content=\"EKOenergy ecolabel\" \/>\n<meta name=\"twitter:card\" content=\"summary_large_image\" \/>\n<meta name=\"twitter:creator\" content=\"@EKOenergy_\" \/>\n<meta name=\"twitter:site\" content=\"@EKOenergy_\" \/>\n<meta name=\"twitter:label1\" content=\"\u00c9crit par\" \/>\n\t<meta name=\"twitter:data1\" content=\"EKOenergy ecolabel\" \/>\n\t<meta name=\"twitter:label2\" content=\"Dur\u00e9e de lecture estim\u00e9e\" \/>\n\t<meta name=\"twitter:data2\" content=\"4 minutes\" \/>\n<script type=\"application\/ld+json\" class=\"yoast-schema-graph\">{\"@context\":\"https:\\\/\\\/schema.org\",\"@graph\":[{\"@type\":\"Article\",\"@id\":\"https:\\\/\\\/www.ekoenergy.org\\\/fr\\\/cooperations-as-an-environmentally-conscious-organization-chose-to-consume-ekoenergy-labelled-energy\\\/#article\",\"isPartOf\":{\"@id\":\"https:\\\/\\\/www.ekoenergy.org\\\/fr\\\/cooperations-as-an-environmentally-conscious-organization-chose-to-consume-ekoenergy-labelled-energy\\\/\"},\"author\":{\"name\":\"EKOenergy ecolabel\",\"@id\":\"https:\\\/\\\/www.ekoenergy.org\\\/fr\\\/#\\\/schema\\\/person\\\/18741ac2a7d16ef6a1efa6e9186ae079\"},\"headline\":\"Coop\u00e9rations, en tant qu&rsquo;organisation soucieuse de l&rsquo;environnement, a choisi de consommer de l&rsquo;\u00e9nergie labellis\u00e9e EKO\u00e9nergie\",\"datePublished\":\"2020-12-17T14:53:45+00:00\",\"dateModified\":\"2020-12-18T09:24:24+00:00\",\"mainEntityOfPage\":{\"@id\":\"https:\\\/\\\/www.ekoenergy.org\\\/fr\\\/cooperations-as-an-environmentally-conscious-organization-chose-to-consume-ekoenergy-labelled-energy\\\/\"},\"wordCount\":903,\"publisher\":{\"@id\":\"https:\\\/\\\/www.ekoenergy.org\\\/fr\\\/#organization\"},\"image\":{\"@id\":\"https:\\\/\\\/www.ekoenergy.org\\\/fr\\\/cooperations-as-an-environmentally-conscious-organization-chose-to-consume-ekoenergy-labelled-energy\\\/#primaryimage\"},\"thumbnailUrl\":\"https:\\\/\\\/www.ekoenergy.org\\\/wp-content\\\/uploads\\\/cooperations-.jpg\",\"keywords\":[\"100% renewable\",\"Interview\"],\"articleSection\":[\"News\",\"User stories\"],\"inLanguage\":\"fr-FR\"},{\"@type\":\"WebPage\",\"@id\":\"https:\\\/\\\/www.ekoenergy.org\\\/fr\\\/cooperations-as-an-environmentally-conscious-organization-chose-to-consume-ekoenergy-labelled-energy\\\/\",\"url\":\"https:\\\/\\\/www.ekoenergy.org\\\/fr\\\/cooperations-as-an-environmentally-conscious-organization-chose-to-consume-ekoenergy-labelled-energy\\\/\",\"name\":\"Coop\u00e9rations, en tant qu'organisation soucieuse de l'environnement, a choisi de consommer de l'\u00e9nergie labellis\u00e9e EKO\u00e9nergie - EKOenergy ecolabel\",\"isPartOf\":{\"@id\":\"https:\\\/\\\/www.ekoenergy.org\\\/fr\\\/#website\"},\"primaryImageOfPage\":{\"@id\":\"https:\\\/\\\/www.ekoenergy.org\\\/fr\\\/cooperations-as-an-environmentally-conscious-organization-chose-to-consume-ekoenergy-labelled-energy\\\/#primaryimage\"},\"image\":{\"@id\":\"https:\\\/\\\/www.ekoenergy.org\\\/fr\\\/cooperations-as-an-environmentally-conscious-organization-chose-to-consume-ekoenergy-labelled-energy\\\/#primaryimage\"},\"thumbnailUrl\":\"https:\\\/\\\/www.ekoenergy.org\\\/wp-content\\\/uploads\\\/cooperations-.jpg\",\"datePublished\":\"2020-12-17T14:53:45+00:00\",\"dateModified\":\"2020-12-18T09:24:24+00:00\",\"description\":\"Cooperations Entreprises Socio-Culturelles utilise de l'\u00e9nergie labellis\u00e9e EKO\u00e9nergie. Nous avons interview\u00e9 Christophe Kremer pour en savoir plus sur leur choix !\",\"breadcrumb\":{\"@id\":\"https:\\\/\\\/www.ekoenergy.org\\\/fr\\\/cooperations-as-an-environmentally-conscious-organization-chose-to-consume-ekoenergy-labelled-energy\\\/#breadcrumb\"},\"inLanguage\":\"fr-FR\",\"potentialAction\":[{\"@type\":\"ReadAction\",\"target\":[\"https:\\\/\\\/www.ekoenergy.org\\\/fr\\\/cooperations-as-an-environmentally-conscious-organization-chose-to-consume-ekoenergy-labelled-energy\\\/\"]}]},{\"@type\":\"ImageObject\",\"inLanguage\":\"fr-FR\",\"@id\":\"https:\\\/\\\/www.ekoenergy.org\\\/fr\\\/cooperations-as-an-environmentally-conscious-organization-chose-to-consume-ekoenergy-labelled-energy\\\/#primaryimage\",\"url\":\"https:\\\/\\\/www.ekoenergy.org\\\/wp-content\\\/uploads\\\/cooperations-.jpg\",\"contentUrl\":\"https:\\\/\\\/www.ekoenergy.org\\\/wp-content\\\/uploads\\\/cooperations-.jpg\",\"width\":2000,\"height\":1333},{\"@type\":\"BreadcrumbList\",\"@id\":\"https:\\\/\\\/www.ekoenergy.org\\\/fr\\\/cooperations-as-an-environmentally-conscious-organization-chose-to-consume-ekoenergy-labelled-energy\\\/#breadcrumb\",\"itemListElement\":[{\"@type\":\"ListItem\",\"position\":1,\"name\":\"Home\",\"item\":\"https:\\\/\\\/www.ekoenergy.org\\\/fr\\\/\"},{\"@type\":\"ListItem\",\"position\":2,\"name\":\"Coop\u00e9rations, en tant qu&rsquo;organisation soucieuse de l&rsquo;environnement, a choisi de consommer de l&rsquo;\u00e9nergie labellis\u00e9e EKO\u00e9nergie\"}]},{\"@type\":\"WebSite\",\"@id\":\"https:\\\/\\\/www.ekoenergy.org\\\/fr\\\/#website\",\"url\":\"https:\\\/\\\/www.ekoenergy.org\\\/fr\\\/\",\"name\":\"EKOenergy ecolabel\",\"description\":\"The global nonprofit ecolabel for renewable energy\",\"publisher\":{\"@id\":\"https:\\\/\\\/www.ekoenergy.org\\\/fr\\\/#organization\"},\"potentialAction\":[{\"@type\":\"SearchAction\",\"target\":{\"@type\":\"EntryPoint\",\"urlTemplate\":\"https:\\\/\\\/www.ekoenergy.org\\\/fr\\\/?s={search_term_string}\"},\"query-input\":{\"@type\":\"PropertyValueSpecification\",\"valueRequired\":true,\"valueName\":\"search_term_string\"}}],\"inLanguage\":\"fr-FR\"},{\"@type\":\"Organization\",\"@id\":\"https:\\\/\\\/www.ekoenergy.org\\\/fr\\\/#organization\",\"name\":\"Not-for-profit Organisation EKOenergy\",\"url\":\"https:\\\/\\\/www.ekoenergy.org\\\/fr\\\/\",\"logo\":{\"@type\":\"ImageObject\",\"inLanguage\":\"fr-FR\",\"@id\":\"https:\\\/\\\/www.ekoenergy.org\\\/fr\\\/#\\\/schema\\\/logo\\\/image\\\/\",\"url\":\"https:\\\/\\\/www.ekoenergy.org\\\/wp-content\\\/uploads\\\/logo-EKOenergy-no-text.jpg\",\"contentUrl\":\"https:\\\/\\\/www.ekoenergy.org\\\/wp-content\\\/uploads\\\/logo-EKOenergy-no-text.jpg\",\"width\":1600,\"height\":1600,\"caption\":\"Not-for-profit Organisation EKOenergy\"},\"image\":{\"@id\":\"https:\\\/\\\/www.ekoenergy.org\\\/fr\\\/#\\\/schema\\\/logo\\\/image\\\/\"},\"sameAs\":[\"https:\\\/\\\/www.facebook.com\\\/EKOenergy.ecolabel\\\/\",\"https:\\\/\\\/x.com\\\/EKOenergy_\",\"https:\\\/\\\/www.instagram.com\\\/ekoenergy\\\/\",\"https:\\\/\\\/www.linkedin.com\\\/company\\\/ekoenergy-ecolabel\\\/\",\"https:\\\/\\\/www.youtube.com\\\/EKOenergy-ecolabel\",\"https:\\\/\\\/en.wikipedia.org\\\/wiki\\\/EKOenergy\"]},{\"@type\":\"Person\",\"@id\":\"https:\\\/\\\/www.ekoenergy.org\\\/fr\\\/#\\\/schema\\\/person\\\/18741ac2a7d16ef6a1efa6e9186ae079\",\"name\":\"EKOenergy ecolabel\",\"image\":{\"@type\":\"ImageObject\",\"inLanguage\":\"fr-FR\",\"@id\":\"https:\\\/\\\/secure.gravatar.com\\\/avatar\\\/ff22cb0efd7c780e79e9009f678238a77b0c4dfa9dc056a1c905dcea9a4034d4?s=96&d=mm&r=g\",\"url\":\"https:\\\/\\\/secure.gravatar.com\\\/avatar\\\/ff22cb0efd7c780e79e9009f678238a77b0c4dfa9dc056a1c905dcea9a4034d4?s=96&d=mm&r=g\",\"contentUrl\":\"https:\\\/\\\/secure.gravatar.com\\\/avatar\\\/ff22cb0efd7c780e79e9009f678238a77b0c4dfa9dc056a1c905dcea9a4034d4?s=96&d=mm&r=g\",\"caption\":\"EKOenergy ecolabel\"},\"sameAs\":[\"https:\\\/\\\/www.ekoenergy.org\\\/\"],\"url\":\"https:\\\/\\\/www.ekoenergy.org\\\/fr\\\/author\\\/ekoenergy\\\/\"}]}<\/script>\n<!-- \/ Yoast SEO plugin. -->","yoast_head_json":{"title":"Coop\u00e9rations, en tant qu'organisation soucieuse de l'environnement, a choisi de consommer de l'\u00e9nergie labellis\u00e9e EKO\u00e9nergie - EKOenergy ecolabel","description":"Cooperations Entreprises Socio-Culturelles utilise de l'\u00e9nergie labellis\u00e9e EKO\u00e9nergie. Nous avons interview\u00e9 Christophe Kremer pour en savoir plus sur leur choix !","robots":{"index":"index","follow":"follow","max-snippet":"max-snippet:-1","max-image-preview":"max-image-preview:large","max-video-preview":"max-video-preview:-1"},"canonical":"https:\/\/www.ekoenergy.org\/fr\/cooperations-as-an-environmentally-conscious-organization-chose-to-consume-ekoenergy-labelled-energy\/","og_locale":"fr_FR","og_type":"article","og_title":"Coop\u00e9rations, en tant qu'organisation soucieuse de l'environnement, a choisi de consommer de l'\u00e9nergie labellis\u00e9e EKO\u00e9nergie - EKOenergy ecolabel","og_description":"Cooperations Entreprises Socio-Culturelles utilise de l'\u00e9nergie labellis\u00e9e EKO\u00e9nergie. Nous avons interview\u00e9 Christophe Kremer pour en savoir plus sur leur choix !","og_url":"https:\/\/www.ekoenergy.org\/fr\/cooperations-as-an-environmentally-conscious-organization-chose-to-consume-ekoenergy-labelled-energy\/","og_site_name":"EKOenergy ecolabel","article_publisher":"https:\/\/www.facebook.com\/EKOenergy.ecolabel\/","article_published_time":"2020-12-17T14:53:45+00:00","article_modified_time":"2020-12-18T09:24:24+00:00","og_image":[{"width":2000,"height":1333,"url":"https:\/\/www.ekoenergy.org\/wp-content\/uploads\/cooperations-.jpg","type":"image\/jpeg"}],"author":"EKOenergy ecolabel","twitter_card":"summary_large_image","twitter_creator":"@EKOenergy_","twitter_site":"@EKOenergy_","twitter_misc":{"\u00c9crit par":"EKOenergy ecolabel","Dur\u00e9e de lecture estim\u00e9e":"4 minutes"},"schema":{"@context":"https:\/\/schema.org","@graph":[{"@type":"Article","@id":"https:\/\/www.ekoenergy.org\/fr\/cooperations-as-an-environmentally-conscious-organization-chose-to-consume-ekoenergy-labelled-energy\/#article","isPartOf":{"@id":"https:\/\/www.ekoenergy.org\/fr\/cooperations-as-an-environmentally-conscious-organization-chose-to-consume-ekoenergy-labelled-energy\/"},"author":{"name":"EKOenergy ecolabel","@id":"https:\/\/www.ekoenergy.org\/fr\/#\/schema\/person\/18741ac2a7d16ef6a1efa6e9186ae079"},"headline":"Coop\u00e9rations, en tant qu&rsquo;organisation soucieuse de l&rsquo;environnement, a choisi de consommer de l&rsquo;\u00e9nergie labellis\u00e9e EKO\u00e9nergie","datePublished":"2020-12-17T14:53:45+00:00","dateModified":"2020-12-18T09:24:24+00:00","mainEntityOfPage":{"@id":"https:\/\/www.ekoenergy.org\/fr\/cooperations-as-an-environmentally-conscious-organization-chose-to-consume-ekoenergy-labelled-energy\/"},"wordCount":903,"publisher":{"@id":"https:\/\/www.ekoenergy.org\/fr\/#organization"},"image":{"@id":"https:\/\/www.ekoenergy.org\/fr\/cooperations-as-an-environmentally-conscious-organization-chose-to-consume-ekoenergy-labelled-energy\/#primaryimage"},"thumbnailUrl":"https:\/\/www.ekoenergy.org\/wp-content\/uploads\/cooperations-.jpg","keywords":["100% renewable","Interview"],"articleSection":["News","User stories"],"inLanguage":"fr-FR"},{"@type":"WebPage","@id":"https:\/\/www.ekoenergy.org\/fr\/cooperations-as-an-environmentally-conscious-organization-chose-to-consume-ekoenergy-labelled-energy\/","url":"https:\/\/www.ekoenergy.org\/fr\/cooperations-as-an-environmentally-conscious-organization-chose-to-consume-ekoenergy-labelled-energy\/","name":"Coop\u00e9rations, en tant qu'organisation soucieuse de l'environnement, a choisi de consommer de l'\u00e9nergie labellis\u00e9e EKO\u00e9nergie - EKOenergy ecolabel","isPartOf":{"@id":"https:\/\/www.ekoenergy.org\/fr\/#website"},"primaryImageOfPage":{"@id":"https:\/\/www.ekoenergy.org\/fr\/cooperations-as-an-environmentally-conscious-organization-chose-to-consume-ekoenergy-labelled-energy\/#primaryimage"},"image":{"@id":"https:\/\/www.ekoenergy.org\/fr\/cooperations-as-an-environmentally-conscious-organization-chose-to-consume-ekoenergy-labelled-energy\/#primaryimage"},"thumbnailUrl":"https:\/\/www.ekoenergy.org\/wp-content\/uploads\/cooperations-.jpg","datePublished":"2020-12-17T14:53:45+00:00","dateModified":"2020-12-18T09:24:24+00:00","description":"Cooperations Entreprises Socio-Culturelles utilise de l'\u00e9nergie labellis\u00e9e EKO\u00e9nergie. Nous avons interview\u00e9 Christophe Kremer pour en savoir plus sur leur choix !","breadcrumb":{"@id":"https:\/\/www.ekoenergy.org\/fr\/cooperations-as-an-environmentally-conscious-organization-chose-to-consume-ekoenergy-labelled-energy\/#breadcrumb"},"inLanguage":"fr-FR","potentialAction":[{"@type":"ReadAction","target":["https:\/\/www.ekoenergy.org\/fr\/cooperations-as-an-environmentally-conscious-organization-chose-to-consume-ekoenergy-labelled-energy\/"]}]},{"@type":"ImageObject","inLanguage":"fr-FR","@id":"https:\/\/www.ekoenergy.org\/fr\/cooperations-as-an-environmentally-conscious-organization-chose-to-consume-ekoenergy-labelled-energy\/#primaryimage","url":"https:\/\/www.ekoenergy.org\/wp-content\/uploads\/cooperations-.jpg","contentUrl":"https:\/\/www.ekoenergy.org\/wp-content\/uploads\/cooperations-.jpg","width":2000,"height":1333},{"@type":"BreadcrumbList","@id":"https:\/\/www.ekoenergy.org\/fr\/cooperations-as-an-environmentally-conscious-organization-chose-to-consume-ekoenergy-labelled-energy\/#breadcrumb","itemListElement":[{"@type":"ListItem","position":1,"name":"Home","item":"https:\/\/www.ekoenergy.org\/fr\/"},{"@type":"ListItem","position":2,"name":"Coop\u00e9rations, en tant qu&rsquo;organisation soucieuse de l&rsquo;environnement, a choisi de consommer de l&rsquo;\u00e9nergie labellis\u00e9e EKO\u00e9nergie"}]},{"@type":"WebSite","@id":"https:\/\/www.ekoenergy.org\/fr\/#website","url":"https:\/\/www.ekoenergy.org\/fr\/","name":"EKOenergy ecolabel","description":"The global nonprofit ecolabel for renewable energy","publisher":{"@id":"https:\/\/www.ekoenergy.org\/fr\/#organization"},"potentialAction":[{"@type":"SearchAction","target":{"@type":"EntryPoint","urlTemplate":"https:\/\/www.ekoenergy.org\/fr\/?s={search_term_string}"},"query-input":{"@type":"PropertyValueSpecification","valueRequired":true,"valueName":"search_term_string"}}],"inLanguage":"fr-FR"},{"@type":"Organization","@id":"https:\/\/www.ekoenergy.org\/fr\/#organization","name":"Not-for-profit Organisation EKOenergy","url":"https:\/\/www.ekoenergy.org\/fr\/","logo":{"@type":"ImageObject","inLanguage":"fr-FR","@id":"https:\/\/www.ekoenergy.org\/fr\/#\/schema\/logo\/image\/","url":"https:\/\/www.ekoenergy.org\/wp-content\/uploads\/logo-EKOenergy-no-text.jpg","contentUrl":"https:\/\/www.ekoenergy.org\/wp-content\/uploads\/logo-EKOenergy-no-text.jpg","width":1600,"height":1600,"caption":"Not-for-profit Organisation EKOenergy"},"image":{"@id":"https:\/\/www.ekoenergy.org\/fr\/#\/schema\/logo\/image\/"},"sameAs":["https:\/\/www.facebook.com\/EKOenergy.ecolabel\/","https:\/\/x.com\/EKOenergy_","https:\/\/www.instagram.com\/ekoenergy\/","https:\/\/www.linkedin.com\/company\/ekoenergy-ecolabel\/","https:\/\/www.youtube.com\/EKOenergy-ecolabel","https:\/\/en.wikipedia.org\/wiki\/EKOenergy"]},{"@type":"Person","@id":"https:\/\/www.ekoenergy.org\/fr\/#\/schema\/person\/18741ac2a7d16ef6a1efa6e9186ae079","name":"EKOenergy ecolabel","image":{"@type":"ImageObject","inLanguage":"fr-FR","@id":"https:\/\/secure.gravatar.com\/avatar\/ff22cb0efd7c780e79e9009f678238a77b0c4dfa9dc056a1c905dcea9a4034d4?s=96&d=mm&r=g","url":"https:\/\/secure.gravatar.com\/avatar\/ff22cb0efd7c780e79e9009f678238a77b0c4dfa9dc056a1c905dcea9a4034d4?s=96&d=mm&r=g","contentUrl":"https:\/\/secure.gravatar.com\/avatar\/ff22cb0efd7c780e79e9009f678238a77b0c4dfa9dc056a1c905dcea9a4034d4?s=96&d=mm&r=g","caption":"EKOenergy ecolabel"},"sameAs":["https:\/\/www.ekoenergy.org\/"],"url":"https:\/\/www.ekoenergy.org\/fr\/author\/ekoenergy\/"}]}},"uagb_featured_image_src":{"full":["https:\/\/www.ekoenergy.org\/wp-content\/uploads\/cooperations-.jpg",2000,1333,false],"thumbnail":["https:\/\/www.ekoenergy.org\/wp-content\/uploads\/cooperations--150x150.jpg",150,150,true],"medium":["https:\/\/www.ekoenergy.org\/wp-content\/uploads\/cooperations--320x213.jpg",320,213,true],"medium_large":["https:\/\/www.ekoenergy.org\/wp-content\/uploads\/cooperations--768x512.jpg",768,512,true],"large":["https:\/\/www.ekoenergy.org\/wp-content\/uploads\/cooperations--1024x682.jpg",1024,682,true],"1536x1536":["https:\/\/www.ekoenergy.org\/wp-content\/uploads\/cooperations--1536x1024.jpg",1536,1024,true],"2048x2048":["https:\/\/www.ekoenergy.org\/wp-content\/uploads\/cooperations-.jpg",2000,1333,false]},"uagb_author_info":{"display_name":"EKOenergy ecolabel","author_link":"https:\/\/www.ekoenergy.org\/fr\/author\/ekoenergy\/"},"uagb_comment_info":0,"uagb_excerpt":"Coop\u00e9rations Entreprise Socio-Culturelles d\u00e9signe deux organisations au Luxembourg : Coop\u00e9rations Asbl et Coop\u00e9rations Soci\u00e9t\u00e9 Coop\u00e9rative. L&rsquo;une est une organisation socioculturelle \u00e0 but non lucratif qui se concentre sur l&rsquo;art et la culture, l&rsquo;engagement social et l&rsquo;aide aux personnes pour qu&rsquo;elles r\u00e9alisent leur potentiel. L&rsquo;autre est une entreprise \u00e0 vocation socio-\u00e9conomique fonctionnant comme un atelier qui\u2026","_links":{"self":[{"href":"https:\/\/www.ekoenergy.org\/fr\/wp-json\/wp\/v2\/posts\/91618","targetHints":{"allow":["GET"]}}],"collection":[{"href":"https:\/\/www.ekoenergy.org\/fr\/wp-json\/wp\/v2\/posts"}],"about":[{"href":"https:\/\/www.ekoenergy.org\/fr\/wp-json\/wp\/v2\/types\/post"}],"author":[{"embeddable":true,"href":"https:\/\/www.ekoenergy.org\/fr\/wp-json\/wp\/v2\/users\/17"}],"replies":[{"embeddable":true,"href":"https:\/\/www.ekoenergy.org\/fr\/wp-json\/wp\/v2\/comments?post=91618"}],"version-history":[{"count":2,"href":"https:\/\/www.ekoenergy.org\/fr\/wp-json\/wp\/v2\/posts\/91618\/revisions"}],"predecessor-version":[{"id":91909,"href":"https:\/\/www.ekoenergy.org\/fr\/wp-json\/wp\/v2\/posts\/91618\/revisions\/91909"}],"wp:featuredmedia":[{"embeddable":true,"href":"https:\/\/www.ekoenergy.org\/fr\/wp-json\/wp\/v2\/media\/91597"}],"wp:attachment":[{"href":"https:\/\/www.ekoenergy.org\/fr\/wp-json\/wp\/v2\/media?parent=91618"}],"wp:term":[{"taxonomy":"category","embeddable":true,"href":"https:\/\/www.ekoenergy.org\/fr\/wp-json\/wp\/v2\/categories?post=91618"},{"taxonomy":"post_tag","embeddable":true,"href":"https:\/\/www.ekoenergy.org\/fr\/wp-json\/wp\/v2\/tags?post=91618"}],"curies":[{"name":"wp","href":"https:\/\/api.w.org\/{rel}","templated":true}]}}