{"id":39132,"date":"2019-04-15T14:35:00","date_gmt":"2019-04-15T14:35:00","guid":{"rendered":"https:\/\/www.ekoenergy.org\/carrera-jeans-supports-the-ekoenergy-fashion-campaign\/"},"modified":"2020-03-11T08:01:22","modified_gmt":"2020-03-11T08:01:22","slug":"carrera-jeans-supports-the-ekoenergy-fashion-campaign","status":"publish","type":"post","link":"https:\/\/www.ekoenergy.org\/it\/carrera-jeans-supports-the-ekoenergy-fashion-campaign\/","title":{"rendered":"Carrera Jeans supporta la Fashion Campaign di EKOenergy"},"content":{"rendered":"\n<div class=\"wp-block-image\"><figure class=\"aligncenter size-large\"><img fetchpriority=\"high\" decoding=\"async\" width=\"1920\" height=\"1080\" src=\"https:\/\/www.ekoenergy.org\/wp-content\/uploads\/post-Carrera-jeans-fashion-campaign-Logos-on-jeans.png\" alt=\"\" class=\"wp-image-26814\" srcset=\"https:\/\/www.ekoenergy.org\/wp-content\/uploads\/post-Carrera-jeans-fashion-campaign-Logos-on-jeans.png 1920w, https:\/\/www.ekoenergy.org\/wp-content\/uploads\/post-Carrera-jeans-fashion-campaign-Logos-on-jeans-320x180.png 320w, https:\/\/www.ekoenergy.org\/wp-content\/uploads\/post-Carrera-jeans-fashion-campaign-Logos-on-jeans-1024x576.png 1024w, https:\/\/www.ekoenergy.org\/wp-content\/uploads\/post-Carrera-jeans-fashion-campaign-Logos-on-jeans-768x432.png 768w, https:\/\/www.ekoenergy.org\/wp-content\/uploads\/post-Carrera-jeans-fashion-campaign-Logos-on-jeans-1536x864.png 1536w\" sizes=\"(max-width: 1920px) 100vw, 1920px\" \/><\/figure><\/div>\n\n\n\n<p><a rel=\"noreferrer noopener\" href=\"https:\/\/www.carrerajeans.com\/it\" target=\"_blank\">Carrera Jeans<\/a> \u00e8 una storica azienda italiana produttrice di abbigliamento che esporta in tutto il mondo. Da 3 anni l\u2019energia che alimenta uffici e punti vendita Carrera in Italia, oltre ad essere verde, \u00e8 anche al <strong>100% EKOenergy<\/strong>. In occasione della campagna appena lanciata da EKOenergy &#8220;<a href=\"https:\/\/www.ekoenergy.org\/wp-content\/uploads\/Fashion-Leaflet-Italian.pdf\" target=\"_blank\" rel=\"noreferrer noopener\" aria-label=\" (opens in a new tab)\">Passion for Green Fashion<\/a>&#8220;,  che ha come obbiettivo quello di indurre le aziende di moda ad utilizzare energia rinnovabile, l\u2019AD di Carrera Jeans \u2013 Gianluca  Tacchella \u2013 ha acconsentito a rispondere alle nostre domande. Le sue  risposte ci hanno sorpreso ma, allo stesso tempo, ci hanno fatto scoprire interessanti aspetti positivi di quest\u2019azienda dei quali non eravamo a conoscenza.<\/p>\n\n\n\n<p><strong>Che cosa vi ha portato a scegliere EKOenergy?<\/strong><\/p>\n\n\n\n<p><em>Un giorno mio nonno mi disse: \u201cSe tu lasci ai tuoi figli un posto peggiore di quello che ti ho lasciato io, non vedo l\u2019utilit\u00e0 della tua venuta sulla terra.\u201d Questa \u00e8 la filosofia sulla quale si basa la nostra azienda. Dopo aver installato i nostri primi pannelli solari sul tetto dei nostri capannoni, abbiamo deciso di ampliare il nostro consumo di  energia verde e, grazie a <a rel=\"noreferrer noopener\" href=\"https:\/\/www.forgreen.it\/\" target=\"_blank\">ForGreen<\/a>, \u00e8 nata la possibilit\u00e0 di far diventare verdi tutti i negozi sul territorio nazionale. Qui a Carrera cerchiamo di essere sostenibili a 360\u00b0. Non lo facciamo per dare al nostro brand un\u2019immagine pi\u00f9 verde e pi\u00f9 sostenibile, infatti non lo urliamo a voce alta. Lo facciamo perch\u00e8 \u00e8 giusto farlo, perch\u00e8 \u00e8 etico e perch\u00e8 vogliamo assumerci la responsabilit\u00e0 delle nostre azioni.<\/em><\/p>\n\n\n\n<p><strong>Non crede per\u00f2 che dichiarare apertamente la propria  sostenibilit\u00e0 sia importante per lanciare un messaggio positivo e per spingere altre aziende a fare lo stesso?<\/strong><\/p>\n\n\n\n<p><em>Sono molte le grandi aziende della moda che si preoccupano di dichiarare quanto siano verdi e quanto si impegnino a costruire un mondo migliore; e altrettanti sono gli scandali che riempiono le pagine dei  giornali e che riguardano le stesse aziende. Io credo che abbia pi\u00f9  valore e sia pi\u00f9 credibile una dichiarazione di sostenibilit\u00e0 da parte di un ente terzo, per l\u2019appunto il <a href=\"https:\/\/www.ekoenergy.org\/it\/about-us\/\">marchio ecologico EKOenergy<\/a>, piuttosto che un\u2019auto-dichiarazione<\/em>.<\/p>\n\n\n\n<p><strong>Pensa che la domanda per un settore della moda pi\u00f9 sostenibile sia in crescita?<\/strong><\/p>\n\n\n\n<p><em>Credo che in generale ci sia una maggior attenzione per la sostenibilit\u00e0. Tuttavia abbiamo notato che, quando tale tendenza per la sostenibilit\u00e0 va a pesare sul portafoglio dei consumatori, spesso si arriva ad un punto di rottura. Ad ogni modo non credo che sia giusto scaricare tutta la colpa sui consumatori: le grandi catene di abbigliamento che stanno spopolando sul mercato e che applicano il modello del fast fashion offrono prodotti a prezzi bassissimi e hanno abituato la clientela a tali prezzi. Ognuno di noi ha l\u2019obbligo di fare il meglio che pu\u00f2 per essere sostenibile ma se siamo inseriti in un\u2019economia consumistica <strong>o cambia radicalmente il modello di consumo o essere sostenibili diventa un lusso riservato alle \u00e9lites<\/strong>. Non possiamo avere tutto ci\u00f2 che vogliamo ed avere anche la sostenibilit\u00e0.<\/em><\/p>\n\n\n\n<p><strong>Cosa consiglierebbe alle altre aziende del settore che  vogliano fare qualcosa in pi\u00f9 per la sostenibilit\u00e0 e per la Responsabilit\u00e0 Sociale d\u2019Impresa? E che ruolo ricopre l\u2019energia?<\/strong><\/p>\n\n\n\n<p><em>Non mi sento di dire ad altre aziende cosa \u00e8 meglio fare, perch\u00e8 ogni azienda \u00e8 un mondo diverso, un ente complesso che ha come necessit\u00e0 vitale che i ricavi ricoprano i costi. Noi utilizziamo energia verde  perch\u00e8 \u00e8 giusto e perch\u00e8 ci sta a cuore il futuro del pianeta, ma anche perch\u00e8 possiamo sostenerlo economicamente. Se cos\u00ec non fosse purtroppo non sarebbe possibile. In questo senso \u00e8 positivo vedere che il mercato delle energie rinnovabili \u00e8 in crescita e che i prezzi sono sempre pi\u00f9 competitivi. E, affinch\u00e9 questa tendenza del mercato energetico continui, \u00e8 <strong>fondamentale che sempre pi\u00f9 aziende prendano parte al processo di transizione verso le energie rinnovabili<\/strong>.<\/em><\/p>\n\n\n\n<p>Ringraziamo Carrera Jeans per aver scelto EKOenergy e ringraziamo ForGreen, operatore energetico 100% rinnovabile ed autorizzato alla vendita di EKOenergy, per averlo reso possibile. Ringraziamo anche  Gianluca Tacchella per il tempo dedicatoci e la pazienza nel rispondere  alle nostre domande. EKOenergy lavora ogni giorno per aiutare individui ed aziende a reperire l\u2019energia verde pi\u00f9 sostenibile e per facilitare la transizione verso un mondo al 100% rinnovabile. Speriamo che questo esempio positivo che arriva dall\u2019Italia possa essere di ispirazione anche per le altre aziende del settore.<\/p>\n\n\n\n<p>Se lavori per l\u2019industria della moda e sei interessato ad aderire alla nostra campagna, non esitare a <a href=\"https:\/\/www.ekoenergy.org\/it\/about-us\/contact-us\/\">contattarci<\/a>!<\/p>\n\n\n\n<p>Di Valeria Pauletti<br>Pubblicato il 15 aprile 2019<\/p>\n","protected":false},"excerpt":{"rendered":"<p>Carrera Jeans \u00e8 una storica azienda italiana produttrice di abbigliamento che esporta in tutto il mondo. Da 3 anni l\u2019energia che alimenta uffici e punti vendita Carrera in Italia, oltre ad essere verde, \u00e8 anche al 100% EKOenergy. In occasione della campagna appena lanciata da EKOenergy &#8220;Passion for Green Fashion&#8220;, che ha come obbiettivo quello [&hellip;]<\/p>\n","protected":false},"author":17,"featured_media":26814,"comment_status":"closed","ping_status":"open","sticky":false,"template":"","format":"standard","meta":{"inline_featured_image":false,"_uag_custom_page_level_css":"","site-sidebar-layout":"default","site-content-layout":"default","ast-site-content-layout":"default","site-content-style":"default","site-sidebar-style":"default","ast-global-header-display":"","ast-banner-title-visibility":"","ast-main-header-display":"","ast-hfb-above-header-display":"","ast-hfb-below-header-display":"","ast-hfb-mobile-header-display":"","site-post-title":"","ast-breadcrumbs-content":"","ast-featured-img":"","footer-sml-layout":"","ast-disable-related-posts":"","theme-transparent-header-meta":"default","adv-header-id-meta":"","stick-header-meta":"default","header-above-stick-meta":"","header-main-stick-meta":"","header-below-stick-meta":"","astra-migrate-meta-layouts":"default","ast-page-background-enabled":"default","ast-page-background-meta":{"desktop":{"background-color":"","background-image":"","background-repeat":"repeat","background-position":"center center","background-size":"auto","background-attachment":"scroll","background-type":"","background-media":"","overlay-type":"","overlay-color":"","overlay-opacity":"","overlay-gradient":""},"tablet":{"background-color":"","background-image":"","background-repeat":"repeat","background-position":"center center","background-size":"auto","background-attachment":"scroll","background-type":"","background-media":"","overlay-type":"","overlay-color":"","overlay-opacity":"","overlay-gradient":""},"mobile":{"background-color":"","background-image":"","background-repeat":"repeat","background-position":"center center","background-size":"auto","background-attachment":"scroll","background-type":"","background-media":"","overlay-type":"","overlay-color":"","overlay-opacity":"","overlay-gradient":""}},"ast-content-background-meta":{"desktop":{"background-color":"var(--ast-global-color-5)","background-image":"","background-repeat":"repeat","background-position":"center center","background-size":"auto","background-attachment":"scroll","background-type":"","background-media":"","overlay-type":"","overlay-color":"","overlay-opacity":"","overlay-gradient":""},"tablet":{"background-color":"var(--ast-global-color-5)","background-image":"","background-repeat":"repeat","background-position":"center center","background-size":"auto","background-attachment":"scroll","background-type":"","background-media":"","overlay-type":"","overlay-color":"","overlay-opacity":"","overlay-gradient":""},"mobile":{"background-color":"var(--ast-global-color-5)","background-image":"","background-repeat":"repeat","background-position":"center center","background-size":"auto","background-attachment":"scroll","background-type":"","background-media":"","overlay-type":"","overlay-color":"","overlay-opacity":"","overlay-gradient":""}},"footnotes":""},"categories":[483],"tags":[505,435,466],"class_list":["post-39132","post","type-post","status-publish","format-standard","has-post-thumbnail","hentry","category-user-stories-it","tag-100-renewable-it","tag-interview-it","tag-using-the-ekoenergy-logo-it"],"yoast_head":"<!-- This site is optimized with the Yoast SEO plugin v27.3 - https:\/\/yoast.com\/product\/yoast-seo-wordpress\/ -->\n<title>Carrera Jeans supporta la Fashion Campaign di EKOenergy - EKOenergy ecolabel<\/title>\n<meta name=\"robots\" content=\"index, follow, max-snippet:-1, max-image-preview:large, max-video-preview:-1\" \/>\n<link rel=\"canonical\" href=\"https:\/\/www.ekoenergy.org\/it\/carrera-jeans-supports-the-ekoenergy-fashion-campaign\/\" \/>\n<meta property=\"og:locale\" content=\"it_IT\" \/>\n<meta property=\"og:type\" content=\"article\" \/>\n<meta property=\"og:title\" content=\"Carrera Jeans supporta la Fashion Campaign di EKOenergy - EKOenergy ecolabel\" \/>\n<meta property=\"og:description\" content=\"Carrera Jeans \u00e8 una storica azienda italiana produttrice di abbigliamento che esporta in tutto il mondo. Da 3 anni l\u2019energia che alimenta uffici e punti vendita Carrera in Italia, oltre ad essere verde, \u00e8 anche al 100% EKOenergy. In occasione della campagna appena lanciata da EKOenergy &#8220;Passion for Green Fashion&#8220;, che ha come obbiettivo quello [&hellip;]\" \/>\n<meta property=\"og:url\" content=\"https:\/\/www.ekoenergy.org\/it\/carrera-jeans-supports-the-ekoenergy-fashion-campaign\/\" \/>\n<meta property=\"og:site_name\" content=\"EKOenergy ecolabel\" \/>\n<meta property=\"article:publisher\" content=\"https:\/\/www.facebook.com\/EKOenergy.ecolabel\/\" \/>\n<meta property=\"article:published_time\" content=\"2019-04-15T14:35:00+00:00\" \/>\n<meta property=\"article:modified_time\" content=\"2020-03-11T08:01:22+00:00\" \/>\n<meta property=\"og:image\" content=\"https:\/\/www.ekoenergy.org\/wp-content\/uploads\/post-Carrera-jeans-fashion-campaign-Logos-on-jeans.png\" \/>\n\t<meta property=\"og:image:width\" content=\"1920\" \/>\n\t<meta property=\"og:image:height\" content=\"1080\" \/>\n\t<meta property=\"og:image:type\" content=\"image\/png\" \/>\n<meta name=\"author\" content=\"EKOenergy ecolabel\" \/>\n<meta name=\"twitter:card\" content=\"summary_large_image\" \/>\n<meta name=\"twitter:creator\" content=\"@EKOenergy_\" \/>\n<meta name=\"twitter:site\" content=\"@EKOenergy_\" \/>\n<meta name=\"twitter:label1\" content=\"Scritto da\" \/>\n\t<meta name=\"twitter:data1\" content=\"EKOenergy ecolabel\" \/>\n\t<meta name=\"twitter:label2\" content=\"Tempo di lettura stimato\" \/>\n\t<meta name=\"twitter:data2\" content=\"4 minuti\" \/>\n<script type=\"application\/ld+json\" class=\"yoast-schema-graph\">{\"@context\":\"https:\\\/\\\/schema.org\",\"@graph\":[{\"@type\":\"Article\",\"@id\":\"https:\\\/\\\/www.ekoenergy.org\\\/it\\\/carrera-jeans-supports-the-ekoenergy-fashion-campaign\\\/#article\",\"isPartOf\":{\"@id\":\"https:\\\/\\\/www.ekoenergy.org\\\/it\\\/carrera-jeans-supports-the-ekoenergy-fashion-campaign\\\/\"},\"author\":{\"name\":\"EKOenergy ecolabel\",\"@id\":\"https:\\\/\\\/www.ekoenergy.org\\\/it\\\/#\\\/schema\\\/person\\\/18741ac2a7d16ef6a1efa6e9186ae079\"},\"headline\":\"Carrera Jeans supporta la Fashion Campaign di EKOenergy\",\"datePublished\":\"2019-04-15T14:35:00+00:00\",\"dateModified\":\"2020-03-11T08:01:22+00:00\",\"mainEntityOfPage\":{\"@id\":\"https:\\\/\\\/www.ekoenergy.org\\\/it\\\/carrera-jeans-supports-the-ekoenergy-fashion-campaign\\\/\"},\"wordCount\":732,\"publisher\":{\"@id\":\"https:\\\/\\\/www.ekoenergy.org\\\/it\\\/#organization\"},\"image\":{\"@id\":\"https:\\\/\\\/www.ekoenergy.org\\\/it\\\/carrera-jeans-supports-the-ekoenergy-fashion-campaign\\\/#primaryimage\"},\"thumbnailUrl\":\"https:\\\/\\\/www.ekoenergy.org\\\/wp-content\\\/uploads\\\/post-Carrera-jeans-fashion-campaign-Logos-on-jeans.png\",\"keywords\":[\"100% renewable\",\"Interview\",\"Using the EKOenergy logo\"],\"articleSection\":[\"User stories\"],\"inLanguage\":\"it-IT\"},{\"@type\":\"WebPage\",\"@id\":\"https:\\\/\\\/www.ekoenergy.org\\\/it\\\/carrera-jeans-supports-the-ekoenergy-fashion-campaign\\\/\",\"url\":\"https:\\\/\\\/www.ekoenergy.org\\\/it\\\/carrera-jeans-supports-the-ekoenergy-fashion-campaign\\\/\",\"name\":\"Carrera Jeans supporta la Fashion Campaign di EKOenergy - EKOenergy ecolabel\",\"isPartOf\":{\"@id\":\"https:\\\/\\\/www.ekoenergy.org\\\/it\\\/#website\"},\"primaryImageOfPage\":{\"@id\":\"https:\\\/\\\/www.ekoenergy.org\\\/it\\\/carrera-jeans-supports-the-ekoenergy-fashion-campaign\\\/#primaryimage\"},\"image\":{\"@id\":\"https:\\\/\\\/www.ekoenergy.org\\\/it\\\/carrera-jeans-supports-the-ekoenergy-fashion-campaign\\\/#primaryimage\"},\"thumbnailUrl\":\"https:\\\/\\\/www.ekoenergy.org\\\/wp-content\\\/uploads\\\/post-Carrera-jeans-fashion-campaign-Logos-on-jeans.png\",\"datePublished\":\"2019-04-15T14:35:00+00:00\",\"dateModified\":\"2020-03-11T08:01:22+00:00\",\"breadcrumb\":{\"@id\":\"https:\\\/\\\/www.ekoenergy.org\\\/it\\\/carrera-jeans-supports-the-ekoenergy-fashion-campaign\\\/#breadcrumb\"},\"inLanguage\":\"it-IT\",\"potentialAction\":[{\"@type\":\"ReadAction\",\"target\":[\"https:\\\/\\\/www.ekoenergy.org\\\/it\\\/carrera-jeans-supports-the-ekoenergy-fashion-campaign\\\/\"]}]},{\"@type\":\"ImageObject\",\"inLanguage\":\"it-IT\",\"@id\":\"https:\\\/\\\/www.ekoenergy.org\\\/it\\\/carrera-jeans-supports-the-ekoenergy-fashion-campaign\\\/#primaryimage\",\"url\":\"https:\\\/\\\/www.ekoenergy.org\\\/wp-content\\\/uploads\\\/post-Carrera-jeans-fashion-campaign-Logos-on-jeans.png\",\"contentUrl\":\"https:\\\/\\\/www.ekoenergy.org\\\/wp-content\\\/uploads\\\/post-Carrera-jeans-fashion-campaign-Logos-on-jeans.png\",\"width\":1920,\"height\":1080},{\"@type\":\"BreadcrumbList\",\"@id\":\"https:\\\/\\\/www.ekoenergy.org\\\/it\\\/carrera-jeans-supports-the-ekoenergy-fashion-campaign\\\/#breadcrumb\",\"itemListElement\":[{\"@type\":\"ListItem\",\"position\":1,\"name\":\"Home\",\"item\":\"https:\\\/\\\/www.ekoenergy.org\\\/it\\\/\"},{\"@type\":\"ListItem\",\"position\":2,\"name\":\"Carrera Jeans supporta la Fashion Campaign di EKOenergy\"}]},{\"@type\":\"WebSite\",\"@id\":\"https:\\\/\\\/www.ekoenergy.org\\\/it\\\/#website\",\"url\":\"https:\\\/\\\/www.ekoenergy.org\\\/it\\\/\",\"name\":\"EKOenergy ecolabel\",\"description\":\"The global nonprofit ecolabel for renewable energy\",\"publisher\":{\"@id\":\"https:\\\/\\\/www.ekoenergy.org\\\/it\\\/#organization\"},\"potentialAction\":[{\"@type\":\"SearchAction\",\"target\":{\"@type\":\"EntryPoint\",\"urlTemplate\":\"https:\\\/\\\/www.ekoenergy.org\\\/it\\\/?s={search_term_string}\"},\"query-input\":{\"@type\":\"PropertyValueSpecification\",\"valueRequired\":true,\"valueName\":\"search_term_string\"}}],\"inLanguage\":\"it-IT\"},{\"@type\":\"Organization\",\"@id\":\"https:\\\/\\\/www.ekoenergy.org\\\/it\\\/#organization\",\"name\":\"Not-for-profit Organisation EKOenergy\",\"url\":\"https:\\\/\\\/www.ekoenergy.org\\\/it\\\/\",\"logo\":{\"@type\":\"ImageObject\",\"inLanguage\":\"it-IT\",\"@id\":\"https:\\\/\\\/www.ekoenergy.org\\\/it\\\/#\\\/schema\\\/logo\\\/image\\\/\",\"url\":\"https:\\\/\\\/www.ekoenergy.org\\\/wp-content\\\/uploads\\\/logo-EKOenergy-no-text.jpg\",\"contentUrl\":\"https:\\\/\\\/www.ekoenergy.org\\\/wp-content\\\/uploads\\\/logo-EKOenergy-no-text.jpg\",\"width\":1600,\"height\":1600,\"caption\":\"Not-for-profit Organisation EKOenergy\"},\"image\":{\"@id\":\"https:\\\/\\\/www.ekoenergy.org\\\/it\\\/#\\\/schema\\\/logo\\\/image\\\/\"},\"sameAs\":[\"https:\\\/\\\/www.facebook.com\\\/EKOenergy.ecolabel\\\/\",\"https:\\\/\\\/x.com\\\/EKOenergy_\",\"https:\\\/\\\/www.instagram.com\\\/ekoenergy\\\/\",\"https:\\\/\\\/www.linkedin.com\\\/company\\\/ekoenergy-ecolabel\\\/\",\"https:\\\/\\\/www.youtube.com\\\/EKOenergy-ecolabel\",\"https:\\\/\\\/en.wikipedia.org\\\/wiki\\\/EKOenergy\"]},{\"@type\":\"Person\",\"@id\":\"https:\\\/\\\/www.ekoenergy.org\\\/it\\\/#\\\/schema\\\/person\\\/18741ac2a7d16ef6a1efa6e9186ae079\",\"name\":\"EKOenergy ecolabel\",\"image\":{\"@type\":\"ImageObject\",\"inLanguage\":\"it-IT\",\"@id\":\"https:\\\/\\\/secure.gravatar.com\\\/avatar\\\/ff22cb0efd7c780e79e9009f678238a77b0c4dfa9dc056a1c905dcea9a4034d4?s=96&d=mm&r=g\",\"url\":\"https:\\\/\\\/secure.gravatar.com\\\/avatar\\\/ff22cb0efd7c780e79e9009f678238a77b0c4dfa9dc056a1c905dcea9a4034d4?s=96&d=mm&r=g\",\"contentUrl\":\"https:\\\/\\\/secure.gravatar.com\\\/avatar\\\/ff22cb0efd7c780e79e9009f678238a77b0c4dfa9dc056a1c905dcea9a4034d4?s=96&d=mm&r=g\",\"caption\":\"EKOenergy ecolabel\"},\"sameAs\":[\"https:\\\/\\\/www.ekoenergy.org\\\/\"],\"url\":\"https:\\\/\\\/www.ekoenergy.org\\\/it\\\/author\\\/ekoenergy\\\/\"}]}<\/script>\n<!-- \/ Yoast SEO plugin. -->","yoast_head_json":{"title":"Carrera Jeans supporta la Fashion Campaign di EKOenergy - EKOenergy ecolabel","robots":{"index":"index","follow":"follow","max-snippet":"max-snippet:-1","max-image-preview":"max-image-preview:large","max-video-preview":"max-video-preview:-1"},"canonical":"https:\/\/www.ekoenergy.org\/it\/carrera-jeans-supports-the-ekoenergy-fashion-campaign\/","og_locale":"it_IT","og_type":"article","og_title":"Carrera Jeans supporta la Fashion Campaign di EKOenergy - EKOenergy ecolabel","og_description":"Carrera Jeans \u00e8 una storica azienda italiana produttrice di abbigliamento che esporta in tutto il mondo. Da 3 anni l\u2019energia che alimenta uffici e punti vendita Carrera in Italia, oltre ad essere verde, \u00e8 anche al 100% EKOenergy. In occasione della campagna appena lanciata da EKOenergy &#8220;Passion for Green Fashion&#8220;, che ha come obbiettivo quello [&hellip;]","og_url":"https:\/\/www.ekoenergy.org\/it\/carrera-jeans-supports-the-ekoenergy-fashion-campaign\/","og_site_name":"EKOenergy ecolabel","article_publisher":"https:\/\/www.facebook.com\/EKOenergy.ecolabel\/","article_published_time":"2019-04-15T14:35:00+00:00","article_modified_time":"2020-03-11T08:01:22+00:00","og_image":[{"width":1920,"height":1080,"url":"https:\/\/www.ekoenergy.org\/wp-content\/uploads\/post-Carrera-jeans-fashion-campaign-Logos-on-jeans.png","type":"image\/png"}],"author":"EKOenergy ecolabel","twitter_card":"summary_large_image","twitter_creator":"@EKOenergy_","twitter_site":"@EKOenergy_","twitter_misc":{"Scritto da":"EKOenergy ecolabel","Tempo di lettura stimato":"4 minuti"},"schema":{"@context":"https:\/\/schema.org","@graph":[{"@type":"Article","@id":"https:\/\/www.ekoenergy.org\/it\/carrera-jeans-supports-the-ekoenergy-fashion-campaign\/#article","isPartOf":{"@id":"https:\/\/www.ekoenergy.org\/it\/carrera-jeans-supports-the-ekoenergy-fashion-campaign\/"},"author":{"name":"EKOenergy ecolabel","@id":"https:\/\/www.ekoenergy.org\/it\/#\/schema\/person\/18741ac2a7d16ef6a1efa6e9186ae079"},"headline":"Carrera Jeans supporta la Fashion Campaign di EKOenergy","datePublished":"2019-04-15T14:35:00+00:00","dateModified":"2020-03-11T08:01:22+00:00","mainEntityOfPage":{"@id":"https:\/\/www.ekoenergy.org\/it\/carrera-jeans-supports-the-ekoenergy-fashion-campaign\/"},"wordCount":732,"publisher":{"@id":"https:\/\/www.ekoenergy.org\/it\/#organization"},"image":{"@id":"https:\/\/www.ekoenergy.org\/it\/carrera-jeans-supports-the-ekoenergy-fashion-campaign\/#primaryimage"},"thumbnailUrl":"https:\/\/www.ekoenergy.org\/wp-content\/uploads\/post-Carrera-jeans-fashion-campaign-Logos-on-jeans.png","keywords":["100% renewable","Interview","Using the EKOenergy logo"],"articleSection":["User stories"],"inLanguage":"it-IT"},{"@type":"WebPage","@id":"https:\/\/www.ekoenergy.org\/it\/carrera-jeans-supports-the-ekoenergy-fashion-campaign\/","url":"https:\/\/www.ekoenergy.org\/it\/carrera-jeans-supports-the-ekoenergy-fashion-campaign\/","name":"Carrera Jeans supporta la Fashion Campaign di EKOenergy - EKOenergy ecolabel","isPartOf":{"@id":"https:\/\/www.ekoenergy.org\/it\/#website"},"primaryImageOfPage":{"@id":"https:\/\/www.ekoenergy.org\/it\/carrera-jeans-supports-the-ekoenergy-fashion-campaign\/#primaryimage"},"image":{"@id":"https:\/\/www.ekoenergy.org\/it\/carrera-jeans-supports-the-ekoenergy-fashion-campaign\/#primaryimage"},"thumbnailUrl":"https:\/\/www.ekoenergy.org\/wp-content\/uploads\/post-Carrera-jeans-fashion-campaign-Logos-on-jeans.png","datePublished":"2019-04-15T14:35:00+00:00","dateModified":"2020-03-11T08:01:22+00:00","breadcrumb":{"@id":"https:\/\/www.ekoenergy.org\/it\/carrera-jeans-supports-the-ekoenergy-fashion-campaign\/#breadcrumb"},"inLanguage":"it-IT","potentialAction":[{"@type":"ReadAction","target":["https:\/\/www.ekoenergy.org\/it\/carrera-jeans-supports-the-ekoenergy-fashion-campaign\/"]}]},{"@type":"ImageObject","inLanguage":"it-IT","@id":"https:\/\/www.ekoenergy.org\/it\/carrera-jeans-supports-the-ekoenergy-fashion-campaign\/#primaryimage","url":"https:\/\/www.ekoenergy.org\/wp-content\/uploads\/post-Carrera-jeans-fashion-campaign-Logos-on-jeans.png","contentUrl":"https:\/\/www.ekoenergy.org\/wp-content\/uploads\/post-Carrera-jeans-fashion-campaign-Logos-on-jeans.png","width":1920,"height":1080},{"@type":"BreadcrumbList","@id":"https:\/\/www.ekoenergy.org\/it\/carrera-jeans-supports-the-ekoenergy-fashion-campaign\/#breadcrumb","itemListElement":[{"@type":"ListItem","position":1,"name":"Home","item":"https:\/\/www.ekoenergy.org\/it\/"},{"@type":"ListItem","position":2,"name":"Carrera Jeans supporta la Fashion Campaign di EKOenergy"}]},{"@type":"WebSite","@id":"https:\/\/www.ekoenergy.org\/it\/#website","url":"https:\/\/www.ekoenergy.org\/it\/","name":"EKOenergy ecolabel","description":"The global nonprofit ecolabel for renewable energy","publisher":{"@id":"https:\/\/www.ekoenergy.org\/it\/#organization"},"potentialAction":[{"@type":"SearchAction","target":{"@type":"EntryPoint","urlTemplate":"https:\/\/www.ekoenergy.org\/it\/?s={search_term_string}"},"query-input":{"@type":"PropertyValueSpecification","valueRequired":true,"valueName":"search_term_string"}}],"inLanguage":"it-IT"},{"@type":"Organization","@id":"https:\/\/www.ekoenergy.org\/it\/#organization","name":"Not-for-profit Organisation EKOenergy","url":"https:\/\/www.ekoenergy.org\/it\/","logo":{"@type":"ImageObject","inLanguage":"it-IT","@id":"https:\/\/www.ekoenergy.org\/it\/#\/schema\/logo\/image\/","url":"https:\/\/www.ekoenergy.org\/wp-content\/uploads\/logo-EKOenergy-no-text.jpg","contentUrl":"https:\/\/www.ekoenergy.org\/wp-content\/uploads\/logo-EKOenergy-no-text.jpg","width":1600,"height":1600,"caption":"Not-for-profit Organisation EKOenergy"},"image":{"@id":"https:\/\/www.ekoenergy.org\/it\/#\/schema\/logo\/image\/"},"sameAs":["https:\/\/www.facebook.com\/EKOenergy.ecolabel\/","https:\/\/x.com\/EKOenergy_","https:\/\/www.instagram.com\/ekoenergy\/","https:\/\/www.linkedin.com\/company\/ekoenergy-ecolabel\/","https:\/\/www.youtube.com\/EKOenergy-ecolabel","https:\/\/en.wikipedia.org\/wiki\/EKOenergy"]},{"@type":"Person","@id":"https:\/\/www.ekoenergy.org\/it\/#\/schema\/person\/18741ac2a7d16ef6a1efa6e9186ae079","name":"EKOenergy ecolabel","image":{"@type":"ImageObject","inLanguage":"it-IT","@id":"https:\/\/secure.gravatar.com\/avatar\/ff22cb0efd7c780e79e9009f678238a77b0c4dfa9dc056a1c905dcea9a4034d4?s=96&d=mm&r=g","url":"https:\/\/secure.gravatar.com\/avatar\/ff22cb0efd7c780e79e9009f678238a77b0c4dfa9dc056a1c905dcea9a4034d4?s=96&d=mm&r=g","contentUrl":"https:\/\/secure.gravatar.com\/avatar\/ff22cb0efd7c780e79e9009f678238a77b0c4dfa9dc056a1c905dcea9a4034d4?s=96&d=mm&r=g","caption":"EKOenergy ecolabel"},"sameAs":["https:\/\/www.ekoenergy.org\/"],"url":"https:\/\/www.ekoenergy.org\/it\/author\/ekoenergy\/"}]}},"uagb_featured_image_src":{"full":["https:\/\/www.ekoenergy.org\/wp-content\/uploads\/post-Carrera-jeans-fashion-campaign-Logos-on-jeans.png",1920,1080,false],"thumbnail":["https:\/\/www.ekoenergy.org\/wp-content\/uploads\/post-Carrera-jeans-fashion-campaign-Logos-on-jeans-150x150.png",150,150,true],"medium":["https:\/\/www.ekoenergy.org\/wp-content\/uploads\/post-Carrera-jeans-fashion-campaign-Logos-on-jeans-320x180.png",320,180,true],"medium_large":["https:\/\/www.ekoenergy.org\/wp-content\/uploads\/post-Carrera-jeans-fashion-campaign-Logos-on-jeans-768x432.png",768,432,true],"large":["https:\/\/www.ekoenergy.org\/wp-content\/uploads\/post-Carrera-jeans-fashion-campaign-Logos-on-jeans-1024x576.png",1024,576,true],"1536x1536":["https:\/\/www.ekoenergy.org\/wp-content\/uploads\/post-Carrera-jeans-fashion-campaign-Logos-on-jeans-1536x864.png",1536,864,true],"2048x2048":["https:\/\/www.ekoenergy.org\/wp-content\/uploads\/post-Carrera-jeans-fashion-campaign-Logos-on-jeans.png",1920,1080,false]},"uagb_author_info":{"display_name":"EKOenergy ecolabel","author_link":"https:\/\/www.ekoenergy.org\/it\/author\/ekoenergy\/"},"uagb_comment_info":0,"uagb_excerpt":"Carrera Jeans \u00e8 una storica azienda italiana produttrice di abbigliamento che esporta in tutto il mondo. Da 3 anni l\u2019energia che alimenta uffici e punti vendita Carrera in Italia, oltre ad essere verde, \u00e8 anche al 100% EKOenergy. In occasione della campagna appena lanciata da EKOenergy &#8220;Passion for Green Fashion&#8220;, che ha come obbiettivo quello&hellip;","_links":{"self":[{"href":"https:\/\/www.ekoenergy.org\/it\/wp-json\/wp\/v2\/posts\/39132","targetHints":{"allow":["GET"]}}],"collection":[{"href":"https:\/\/www.ekoenergy.org\/it\/wp-json\/wp\/v2\/posts"}],"about":[{"href":"https:\/\/www.ekoenergy.org\/it\/wp-json\/wp\/v2\/types\/post"}],"author":[{"embeddable":true,"href":"https:\/\/www.ekoenergy.org\/it\/wp-json\/wp\/v2\/users\/17"}],"replies":[{"embeddable":true,"href":"https:\/\/www.ekoenergy.org\/it\/wp-json\/wp\/v2\/comments?post=39132"}],"version-history":[{"count":3,"href":"https:\/\/www.ekoenergy.org\/it\/wp-json\/wp\/v2\/posts\/39132\/revisions"}],"predecessor-version":[{"id":66381,"href":"https:\/\/www.ekoenergy.org\/it\/wp-json\/wp\/v2\/posts\/39132\/revisions\/66381"}],"wp:featuredmedia":[{"embeddable":true,"href":"https:\/\/www.ekoenergy.org\/it\/wp-json\/wp\/v2\/media\/26814"}],"wp:attachment":[{"href":"https:\/\/www.ekoenergy.org\/it\/wp-json\/wp\/v2\/media?parent=39132"}],"wp:term":[{"taxonomy":"category","embeddable":true,"href":"https:\/\/www.ekoenergy.org\/it\/wp-json\/wp\/v2\/categories?post=39132"},{"taxonomy":"post_tag","embeddable":true,"href":"https:\/\/www.ekoenergy.org\/it\/wp-json\/wp\/v2\/tags?post=39132"}],"curies":[{"name":"wp","href":"https:\/\/api.w.org\/{rel}","templated":true}]}}