{"id":91624,"date":"2020-12-17T16:53:45","date_gmt":"2020-12-17T14:53:45","guid":{"rendered":"https:\/\/www.ekoenergy.org\/?p=91624"},"modified":"2021-04-13T13:05:15","modified_gmt":"2021-04-13T10:05:15","slug":"cooperations-as-an-environmentally-conscious-organization-chose-to-consume-ekoenergy-labelled-energy","status":"publish","type":"post","link":"https:\/\/www.ekoenergy.org\/pt\/cooperations-as-an-environmentally-conscious-organization-chose-to-consume-ekoenergy-labelled-energy\/","title":{"rendered":"\u201cCoop\u00e9rations Enterprises Socio-Culturelles\u201d de Luxemburgo agora est\u00e1 usando EKOenergy tamb\u00e9m"},"content":{"rendered":"\n<figure class=\"wp-block-image size-large is-resized\"><img fetchpriority=\"high\" decoding=\"async\" src=\"https:\/\/www.ekoenergy.org\/wp-content\/uploads\/\/cooperations--1024x682.jpg\" alt=\"\" class=\"wp-image-91603\" width=\"953\" height=\"635\" srcset=\"https:\/\/www.ekoenergy.org\/wp-content\/uploads\/cooperations--1024x682.jpg 1024w, https:\/\/www.ekoenergy.org\/wp-content\/uploads\/cooperations--320x213.jpg 320w, https:\/\/www.ekoenergy.org\/wp-content\/uploads\/cooperations--768x512.jpg 768w, https:\/\/www.ekoenergy.org\/wp-content\/uploads\/cooperations--1536x1024.jpg 1536w, https:\/\/www.ekoenergy.org\/wp-content\/uploads\/cooperations-.jpg 2000w\" sizes=\"(max-width: 953px) 100vw, 953px\" \/><figcaption>The photo was taken during one of their event &#8220;La nuit des Lampions&#8221;<\/figcaption><\/figure>\n\n\n\n<p><a href=\"https:\/\/www.cooperations.lu\/\" target=\"_blank\" rel=\"noreferrer noopener\">Coop\u00e9rations Entreprises Socio-Culturelles<\/a> se refere a duas organiza\u00e7\u00f5es em Luxemburgo: Coop\u00e9rations Asbl e Coop\u00e9rations Soci\u00e9t\u00e9 Coop\u00e9rative. Uma \u00e9 uma organiza\u00e7\u00e3o sociocultural sem fins lucrativos focada em arte e cultura, envolvimento social e ajudar pessoas a alcan\u00e7ar seu potencial. A outra \u00e9 uma empresa socioeconomicamente orientada, que funciona como um workshop, e oferece oportunidades de trabalho para pessoas com defici\u00eancias psicossociais na ind\u00fastria aliment\u00edcia, jardinagem e arte. Um projeto de cultura de vegetais tamb\u00e9m foi implementado no come\u00e7o de 2020 para produzir vegetais para o seu restaurante, Eis Kichen. Por fim, um acampamento deve abrir nos pr\u00f3ximos meses.<\/p>\n\n\n\n<p>Ambas as organiza\u00e7\u00f5es escolheram consumir energia rotulada pela EKOenergy h\u00e1 alguns anos. N\u00f3s entrevistamos Christophe Kremer para entender melhor Coop\u00e9rations.<\/p>\n\n\n\n<p><\/p>\n\n\n\n<p><strong>Qual foi a for\u00e7a motriz por tr\u00e1s da sua decis\u00e3o de usar energia rotulada pela EKOenergy? O que lhe convenceu que esse era o passo certo?<\/strong><\/p>\n\n\n\n<p>Optar pela energia rotulada pela EKOenergy foi uma escolha simples e \u00f3bvia a ser feita, e a iniciativa veio, principalmente, do nosso fornecedor luxemburgu\u00eas de energia, Eida. Quando eles elaboraram nosso contrato h\u00e1 alguns anos, descobrimos que era poss\u00edvel escolher EKOenergy. Essa escolha se alinhava perfeitamente com nossos objetivos de sustentabilidade, e seguia o caminho que n\u00f3s escolhemos quando selecionamos o provedor de energia. Al\u00e9m disso, n\u00f3s temos sido uma organiza\u00e7\u00e3o de impacto social pelos \u00faltimos tr\u00eas anos, que \u00e9 um novo status legal que Luxemburgo criou para organiza\u00e7\u00f5es como Coop\u00e9rations, que trabalham no setor de solidariedade e economia social, e gostariam de ter um impacto na sociedade. Esse \u00e9 o motivo, que quando Eida nos ofereceu EKOenergy, foi uma escolha r\u00e1pida, porque o r\u00f3tulo energ\u00e9tico correspondia aos nossos valores e engajamento ecol\u00f3gico. Eida apenas simplificou o processo de ades\u00e3o.<\/p>\n\n\n\n<p><strong>Como foi o processo de comprar eletricidade renov\u00e1vel rotulada pela EKOenergy para voc\u00ea?<\/strong><\/p>\n\n\n\n<p>O processo de compra foi f\u00e1cil, n\u00f3s apenas assinamos o contrato e come\u00e7amos a consumir energia rotulada pela EKOenergy. N\u00f3s confiamos no nosso provedor porque eles sabem que n\u00f3s queremos engajar em mais pr\u00e1ticas \u00e9ticas e ecol\u00f3gicas. Ao escolher esse r\u00f3tulo ecol\u00f3gico, n\u00f3s temos a oportunidade de preservar o planeta, bem como ajudar diferentes projetos a seguir em frente, como aqueles fomentados atrav\u00e9s do Fundo Clim\u00e1tico EKOenergy. N\u00f3s tentamos, ainda, conscientizar sobre a energia renov\u00e1vel. N\u00f3s tamb\u00e9m gostar\u00edamos de reduzir nosso consumo energ\u00e9tico e seu impacto. Nossa meta \u00e9 usar menos energia e de uma forma melhor, assim, \u00e9 importante para n\u00f3s apoiar energias renov\u00e1veis. Em longo prazo, entretanto, a meta seria reduzir nosso consumo energ\u00e9tico, por isso implantamos esse projeto de cultura de vegetais, para facilitar uma cadeia de mercado mais curta (uma linha direta entre o produtor e o consumidor).<\/p>\n\n\n\n<p><strong>Voc\u00ea j\u00e1 falou brevemente sobre, mas voc\u00ea poderia falar mais sobre quais outras decis\u00f5es voc\u00eas tomaram para ser mais sustent\u00e1vel, al\u00e9m de consumir EKOenergy?<\/strong><\/p>\n\n\n\n<p>N\u00f3s temos nos engajado em quest\u00f5es de sustentabilidade h\u00e1 anos. Nos \u00faltimos cinco anos, apoiamos fazendeiros que est\u00e3o mudando para m\u00e9todos de agricultura mais sustent\u00e1vel, ou j\u00e1 o fizeram. No momento, n\u00f3s apoiamos ativamente dois fazendeiros org\u00e2nicos na regi\u00e3o, fornecendo-os trabalhadores. Al\u00e9m disso, doamos 10.000 euros para abrir a primeira mercearia sem embalagens em Luxemburgo. N\u00f3s tamb\u00e9m temos o r\u00f3tulo\u00a0<a href=\"https:\/\/www.sdk.lu\/index.php\/fr\/\" target=\"_blank\" rel=\"noreferrer noopener\">SuperDrecksK\u00ebscht<\/a> que \u00e9 um r\u00f3tulo creditado \u00e0 empresas que gerenciam seu lixo de uma forma ecologicamente correta. Por fim, em Dezembro, n\u00f3s abriremos uma loja \u00e9tica para possibilitar aos produtores locais venderem seus produtos e facilitar uma cadeia de mercado mais curta para ir direto do produtor para o consumidor, sem nenhum intermedi\u00e1rio.<\/p>\n\n\n\n<div style=\"height:64px\" aria-hidden=\"true\" class=\"wp-block-spacer\"><\/div>\n\n\n\n<p>N\u00f3s agradecemos a Coop\u00e9rations por escolher EKOenergy e por responderem \u00e0s nossas perguntas! Esperamos que as a\u00e7\u00f5es sustent\u00e1veis deles inspirem outros e acelere a transi\u00e7\u00e3o para um Mundo 100% sustent\u00e1vel.<\/p>\n\n\n\n<p>N\u00f3s tamb\u00e9m gostar\u00edamos de agradecer aos licenciados da EKOenergy por trabalharem conosco e providenciarem a energia rotulada pela EKOenergy. Sem eles, o sucesso da EKOenergy n\u00e3o seria poss\u00edvel. N\u00f3s particularmente agradecemos \u00e0 Eida por seus esfor\u00e7os em Luxemburgo.<\/p>\n\n\n\n<p>Para ver outros artigos como esse, e aprender mais sobre empresas usando energia rotulada pela EKOenergy, veja nossas <a href=\"https:\/\/www.ekoenergy.org\/pt\/why-buy\/users\/\" target=\"_blank\" rel=\"noreferrer noopener\">hist\u00f3rias de usu\u00e1rios<\/a>. N\u00f3s e nossos licenciados, estamos felizes em ajudar indiv\u00edduos e empresas a escolherem a energia renov\u00e1vel mais sustent\u00e1vel dispon\u00edvel. <\/p>\n\n\n\n<p>Se voc\u00ea est\u00e1 considerando formas de demonstrar seu compromisso ambiental ou pensando em mudar para eletricidade ambientalmente sustent\u00e1vel, n\u00e3o hesite em <a href=\"https:\/\/www.ekoenergy.org\/pt\/about-us\/contact-us\/\" target=\"_blank\" rel=\"noreferrer noopener\">nos contatar<\/a>.<\/p>\n\n\n\n<p>Para manter-se informado, nos siga nas p\u00e1ginas de <a href=\"https:\/\/www.facebook.com\/EKOenergy.ecolabel\/\" target=\"_blank\" rel=\"noreferrer noopener\">Facebook<\/a>, <a href=\"https:\/\/www.linkedin.com\/authwall?trk=gf&amp;trkInfo=AQFbP20FfWSKXQAAAXMkHMTgae-NhpFnZNXbLW9oZ9_xm8-swUdPS-6XHdBDhPHRaky0DVqTuS1yxTgs-T88Lxcq-BN7FOCUJFixC4sVK-03hm0O3XVIF46NMipCW-ygh_dSCDM=&amp;originalReferer=&amp;sessionRedirect=https%3A%2F%2Fwww.linkedin.com%2Fcompany%2Fekoenergy-ecolabel\" target=\"_blank\" rel=\"noreferrer noopener\">Linkedln<\/a>,<a href=\"https:\/\/www.instagram.com\/ekoenergy\/\" target=\"_blank\" rel=\"noreferrer noopener\"> Instagram<\/a>, <a href=\"https:\/\/twitter.com\/ekoenergy_\" target=\"_blank\" rel=\"noreferrer noopener\">Twitter<\/a>, <a href=\"https:\/\/www.youtube.com\/channel\/UCJtqduD7ghXHFM0uU06J7TA\" target=\"_blank\" rel=\"noreferrer noopener\">YouTube<\/a> e <a href=\"https:\/\/www.xing.com\/companies\/ekoenergie\" target=\"_blank\" rel=\"noreferrer noopener\">Xing<\/a>!<\/p>\n\n\n\n<div style=\"height:62px\" aria-hidden=\"true\" class=\"wp-block-spacer\"><\/div>\n\n\n\n<p>Christophe Kremer foi entrevistado por Elodie Cuesta\u00a0<\/p>\n\n\n\n<p>Publicado em 17 Dezembro de 2020<\/p>\n","protected":false},"excerpt":{"rendered":"<p>Coop\u00e9rations Entreprises Socio-Culturelles se refere a duas organiza\u00e7\u00f5es em Luxemburgo: Coop\u00e9rations Asbl e Coop\u00e9rations Soci\u00e9t\u00e9 Coop\u00e9rative. Uma \u00e9 uma organiza\u00e7\u00e3o sociocultural sem fins lucrativos focada em arte e cultura, envolvimento social e ajudar pessoas a alcan\u00e7ar seu potencial. A outra \u00e9 uma empresa socioeconomicamente orientada, que funciona como um workshop, e oferece oportunidades de trabalho [&hellip;]<\/p>\n","protected":false},"author":17,"featured_media":91603,"comment_status":"closed","ping_status":"closed","sticky":false,"template":"","format":"standard","meta":{"inline_featured_image":false,"_uag_custom_page_level_css":"","site-sidebar-layout":"default","site-content-layout":"default","ast-site-content-layout":"default","site-content-style":"default","site-sidebar-style":"default","ast-global-header-display":"","ast-banner-title-visibility":"","ast-main-header-display":"","ast-hfb-above-header-display":"","ast-hfb-below-header-display":"","ast-hfb-mobile-header-display":"","site-post-title":"","ast-breadcrumbs-content":"","ast-featured-img":"","footer-sml-layout":"","ast-disable-related-posts":"","theme-transparent-header-meta":"default","adv-header-id-meta":"","stick-header-meta":"default","header-above-stick-meta":"","header-main-stick-meta":"","header-below-stick-meta":"","astra-migrate-meta-layouts":"default","ast-page-background-enabled":"default","ast-page-background-meta":{"desktop":{"background-color":"","background-image":"","background-repeat":"repeat","background-position":"center center","background-size":"auto","background-attachment":"scroll","background-type":"","background-media":"","overlay-type":"","overlay-color":"","overlay-opacity":"","overlay-gradient":""},"tablet":{"background-color":"","background-image":"","background-repeat":"repeat","background-position":"center center","background-size":"auto","background-attachment":"scroll","background-type":"","background-media":"","overlay-type":"","overlay-color":"","overlay-opacity":"","overlay-gradient":""},"mobile":{"background-color":"","background-image":"","background-repeat":"repeat","background-position":"center center","background-size":"auto","background-attachment":"scroll","background-type":"","background-media":"","overlay-type":"","overlay-color":"","overlay-opacity":"","overlay-gradient":""}},"ast-content-background-meta":{"desktop":{"background-color":"var(--ast-global-color-5)","background-image":"","background-repeat":"repeat","background-position":"center center","background-size":"auto","background-attachment":"scroll","background-type":"","background-media":"","overlay-type":"","overlay-color":"","overlay-opacity":"","overlay-gradient":""},"tablet":{"background-color":"var(--ast-global-color-5)","background-image":"","background-repeat":"repeat","background-position":"center center","background-size":"auto","background-attachment":"scroll","background-type":"","background-media":"","overlay-type":"","overlay-color":"","overlay-opacity":"","overlay-gradient":""},"mobile":{"background-color":"var(--ast-global-color-5)","background-image":"","background-repeat":"repeat","background-position":"center center","background-size":"auto","background-attachment":"scroll","background-type":"","background-media":"","overlay-type":"","overlay-color":"","overlay-opacity":"","overlay-gradient":""}},"footnotes":""},"categories":[278,486],"tags":[504,437],"class_list":["post-91624","post","type-post","status-publish","format-standard","has-post-thumbnail","hentry","category-noticias","category-user-stories-pt","tag-100-renewable-pt","tag-interview-pt"],"yoast_head":"<!-- This site is optimized with the Yoast SEO plugin v27.3 - https:\/\/yoast.com\/product\/yoast-seo-wordpress\/ -->\n<title>\u201cCoop\u00e9rations Enterprises Socio-Culturelles\u201d de Luxemburgo agora est\u00e1 usando EKOenergy tamb\u00e9m - EKOenergy ecolabel<\/title>\n<meta name=\"description\" content=\"Coop\u00e9rations Entreprises Socio-Culturelles usa energ\u00eda com o r\u00f3tulo EKOenergy. Entrevistamos o Christophe Kremer para saber mais sobre essa escolha!\" \/>\n<meta name=\"robots\" content=\"index, follow, max-snippet:-1, max-image-preview:large, max-video-preview:-1\" \/>\n<link rel=\"canonical\" href=\"https:\/\/www.ekoenergy.org\/pt\/cooperations-as-an-environmentally-conscious-organization-chose-to-consume-ekoenergy-labelled-energy\/\" \/>\n<meta property=\"og:locale\" content=\"pt_PT\" \/>\n<meta property=\"og:type\" content=\"article\" \/>\n<meta property=\"og:title\" content=\"\u201cCoop\u00e9rations Enterprises Socio-Culturelles\u201d de Luxemburgo agora est\u00e1 usando EKOenergy tamb\u00e9m - EKOenergy ecolabel\" \/>\n<meta property=\"og:description\" content=\"Coop\u00e9rations Entreprises Socio-Culturelles usa energ\u00eda com o r\u00f3tulo EKOenergy. Entrevistamos o Christophe Kremer para saber mais sobre essa escolha!\" \/>\n<meta property=\"og:url\" content=\"https:\/\/www.ekoenergy.org\/pt\/cooperations-as-an-environmentally-conscious-organization-chose-to-consume-ekoenergy-labelled-energy\/\" \/>\n<meta property=\"og:site_name\" content=\"EKOenergy ecolabel\" \/>\n<meta property=\"article:publisher\" content=\"https:\/\/www.facebook.com\/EKOenergy.ecolabel\/\" \/>\n<meta property=\"article:published_time\" content=\"2020-12-17T14:53:45+00:00\" \/>\n<meta property=\"article:modified_time\" content=\"2021-04-13T10:05:15+00:00\" \/>\n<meta property=\"og:image\" content=\"https:\/\/www.ekoenergy.org\/wp-content\/uploads\/cooperations-.jpg\" \/>\n\t<meta property=\"og:image:width\" content=\"2000\" \/>\n\t<meta property=\"og:image:height\" content=\"1333\" \/>\n\t<meta property=\"og:image:type\" content=\"image\/jpeg\" \/>\n<meta name=\"author\" content=\"EKOenergy ecolabel\" \/>\n<meta name=\"twitter:card\" content=\"summary_large_image\" \/>\n<meta name=\"twitter:creator\" content=\"@EKOenergy_\" \/>\n<meta name=\"twitter:site\" content=\"@EKOenergy_\" \/>\n<meta name=\"twitter:label1\" content=\"Written by\" \/>\n\t<meta name=\"twitter:data1\" content=\"EKOenergy ecolabel\" \/>\n\t<meta name=\"twitter:label2\" content=\"Est. reading time\" \/>\n\t<meta name=\"twitter:data2\" content=\"4 minutes\" \/>\n<script type=\"application\/ld+json\" class=\"yoast-schema-graph\">{\"@context\":\"https:\\\/\\\/schema.org\",\"@graph\":[{\"@type\":\"Article\",\"@id\":\"https:\\\/\\\/www.ekoenergy.org\\\/pt\\\/cooperations-as-an-environmentally-conscious-organization-chose-to-consume-ekoenergy-labelled-energy\\\/#article\",\"isPartOf\":{\"@id\":\"https:\\\/\\\/www.ekoenergy.org\\\/pt\\\/cooperations-as-an-environmentally-conscious-organization-chose-to-consume-ekoenergy-labelled-energy\\\/\"},\"author\":{\"name\":\"EKOenergy ecolabel\",\"@id\":\"https:\\\/\\\/www.ekoenergy.org\\\/pt\\\/#\\\/schema\\\/person\\\/18741ac2a7d16ef6a1efa6e9186ae079\"},\"headline\":\"\u201cCoop\u00e9rations Enterprises Socio-Culturelles\u201d de Luxemburgo agora est\u00e1 usando EKOenergy tamb\u00e9m\",\"datePublished\":\"2020-12-17T14:53:45+00:00\",\"dateModified\":\"2021-04-13T10:05:15+00:00\",\"mainEntityOfPage\":{\"@id\":\"https:\\\/\\\/www.ekoenergy.org\\\/pt\\\/cooperations-as-an-environmentally-conscious-organization-chose-to-consume-ekoenergy-labelled-energy\\\/\"},\"wordCount\":844,\"publisher\":{\"@id\":\"https:\\\/\\\/www.ekoenergy.org\\\/pt\\\/#organization\"},\"image\":{\"@id\":\"https:\\\/\\\/www.ekoenergy.org\\\/pt\\\/cooperations-as-an-environmentally-conscious-organization-chose-to-consume-ekoenergy-labelled-energy\\\/#primaryimage\"},\"thumbnailUrl\":\"https:\\\/\\\/www.ekoenergy.org\\\/wp-content\\\/uploads\\\/cooperations-.jpg\",\"keywords\":[\"100% renewable\",\"Interview\"],\"articleSection\":[\"Not\u00edcias\",\"User stories\"],\"inLanguage\":\"pt-PT2\"},{\"@type\":\"WebPage\",\"@id\":\"https:\\\/\\\/www.ekoenergy.org\\\/pt\\\/cooperations-as-an-environmentally-conscious-organization-chose-to-consume-ekoenergy-labelled-energy\\\/\",\"url\":\"https:\\\/\\\/www.ekoenergy.org\\\/pt\\\/cooperations-as-an-environmentally-conscious-organization-chose-to-consume-ekoenergy-labelled-energy\\\/\",\"name\":\"\u201cCoop\u00e9rations Enterprises Socio-Culturelles\u201d de Luxemburgo agora est\u00e1 usando EKOenergy tamb\u00e9m - EKOenergy ecolabel\",\"isPartOf\":{\"@id\":\"https:\\\/\\\/www.ekoenergy.org\\\/pt\\\/#website\"},\"primaryImageOfPage\":{\"@id\":\"https:\\\/\\\/www.ekoenergy.org\\\/pt\\\/cooperations-as-an-environmentally-conscious-organization-chose-to-consume-ekoenergy-labelled-energy\\\/#primaryimage\"},\"image\":{\"@id\":\"https:\\\/\\\/www.ekoenergy.org\\\/pt\\\/cooperations-as-an-environmentally-conscious-organization-chose-to-consume-ekoenergy-labelled-energy\\\/#primaryimage\"},\"thumbnailUrl\":\"https:\\\/\\\/www.ekoenergy.org\\\/wp-content\\\/uploads\\\/cooperations-.jpg\",\"datePublished\":\"2020-12-17T14:53:45+00:00\",\"dateModified\":\"2021-04-13T10:05:15+00:00\",\"description\":\"Coop\u00e9rations Entreprises Socio-Culturelles usa energ\u00eda com o r\u00f3tulo EKOenergy. Entrevistamos o Christophe Kremer para saber mais sobre essa escolha!\",\"breadcrumb\":{\"@id\":\"https:\\\/\\\/www.ekoenergy.org\\\/pt\\\/cooperations-as-an-environmentally-conscious-organization-chose-to-consume-ekoenergy-labelled-energy\\\/#breadcrumb\"},\"inLanguage\":\"pt-PT2\",\"potentialAction\":[{\"@type\":\"ReadAction\",\"target\":[\"https:\\\/\\\/www.ekoenergy.org\\\/pt\\\/cooperations-as-an-environmentally-conscious-organization-chose-to-consume-ekoenergy-labelled-energy\\\/\"]}]},{\"@type\":\"ImageObject\",\"inLanguage\":\"pt-PT2\",\"@id\":\"https:\\\/\\\/www.ekoenergy.org\\\/pt\\\/cooperations-as-an-environmentally-conscious-organization-chose-to-consume-ekoenergy-labelled-energy\\\/#primaryimage\",\"url\":\"https:\\\/\\\/www.ekoenergy.org\\\/wp-content\\\/uploads\\\/cooperations-.jpg\",\"contentUrl\":\"https:\\\/\\\/www.ekoenergy.org\\\/wp-content\\\/uploads\\\/cooperations-.jpg\",\"width\":2000,\"height\":1333},{\"@type\":\"BreadcrumbList\",\"@id\":\"https:\\\/\\\/www.ekoenergy.org\\\/pt\\\/cooperations-as-an-environmentally-conscious-organization-chose-to-consume-ekoenergy-labelled-energy\\\/#breadcrumb\",\"itemListElement\":[{\"@type\":\"ListItem\",\"position\":1,\"name\":\"Home\",\"item\":\"https:\\\/\\\/www.ekoenergy.org\\\/pt\\\/\"},{\"@type\":\"ListItem\",\"position\":2,\"name\":\"\u201cCoop\u00e9rations Enterprises Socio-Culturelles\u201d de Luxemburgo agora est\u00e1 usando EKOenergy tamb\u00e9m\"}]},{\"@type\":\"WebSite\",\"@id\":\"https:\\\/\\\/www.ekoenergy.org\\\/pt\\\/#website\",\"url\":\"https:\\\/\\\/www.ekoenergy.org\\\/pt\\\/\",\"name\":\"EKOenergy ecolabel\",\"description\":\"The global nonprofit ecolabel for renewable energy\",\"publisher\":{\"@id\":\"https:\\\/\\\/www.ekoenergy.org\\\/pt\\\/#organization\"},\"potentialAction\":[{\"@type\":\"SearchAction\",\"target\":{\"@type\":\"EntryPoint\",\"urlTemplate\":\"https:\\\/\\\/www.ekoenergy.org\\\/pt\\\/?s={search_term_string}\"},\"query-input\":{\"@type\":\"PropertyValueSpecification\",\"valueRequired\":true,\"valueName\":\"search_term_string\"}}],\"inLanguage\":\"pt-PT2\"},{\"@type\":\"Organization\",\"@id\":\"https:\\\/\\\/www.ekoenergy.org\\\/pt\\\/#organization\",\"name\":\"Not-for-profit Organisation EKOenergy\",\"url\":\"https:\\\/\\\/www.ekoenergy.org\\\/pt\\\/\",\"logo\":{\"@type\":\"ImageObject\",\"inLanguage\":\"pt-PT2\",\"@id\":\"https:\\\/\\\/www.ekoenergy.org\\\/pt\\\/#\\\/schema\\\/logo\\\/image\\\/\",\"url\":\"https:\\\/\\\/www.ekoenergy.org\\\/wp-content\\\/uploads\\\/logo-EKOenergy-no-text.jpg\",\"contentUrl\":\"https:\\\/\\\/www.ekoenergy.org\\\/wp-content\\\/uploads\\\/logo-EKOenergy-no-text.jpg\",\"width\":1600,\"height\":1600,\"caption\":\"Not-for-profit Organisation EKOenergy\"},\"image\":{\"@id\":\"https:\\\/\\\/www.ekoenergy.org\\\/pt\\\/#\\\/schema\\\/logo\\\/image\\\/\"},\"sameAs\":[\"https:\\\/\\\/www.facebook.com\\\/EKOenergy.ecolabel\\\/\",\"https:\\\/\\\/x.com\\\/EKOenergy_\",\"https:\\\/\\\/www.instagram.com\\\/ekoenergy\\\/\",\"https:\\\/\\\/www.linkedin.com\\\/company\\\/ekoenergy-ecolabel\\\/\",\"https:\\\/\\\/www.youtube.com\\\/EKOenergy-ecolabel\",\"https:\\\/\\\/en.wikipedia.org\\\/wiki\\\/EKOenergy\"]},{\"@type\":\"Person\",\"@id\":\"https:\\\/\\\/www.ekoenergy.org\\\/pt\\\/#\\\/schema\\\/person\\\/18741ac2a7d16ef6a1efa6e9186ae079\",\"name\":\"EKOenergy ecolabel\",\"image\":{\"@type\":\"ImageObject\",\"inLanguage\":\"pt-PT2\",\"@id\":\"https:\\\/\\\/secure.gravatar.com\\\/avatar\\\/ff22cb0efd7c780e79e9009f678238a77b0c4dfa9dc056a1c905dcea9a4034d4?s=96&d=mm&r=g\",\"url\":\"https:\\\/\\\/secure.gravatar.com\\\/avatar\\\/ff22cb0efd7c780e79e9009f678238a77b0c4dfa9dc056a1c905dcea9a4034d4?s=96&d=mm&r=g\",\"contentUrl\":\"https:\\\/\\\/secure.gravatar.com\\\/avatar\\\/ff22cb0efd7c780e79e9009f678238a77b0c4dfa9dc056a1c905dcea9a4034d4?s=96&d=mm&r=g\",\"caption\":\"EKOenergy ecolabel\"},\"sameAs\":[\"https:\\\/\\\/www.ekoenergy.org\\\/\"],\"url\":\"https:\\\/\\\/www.ekoenergy.org\\\/pt\\\/author\\\/ekoenergy\\\/\"}]}<\/script>\n<!-- \/ Yoast SEO plugin. -->","yoast_head_json":{"title":"\u201cCoop\u00e9rations Enterprises Socio-Culturelles\u201d de Luxemburgo agora est\u00e1 usando EKOenergy tamb\u00e9m - EKOenergy ecolabel","description":"Coop\u00e9rations Entreprises Socio-Culturelles usa energ\u00eda com o r\u00f3tulo EKOenergy. Entrevistamos o Christophe Kremer para saber mais sobre essa escolha!","robots":{"index":"index","follow":"follow","max-snippet":"max-snippet:-1","max-image-preview":"max-image-preview:large","max-video-preview":"max-video-preview:-1"},"canonical":"https:\/\/www.ekoenergy.org\/pt\/cooperations-as-an-environmentally-conscious-organization-chose-to-consume-ekoenergy-labelled-energy\/","og_locale":"pt_PT","og_type":"article","og_title":"\u201cCoop\u00e9rations Enterprises Socio-Culturelles\u201d de Luxemburgo agora est\u00e1 usando EKOenergy tamb\u00e9m - EKOenergy ecolabel","og_description":"Coop\u00e9rations Entreprises Socio-Culturelles usa energ\u00eda com o r\u00f3tulo EKOenergy. Entrevistamos o Christophe Kremer para saber mais sobre essa escolha!","og_url":"https:\/\/www.ekoenergy.org\/pt\/cooperations-as-an-environmentally-conscious-organization-chose-to-consume-ekoenergy-labelled-energy\/","og_site_name":"EKOenergy ecolabel","article_publisher":"https:\/\/www.facebook.com\/EKOenergy.ecolabel\/","article_published_time":"2020-12-17T14:53:45+00:00","article_modified_time":"2021-04-13T10:05:15+00:00","og_image":[{"width":2000,"height":1333,"url":"https:\/\/www.ekoenergy.org\/wp-content\/uploads\/cooperations-.jpg","type":"image\/jpeg"}],"author":"EKOenergy ecolabel","twitter_card":"summary_large_image","twitter_creator":"@EKOenergy_","twitter_site":"@EKOenergy_","twitter_misc":{"Written by":"EKOenergy ecolabel","Est. reading time":"4 minutes"},"schema":{"@context":"https:\/\/schema.org","@graph":[{"@type":"Article","@id":"https:\/\/www.ekoenergy.org\/pt\/cooperations-as-an-environmentally-conscious-organization-chose-to-consume-ekoenergy-labelled-energy\/#article","isPartOf":{"@id":"https:\/\/www.ekoenergy.org\/pt\/cooperations-as-an-environmentally-conscious-organization-chose-to-consume-ekoenergy-labelled-energy\/"},"author":{"name":"EKOenergy ecolabel","@id":"https:\/\/www.ekoenergy.org\/pt\/#\/schema\/person\/18741ac2a7d16ef6a1efa6e9186ae079"},"headline":"\u201cCoop\u00e9rations Enterprises Socio-Culturelles\u201d de Luxemburgo agora est\u00e1 usando EKOenergy tamb\u00e9m","datePublished":"2020-12-17T14:53:45+00:00","dateModified":"2021-04-13T10:05:15+00:00","mainEntityOfPage":{"@id":"https:\/\/www.ekoenergy.org\/pt\/cooperations-as-an-environmentally-conscious-organization-chose-to-consume-ekoenergy-labelled-energy\/"},"wordCount":844,"publisher":{"@id":"https:\/\/www.ekoenergy.org\/pt\/#organization"},"image":{"@id":"https:\/\/www.ekoenergy.org\/pt\/cooperations-as-an-environmentally-conscious-organization-chose-to-consume-ekoenergy-labelled-energy\/#primaryimage"},"thumbnailUrl":"https:\/\/www.ekoenergy.org\/wp-content\/uploads\/cooperations-.jpg","keywords":["100% renewable","Interview"],"articleSection":["Not\u00edcias","User stories"],"inLanguage":"pt-PT2"},{"@type":"WebPage","@id":"https:\/\/www.ekoenergy.org\/pt\/cooperations-as-an-environmentally-conscious-organization-chose-to-consume-ekoenergy-labelled-energy\/","url":"https:\/\/www.ekoenergy.org\/pt\/cooperations-as-an-environmentally-conscious-organization-chose-to-consume-ekoenergy-labelled-energy\/","name":"\u201cCoop\u00e9rations Enterprises Socio-Culturelles\u201d de Luxemburgo agora est\u00e1 usando EKOenergy tamb\u00e9m - EKOenergy ecolabel","isPartOf":{"@id":"https:\/\/www.ekoenergy.org\/pt\/#website"},"primaryImageOfPage":{"@id":"https:\/\/www.ekoenergy.org\/pt\/cooperations-as-an-environmentally-conscious-organization-chose-to-consume-ekoenergy-labelled-energy\/#primaryimage"},"image":{"@id":"https:\/\/www.ekoenergy.org\/pt\/cooperations-as-an-environmentally-conscious-organization-chose-to-consume-ekoenergy-labelled-energy\/#primaryimage"},"thumbnailUrl":"https:\/\/www.ekoenergy.org\/wp-content\/uploads\/cooperations-.jpg","datePublished":"2020-12-17T14:53:45+00:00","dateModified":"2021-04-13T10:05:15+00:00","description":"Coop\u00e9rations Entreprises Socio-Culturelles usa energ\u00eda com o r\u00f3tulo EKOenergy. Entrevistamos o Christophe Kremer para saber mais sobre essa escolha!","breadcrumb":{"@id":"https:\/\/www.ekoenergy.org\/pt\/cooperations-as-an-environmentally-conscious-organization-chose-to-consume-ekoenergy-labelled-energy\/#breadcrumb"},"inLanguage":"pt-PT2","potentialAction":[{"@type":"ReadAction","target":["https:\/\/www.ekoenergy.org\/pt\/cooperations-as-an-environmentally-conscious-organization-chose-to-consume-ekoenergy-labelled-energy\/"]}]},{"@type":"ImageObject","inLanguage":"pt-PT2","@id":"https:\/\/www.ekoenergy.org\/pt\/cooperations-as-an-environmentally-conscious-organization-chose-to-consume-ekoenergy-labelled-energy\/#primaryimage","url":"https:\/\/www.ekoenergy.org\/wp-content\/uploads\/cooperations-.jpg","contentUrl":"https:\/\/www.ekoenergy.org\/wp-content\/uploads\/cooperations-.jpg","width":2000,"height":1333},{"@type":"BreadcrumbList","@id":"https:\/\/www.ekoenergy.org\/pt\/cooperations-as-an-environmentally-conscious-organization-chose-to-consume-ekoenergy-labelled-energy\/#breadcrumb","itemListElement":[{"@type":"ListItem","position":1,"name":"Home","item":"https:\/\/www.ekoenergy.org\/pt\/"},{"@type":"ListItem","position":2,"name":"\u201cCoop\u00e9rations Enterprises Socio-Culturelles\u201d de Luxemburgo agora est\u00e1 usando EKOenergy tamb\u00e9m"}]},{"@type":"WebSite","@id":"https:\/\/www.ekoenergy.org\/pt\/#website","url":"https:\/\/www.ekoenergy.org\/pt\/","name":"EKOenergy ecolabel","description":"The global nonprofit ecolabel for renewable energy","publisher":{"@id":"https:\/\/www.ekoenergy.org\/pt\/#organization"},"potentialAction":[{"@type":"SearchAction","target":{"@type":"EntryPoint","urlTemplate":"https:\/\/www.ekoenergy.org\/pt\/?s={search_term_string}"},"query-input":{"@type":"PropertyValueSpecification","valueRequired":true,"valueName":"search_term_string"}}],"inLanguage":"pt-PT2"},{"@type":"Organization","@id":"https:\/\/www.ekoenergy.org\/pt\/#organization","name":"Not-for-profit Organisation EKOenergy","url":"https:\/\/www.ekoenergy.org\/pt\/","logo":{"@type":"ImageObject","inLanguage":"pt-PT2","@id":"https:\/\/www.ekoenergy.org\/pt\/#\/schema\/logo\/image\/","url":"https:\/\/www.ekoenergy.org\/wp-content\/uploads\/logo-EKOenergy-no-text.jpg","contentUrl":"https:\/\/www.ekoenergy.org\/wp-content\/uploads\/logo-EKOenergy-no-text.jpg","width":1600,"height":1600,"caption":"Not-for-profit Organisation EKOenergy"},"image":{"@id":"https:\/\/www.ekoenergy.org\/pt\/#\/schema\/logo\/image\/"},"sameAs":["https:\/\/www.facebook.com\/EKOenergy.ecolabel\/","https:\/\/x.com\/EKOenergy_","https:\/\/www.instagram.com\/ekoenergy\/","https:\/\/www.linkedin.com\/company\/ekoenergy-ecolabel\/","https:\/\/www.youtube.com\/EKOenergy-ecolabel","https:\/\/en.wikipedia.org\/wiki\/EKOenergy"]},{"@type":"Person","@id":"https:\/\/www.ekoenergy.org\/pt\/#\/schema\/person\/18741ac2a7d16ef6a1efa6e9186ae079","name":"EKOenergy ecolabel","image":{"@type":"ImageObject","inLanguage":"pt-PT2","@id":"https:\/\/secure.gravatar.com\/avatar\/ff22cb0efd7c780e79e9009f678238a77b0c4dfa9dc056a1c905dcea9a4034d4?s=96&d=mm&r=g","url":"https:\/\/secure.gravatar.com\/avatar\/ff22cb0efd7c780e79e9009f678238a77b0c4dfa9dc056a1c905dcea9a4034d4?s=96&d=mm&r=g","contentUrl":"https:\/\/secure.gravatar.com\/avatar\/ff22cb0efd7c780e79e9009f678238a77b0c4dfa9dc056a1c905dcea9a4034d4?s=96&d=mm&r=g","caption":"EKOenergy ecolabel"},"sameAs":["https:\/\/www.ekoenergy.org\/"],"url":"https:\/\/www.ekoenergy.org\/pt\/author\/ekoenergy\/"}]}},"uagb_featured_image_src":{"full":["https:\/\/www.ekoenergy.org\/wp-content\/uploads\/cooperations-.jpg",2000,1333,false],"thumbnail":["https:\/\/www.ekoenergy.org\/wp-content\/uploads\/cooperations--150x150.jpg",150,150,true],"medium":["https:\/\/www.ekoenergy.org\/wp-content\/uploads\/cooperations--320x213.jpg",320,213,true],"medium_large":["https:\/\/www.ekoenergy.org\/wp-content\/uploads\/cooperations--768x512.jpg",768,512,true],"large":["https:\/\/www.ekoenergy.org\/wp-content\/uploads\/cooperations--1024x682.jpg",1024,682,true],"1536x1536":["https:\/\/www.ekoenergy.org\/wp-content\/uploads\/cooperations--1536x1024.jpg",1536,1024,true],"2048x2048":["https:\/\/www.ekoenergy.org\/wp-content\/uploads\/cooperations-.jpg",2000,1333,false]},"uagb_author_info":{"display_name":"EKOenergy ecolabel","author_link":"https:\/\/www.ekoenergy.org\/pt\/author\/ekoenergy\/"},"uagb_comment_info":0,"uagb_excerpt":"Coop\u00e9rations Entreprises Socio-Culturelles se refere a duas organiza\u00e7\u00f5es em Luxemburgo: Coop\u00e9rations Asbl e Coop\u00e9rations Soci\u00e9t\u00e9 Coop\u00e9rative. Uma \u00e9 uma organiza\u00e7\u00e3o sociocultural sem fins lucrativos focada em arte e cultura, envolvimento social e ajudar pessoas a alcan\u00e7ar seu potencial. A outra \u00e9 uma empresa socioeconomicamente orientada, que funciona como um workshop, e oferece oportunidades de trabalho&hellip;","_links":{"self":[{"href":"https:\/\/www.ekoenergy.org\/pt\/wp-json\/wp\/v2\/posts\/91624","targetHints":{"allow":["GET"]}}],"collection":[{"href":"https:\/\/www.ekoenergy.org\/pt\/wp-json\/wp\/v2\/posts"}],"about":[{"href":"https:\/\/www.ekoenergy.org\/pt\/wp-json\/wp\/v2\/types\/post"}],"author":[{"embeddable":true,"href":"https:\/\/www.ekoenergy.org\/pt\/wp-json\/wp\/v2\/users\/17"}],"replies":[{"embeddable":true,"href":"https:\/\/www.ekoenergy.org\/pt\/wp-json\/wp\/v2\/comments?post=91624"}],"version-history":[{"count":2,"href":"https:\/\/www.ekoenergy.org\/pt\/wp-json\/wp\/v2\/posts\/91624\/revisions"}],"predecessor-version":[{"id":95837,"href":"https:\/\/www.ekoenergy.org\/pt\/wp-json\/wp\/v2\/posts\/91624\/revisions\/95837"}],"wp:featuredmedia":[{"embeddable":true,"href":"https:\/\/www.ekoenergy.org\/pt\/wp-json\/wp\/v2\/media\/91603"}],"wp:attachment":[{"href":"https:\/\/www.ekoenergy.org\/pt\/wp-json\/wp\/v2\/media?parent=91624"}],"wp:term":[{"taxonomy":"category","embeddable":true,"href":"https:\/\/www.ekoenergy.org\/pt\/wp-json\/wp\/v2\/categories?post=91624"},{"taxonomy":"post_tag","embeddable":true,"href":"https:\/\/www.ekoenergy.org\/pt\/wp-json\/wp\/v2\/tags?post=91624"}],"curies":[{"name":"wp","href":"https:\/\/api.w.org\/{rel}","templated":true}]}}