{"id":78974,"date":"2020-06-01T08:04:55","date_gmt":"2020-06-01T08:04:55","guid":{"rendered":"https:\/\/www.ekoenergy.org\/?p=78974"},"modified":"2020-06-12T07:33:26","modified_gmt":"2020-06-12T07:33:26","slug":"toyota-baltic-as-uses-ekoenergy-labelled-renewable-electricity","status":"publish","type":"post","link":"https:\/\/www.ekoenergy.org\/tr\/toyota-baltic-as-uses-ekoenergy-labelled-renewable-electricity\/","title":{"rendered":"Toyota Balt\u0131k AS, EKOenerji etiketli yenilenebilir elektrik kullan\u0131yor"},"content":{"rendered":"\n<p>\u00dc\u00e7 Balt\u0131k \u00fclkesinin Toyota ve Lexus ithalat\u00e7\u0131s\u0131 Toyota Balt\u0131k AS, Estonya\u2019n\u0131n Tallinn \u015fehrinde bulunan merkezlerinde EKOenerji eko-etiketli elektrik kullanmaya ba\u015flad\u0131. Toyota Balt\u0131k AS\u2019nin pazarlama departman\u0131 genel m\u00fcd\u00fcr\u00fc Marek Maide\u2019yle yapt\u0131\u011f\u0131m\u0131z r\u00f6portajda ona Toyota\u2019n\u0131n s\u00fcrd\u00fcr\u00fclebilirlik hedeflerini, yenilenebilirlere ge\u00e7i\u015fteki rollerini nas\u0131l g\u00f6rd\u00fcklerini ve nas\u0131l EKOenerji eko-etiketli, %100 yenilenebilir elektrik kullanmaya ba\u015flad\u0131klar\u0131n\u0131 sorduk.<\/p>\n\n\n\n<div style=\"height:20px\" aria-hidden=\"true\" class=\"wp-block-spacer\"><\/div>\n\n\n\n<figure class=\"wp-block-image size-large\"><img fetchpriority=\"high\" decoding=\"async\" width=\"1024\" height=\"683\" src=\"https:\/\/www.ekoenergy.org\/wp-content\/uploads\/\/ToyotaBaltic-1024x683.jpg\" alt=\"\" class=\"wp-image-78691\" srcset=\"https:\/\/www.ekoenergy.org\/wp-content\/uploads\/ToyotaBaltic-1024x683.jpg 1024w, https:\/\/www.ekoenergy.org\/wp-content\/uploads\/ToyotaBaltic-320x213.jpg 320w, https:\/\/www.ekoenergy.org\/wp-content\/uploads\/ToyotaBaltic-768x512.jpg 768w, https:\/\/www.ekoenergy.org\/wp-content\/uploads\/ToyotaBaltic-1536x1024.jpg 1536w, https:\/\/www.ekoenergy.org\/wp-content\/uploads\/ToyotaBaltic.jpg 1620w\" sizes=\"(max-width: 1024px) 100vw, 1024px\" \/><\/figure>\n\n\n\n<div style=\"height:20px\" aria-hidden=\"true\" class=\"wp-block-spacer\"><\/div>\n\n\n\n<div style=\"height:20px\" aria-hidden=\"true\" class=\"wp-block-spacer\"><\/div>\n\n\n\n<p><strong>Tebrikler ve EKOenerji etiketli elektrik tercih etti\u011finiz i\u00e7in te\u015fekk\u00fcrler. Bu karar\u0131n\u0131z\u0131n alt\u0131nda yatan sebep nedir?<\/strong><\/p>\n\n\n\n<p>Te\u015fekk\u00fcrler. \u00c7evreyi koruma konusundaki duyarl\u0131l\u0131\u011f\u0131m\u0131z global vizyonumuzun ve stratejik planlama d\u00f6k\u00fcmanlar\u0131m\u0131z\u0131n \u00f6nemli bir par\u00e7as\u0131n\u0131 olu\u015fturuyor. Toyota\u2019n\u0131n \u00e7evreye olan duyarl\u0131l\u0131\u011f\u0131 tedarik\u00e7ilerden par\u00e7a sat\u0131n almaktan ara\u00e7lar\u0131n \u00fcretimine, lojistikten sat\u0131\u015fa, servisten, pazarlama ve ara\u00e7lar\u0131n hurdaya \u00e7\u0131kar\u0131lmas\u0131na kadar s\u00fcrecin tamam\u0131n\u0131 kaps\u0131yor.<\/p>\n\n\n\n<p>Tabi ki yerel ithalat\u00e7\u0131 olarak ara\u00e7lar\u0131n \u00fcretim ve \u00fcretim \u00f6ncesi s\u00fcre\u00e7leri konusunda yapabilece\u011fimiz pek bir \u015fey yok. Fakat arac\u0131n \u00fclkeye giri\u015finden geri d\u00f6n\u00fc\u015f\u00fcm\u00fcne kadar olan s\u00fcre\u00e7 ,bu d\u00f6ng\u00fcy\u00fc bilin\u00e7li bir \u015fekilde y\u00f6netebilmemiz i\u00e7in bir f\u0131rsat.<\/p>\n\n\n\n<p>Balt\u0131k \u00fclkelerinde 10 y\u0131l\u0131 a\u015fk\u0131n s\u00fcredir g\u00fc\u00e7l\u00fc bir do\u011fay\u0131 koruma plan\u0131 uygulamaktan gurur duyuyoruz. \u0130thalat\u00e7\u0131 firma Toyota Balt\u0131k, ISO14001 \u00e7evre y\u00f6netim sistemini kendisi ve b\u00f6lgedeki Toyota perakendecilerinin \u00e7o\u011funlu\u011fu i\u00e7in uygulamaya koyan ilk otomotiv \u015firketleri aras\u0131nda. Ayn\u0131 zamanda 10 y\u0131l\u0131 a\u015fk\u0131n s\u00fcredir haziran ay\u0131n\u0131 \u00c7evre Ay\u0131 olarak kutluyor ve \u00e7al\u0131\u015fanlar\u0131m\u0131zla a\u011f\u0131m\u0131zdakiler i\u00e7in \u00e7e\u015fitli aktiviteler d\u00fczenliyoruz. D\u00fcnya \u00c7evre Temizleme G\u00fcn\u00fc i\u00e7in \u201cLet\u2019s Do It\u201d organizasyonuyla birka\u00e7 y\u0131ld\u0131r birlikte \u00e7al\u0131\u015f\u0131yoruz.<\/p>\n\n\n\n<p>B\u00fct\u00fcn bunlar\u0131 g\u00f6z \u00f6n\u00fcnde bulundurdu\u011fumuzda, ye\u015fil elektrik kullanmak bizim i\u00e7in yeni bir ofise ta\u015f\u0131nmam\u0131zla beraber do\u011fal bir ad\u0131m oldu. Yeni kiralad\u0131\u011f\u0131m\u0131z ofis alan\u0131nda (Tallinn\u2019deki nadir A enerji s\u0131n\u0131f\u0131ndaki binalardan biri) termal\/solar \u0131s\u0131tma ve so\u011futma sistemi bulunuyor, ya\u011fmur suyu yeniden kullan\u0131l\u0131yor ve benzeri \u00e7evreci \u00f6nlemler uygulan\u0131yor. B\u00fct\u00fcn bunlara ek olarak ye\u015fil enerji kullanmak, \u00e7evreye olan katk\u0131m\u0131z\u0131 peki\u015ftiren bir ad\u0131m oldu.<\/p>\n\n\n\n<p>EKOenerji eko-etiketli ye\u015fil elektrik kullanmak bunun da bir ad\u0131m \u00f6tesine ge\u00e7memizi sa\u011flad\u0131. EKOenerji\u2019yi tercih etmek do\u011fay\u0131 g\u00f6z \u00f6n\u00fcne alan elektrik se\u00e7ti\u011fimiz anlam\u0131na geliyor ve d\u00fcnyan\u0131n ba\u015fka b\u00f6lgelerinde de yenilenebilir enerji kullan\u0131m\u0131n\u0131 te\u015fvik etmemizi sa\u011fl\u0131yor.<\/p>\n\n\n\n<div style=\"height:20px\" aria-hidden=\"true\" class=\"wp-block-spacer\"><\/div>\n\n\n\n<p><strong>S\u00fcrd\u00fcr\u00fclebilirlik ve yenilenebilir enerji Toyota Balt\u0131k i\u00e7in neden \u00f6nemli?<\/strong><\/p>\n\n\n\n<p>Toyota, global olarak <a rel=\"noreferrer noopener\" href=\"https:\/\/www.toyota.ee\/world-of-toyota\/feel\/environment\/environmental-challenge-2050.json\" target=\"_blank\">\u00c7evreci G\u00f6rev 2050<\/a>\u2019ye uyma taahh\u00fct\u00fc verdi. Bu belge, t\u00fcm Toyota firmalar\u0131n\u0131n ekolojik ayakizlerini azaltmalar\u0131 ve s\u0131f\u0131ra indirme hedefleri i\u00e7in yol g\u00f6sterici bir ilke olma \u00f6zelli\u011fini ta\u015f\u0131yor. Toyota Balt\u0131k i\u00e7in bu belgede ge\u00e7en prensiplerden en \u00f6nemlisi \u201cdo\u011fayla i\u00e7 i\u00e7e olan bir toplum olu\u015fturmak\u201d. Toplumlar\u0131n s\u00fcrd\u00fcr\u00fclebilir gelece\u011fine farkl\u0131 \u015fekillerde katk\u0131da bulunmak m\u00fcmk\u00fcn, ye\u015fil enerji kullanmak bu y\u00f6ntemlerden biri.<\/p>\n\n\n\n<p>Estonya\u2019n\u0131n karbon ayakizinin, enerji \u00fcretiminde kaya petrol\u00fc kullan\u0131lmas\u0131 sebebiyle y\u00fcksek oldu\u011funu hepimiz biliyoruz. 2020 y\u0131l\u0131n\u0131n 1. \u00e7eyre\u011finde d\u00fc\u015f\u00fck enerji t\u00fcketimi sebebiyle Estonya\u2019da ilk defa s\u00fcrd\u00fcr\u00fclebilir enerji \u00fcretimi al\u0131\u015f\u0131lagelmi\u015f elektrik \u00fcretiminin \u00fczerine \u00e7\u0131kt\u0131. Umar\u0131m s\u00fcrd\u00fcr\u00fclebilir bir do\u011frultuda ilerleyen t\u00fcketiciler olarak biz de buna katk\u0131da bulunmu\u015fuzdur.<\/p>\n\n\n\n<div style=\"height:20px\" aria-hidden=\"true\" class=\"wp-block-spacer\"><\/div>\n\n\n\n<p><strong><em>\u201cEKOenerji etiketli yenilenebilir elektrik sat\u0131n ald\u0131\u011f\u0131m\u0131z\u0131 \u00e7evreci ajandam\u0131zda ula\u015ft\u0131\u011f\u0131m\u0131z yeni bir d\u00f6n\u00fcm noktas\u0131 olarak \u00e7al\u0131\u015fanlar\u0131m\u0131za duyurduk. Ayn\u0131 zamanda Estonya, Letonya ve Litvanya dillerinde kamuya a\u00e7\u0131klad\u0131k.\u201d<\/em><\/strong><\/p>\n\n\n\n<div style=\"height:20px\" aria-hidden=\"true\" class=\"wp-block-spacer\"><\/div>\n\n\n\n<p><strong>Sekt\u00f6r\u00fcn\u00fcz\u00fcn enerji d\u00f6n\u00fc\u015f\u00fcm\u00fcndeki rol\u00fcn\u00fc nas\u0131l g\u00f6r\u00fcyorsunuz?<\/strong><\/p>\n\n\n\n<p>\u00c7evre kirlili\u011fi veya ekolojik ayakizler tart\u0131\u015f\u0131l\u0131rken otomotiv sekt\u00f6r\u00fcn\u00fcn mercek alt\u0131nda oldu\u011funu d\u00fc\u015f\u00fcn\u00fcyorum. Y\u00fcksek karbon ayakizimiz sebebiyle, pozitif ekolojik etkisi olabilecek her \u00e7\u00f6z\u00fcm\u00fc te\u015fvik etmek i\u00e7in otomotiv sekt\u00f6r\u00fc olarak bizim \u00fczerimizde daha b\u00fcy\u00fck bir toplumsal sorumluluk yat\u0131yor. Son t\u00fcketiciyle direkt temasta olmad\u0131\u011f\u0131m\u0131z i\u00e7in ve kendi firmam\u0131z\u0131n direkt ayakizi \u00e7ok da b\u00fcy\u00fck olmad\u0131\u011f\u0131 i\u00e7in rol\u00fcm\u00fcz\u00fcn halk\u0131 ye\u015fil teknolojiler ve ekolojik ta\u015f\u0131ma y\u00f6ntemleri hakk\u0131nda bilgilendirmede g\u00f6r\u00fcyoruz. Bunun d\u0131\u015f\u0131ndaki rol\u00fcm\u00fcz perakende a\u011f\u0131m\u0131z\u0131n Toyota\u2019n\u0131n ara\u00e7 hayat d\u00f6ng\u00fcs\u00fc sal\u0131mlar\u0131n\u0131 s\u0131f\u0131ra indirme ve \u00e7evreye duyarl\u0131 \u015fekilde hareket etme hedeflerini takip etmek.<\/p>\n\n\n\n<div style=\"height:20px\" aria-hidden=\"true\" class=\"wp-block-spacer\"><\/div>\n\n\n\n<p><strong>Estonya\u2019da EKOenerji eko-etiketli elektrik sat\u0131n alma s\u00fcreci nas\u0131l ger\u00e7ekle\u015fti?<\/strong><\/p>\n\n\n\n<p>Avrupa\u2019daki Toyota\u2019ya ba\u011fl\u0131 firmalar\u0131n\u0131n %100 yenilenebilir enerji kullanma taahh\u00fcd\u00fcn\u00fc takiben \u00e7evresel s\u00fcrd\u00fcr\u00fclebilirlik y\u00f6n\u00fcnde bir ad\u0131m daha atma karar\u0131 ald\u0131k ve yerel se\u00e7eneklerimizi ara\u015ft\u0131rd\u0131k. Kirac\u0131 olmak i\u015fimizi kolayla\u015ft\u0131rmad\u0131, binay\u0131 payla\u015ft\u0131\u011f\u0131m\u0131z i\u00e7in t\u00fcm binaya yenilenebilir enerji kontrat\u0131 yapma fikri devre d\u0131\u015f\u0131 kald\u0131. Alternatif opsiyonlar\u0131 ara\u015ft\u0131r\u0131rken (Estonyal\u0131 elektrik tedari\u00e7kisi) Imatra Elekter\u2019le ileti\u015fime ge\u00e7tik, onlar da ihtiya\u00e7lar\u0131m\u0131z\u0131 kar\u015f\u0131lamaya \u00f6zen g\u00f6sterdi. Kontrat\u0131 yapmak uzun zaman almad\u0131\u011f\u0131 i\u00e7in \u00e7ok memnunum, bir ay\u0131 bulmadan yenilenebilir enerji kullanmaya ba\u015flad\u0131k ve kan\u0131t sertifikam\u0131z elimize ge\u00e7ti.<\/p>\n\n\n\n<div style=\"height:20px\" aria-hidden=\"true\" class=\"wp-block-spacer\"><\/div>\n\n\n\n<p><strong>Bu tercihinizle alakal\u0131 olarak di\u011fer Toyota bayilikleriyle ve onlar\u0131n tedarik zincirleriyle ileti\u015fime ge\u00e7meyi d\u00fc\u015f\u00fcn\u00fcyor musunuz?<\/strong><\/p>\n\n\n\n<p>Kesinlikle. Tedarik zincirimizin tek tek ye\u015fil enerjiye ge\u00e7ece\u011fine eminim, hem daha iyi i\u015fler ba\u015farmak hem de di\u011fer otomotiv firmalar\u0131na \u00f6rnek olmak i\u00e7in bunu yapmam\u0131z gerek. Tamamen ger\u00e7ekle\u015fmesi zamana kalm\u0131\u015f, ama yak\u0131n zamanda ger\u00e7ekle\u015fece\u011fini umuyorum.<\/p>\n\n\n\n<div style=\"height:20px\" aria-hidden=\"true\" class=\"wp-block-spacer\"><\/div>\n\n\n\n<p>Toyota Balt\u0131k AS\u2019ye EKOenerji tercih etti\u011fi i\u00e7in ve Marek Maide\u2019ye sorular\u0131m\u0131z\u0131 cevaplad\u0131\u011f\u0131 i\u00e7in te\u015fekk\u00fcr ediyoruz. Ayr\u0131ca Toyota Balt\u0131k AS\u2019ye EKOenerji etiketli elektrik sa\u011flad\u0131\u011f\u0131 i\u00e7in Imatra Elekter\u2019e de te\u015fekk\u00fcrler.<\/p>\n\n\n\n<p>EKOenerji eko-etiketi ve lisansl\u0131 sat\u0131c\u0131lar\u0131m\u0131z birey ve firmalar\u0131n en s\u00fcrd\u00fcr\u00fclebilir yenilenebilir enerjiyi se\u00e7melerine memnuniyetle yard\u0131mc\u0131 oluyor. Estonya\u2019daki Toyota Balt\u0131k bayili\u011finin bu pozitif ad\u0131m\u0131n\u0131n Balt\u0131klar ve \u00f6tesindeki pek \u00e7ok insana \u00f6rnek olmas\u0131n\u0131 \u00fcmit ediyoruz.<\/p>\n\n\n\n<p>EKOenerji kullan\u0131c\u0131lar\u0131yla alakal\u0131 buna benzer yaz\u0131lar\u0131m\u0131z\u0131 <a href=\"https:\/\/www.ekoenergy.org\/tr\/why-buy\/users\/\">t\u00fcketici beyanlar\u0131<\/a> sayfam\u0131zda bulabilirsiniz. Do\u011faya duyarl\u0131l\u0131\u011f\u0131n\u0131z\u0131 \u00e7evresel s\u00fcrd\u00fcr\u00fclebilirli\u011fi onaylanm\u0131\u015f yenilenebilir enerji tercih ederek g\u00f6stermek isterseniz bizle <a href=\"https:\/\/www.ekoenergy.org\/tr\/about-us\/contact-us\/\">ileti\u015fim<\/a>e ge\u00e7ebilirsiniz. \u00c7al\u0131\u015fmalar\u0131m\u0131zdan haberdar olmak i\u00e7in bizi <a rel=\"noreferrer noopener\" href=\"https:\/\/www.facebook.com\/EKOenergy.ecolabel\/\" target=\"_blank\">Facebook<\/a>,<a rel=\"noreferrer noopener\" href=\"https:\/\/www.linkedin.com\/company\/ekoenergy-ecolabel\" target=\"_blank\"> Linkedin<\/a>,<a rel=\"noreferrer noopener\" href=\"https:\/\/www.instagram.com\/ekoenergy\/\" target=\"_blank\"> Instagram<\/a>,<a rel=\"noreferrer noopener\" href=\"https:\/\/twitter.com\/ekoenergy_\" target=\"_blank\"> Twitter<\/a>,<a rel=\"noreferrer noopener\" href=\"https:\/\/www.youtube.com\/channel\/UCJtqduD7ghXHFM0uU06J7TA\" target=\"_blank\"> YouTube<\/a> ve<a rel=\"noreferrer noopener\" href=\"https:\/\/www.xing.com\/companies\/ekoenergie\" target=\"_blank\"> Xing<\/a>&#8216;de takip edebilirsiniz.<\/p>\n\n\n\n<div style=\"height:20px\" aria-hidden=\"true\" class=\"wp-block-spacer\"><\/div>\n\n\n\n<p><em>Marek Maide r\u00f6portaj\u0131n\u0131 Kristi Ghosh<\/em> ger\u00e7ekle\u015ftirdi<br><em>Bu metin 1 Haziran 2020<\/em>&#8216;de yay\u0131nland\u0131.<\/p>\n","protected":false},"excerpt":{"rendered":"<p>\u00dc\u00e7 Balt\u0131k \u00fclkesinin Toyota ve Lexus ithalat\u00e7\u0131s\u0131 Toyota Balt\u0131k AS, Estonya\u2019n\u0131n Tallinn \u015fehrinde bulunan merkezlerinde EKOenerji eko-etiketli elektrik kullanmaya ba\u015flad\u0131. Toyota Balt\u0131k AS\u2019nin pazarlama departman\u0131 genel m\u00fcd\u00fcr\u00fc Marek Maide\u2019yle yapt\u0131\u011f\u0131m\u0131z r\u00f6portajda ona Toyota\u2019n\u0131n s\u00fcrd\u00fcr\u00fclebilirlik hedeflerini, yenilenebilirlere ge\u00e7i\u015fteki rollerini nas\u0131l g\u00f6rd\u00fcklerini ve nas\u0131l EKOenerji eko-etiketli, %100 yenilenebilir elektrik kullanmaya ba\u015flad\u0131klar\u0131n\u0131 sorduk. Tebrikler ve EKOenerji etiketli elektrik [&hellip;]<\/p>\n","protected":false},"author":2,"featured_media":78708,"comment_status":"closed","ping_status":"closed","sticky":false,"template":"","format":"standard","meta":{"inline_featured_image":false,"_uag_custom_page_level_css":"","site-sidebar-layout":"default","site-content-layout":"default","ast-site-content-layout":"default","site-content-style":"default","site-sidebar-style":"default","ast-global-header-display":"","ast-banner-title-visibility":"","ast-main-header-display":"","ast-hfb-above-header-display":"","ast-hfb-below-header-display":"","ast-hfb-mobile-header-display":"","site-post-title":"","ast-breadcrumbs-content":"","ast-featured-img":"","footer-sml-layout":"","ast-disable-related-posts":"","theme-transparent-header-meta":"default","adv-header-id-meta":"","stick-header-meta":"default","header-above-stick-meta":"","header-main-stick-meta":"","header-below-stick-meta":"","astra-migrate-meta-layouts":"default","ast-page-background-enabled":"default","ast-page-background-meta":{"desktop":{"background-color":"","background-image":"","background-repeat":"repeat","background-position":"center center","background-size":"auto","background-attachment":"scroll","background-type":"","background-media":"","overlay-type":"","overlay-color":"","overlay-opacity":"","overlay-gradient":""},"tablet":{"background-color":"","background-image":"","background-repeat":"repeat","background-position":"center center","background-size":"auto","background-attachment":"scroll","background-type":"","background-media":"","overlay-type":"","overlay-color":"","overlay-opacity":"","overlay-gradient":""},"mobile":{"background-color":"","background-image":"","background-repeat":"repeat","background-position":"center center","background-size":"auto","background-attachment":"scroll","background-type":"","background-media":"","overlay-type":"","overlay-color":"","overlay-opacity":"","overlay-gradient":""}},"ast-content-background-meta":{"desktop":{"background-color":"var(--ast-global-color-5)","background-image":"","background-repeat":"repeat","background-position":"center center","background-size":"auto","background-attachment":"scroll","background-type":"","background-media":"","overlay-type":"","overlay-color":"","overlay-opacity":"","overlay-gradient":""},"tablet":{"background-color":"var(--ast-global-color-5)","background-image":"","background-repeat":"repeat","background-position":"center center","background-size":"auto","background-attachment":"scroll","background-type":"","background-media":"","overlay-type":"","overlay-color":"","overlay-opacity":"","overlay-gradient":""},"mobile":{"background-color":"var(--ast-global-color-5)","background-image":"","background-repeat":"repeat","background-position":"center center","background-size":"auto","background-attachment":"scroll","background-type":"","background-media":"","overlay-type":"","overlay-color":"","overlay-opacity":"","overlay-gradient":""}},"footnotes":""},"categories":[206,489],"tags":[503],"class_list":["post-78974","post","type-post","status-publish","format-standard","has-post-thumbnail","hentry","category-news-tr","category-user-stories-tr","tag-100-renewable-tr"],"yoast_head":"<!-- This site is optimized with the Yoast SEO plugin v27.3 - https:\/\/yoast.com\/product\/yoast-seo-wordpress\/ -->\n<title>Toyota Balt\u0131k AS, EKOenerji etiketli yenilenebilir elektrik kullan\u0131yor - EKOenergy ecolabel<\/title>\n<meta name=\"description\" content=\"Toyota Balt\u0131k bayili\u011fi Estonya&#039;da EKOenerji etiketli elektrik kullanmaya ba\u015flad\u0131. Pazarlama departman\u0131 genel m\u00fcd\u00fcr\u00fc Marek Maide&#039;yle bu tercihlerini sorduk.\" \/>\n<meta name=\"robots\" content=\"index, follow, max-snippet:-1, max-image-preview:large, max-video-preview:-1\" \/>\n<link rel=\"canonical\" href=\"https:\/\/www.ekoenergy.org\/tr\/toyota-baltic-as-uses-ekoenergy-labelled-renewable-electricity\/\" \/>\n<meta property=\"og:locale\" content=\"tr_TR\" \/>\n<meta property=\"og:type\" content=\"article\" \/>\n<meta property=\"og:title\" content=\"Toyota Balt\u0131k AS, EKOenerji etiketli yenilenebilir elektrik kullan\u0131yor - EKOenergy ecolabel\" \/>\n<meta property=\"og:description\" content=\"Toyota Balt\u0131k bayili\u011fi Estonya&#039;da EKOenerji etiketli elektrik kullanmaya ba\u015flad\u0131. Pazarlama departman\u0131 genel m\u00fcd\u00fcr\u00fc Marek Maide&#039;yle bu tercihlerini sorduk.\" \/>\n<meta property=\"og:url\" content=\"https:\/\/www.ekoenergy.org\/tr\/toyota-baltic-as-uses-ekoenergy-labelled-renewable-electricity\/\" \/>\n<meta property=\"og:site_name\" content=\"EKOenergy ecolabel\" \/>\n<meta property=\"article:publisher\" content=\"https:\/\/www.facebook.com\/EKOenergy.ecolabel\/\" \/>\n<meta property=\"article:published_time\" content=\"2020-06-01T08:04:55+00:00\" \/>\n<meta property=\"article:modified_time\" content=\"2020-06-12T07:33:26+00:00\" \/>\n<meta property=\"og:image\" content=\"https:\/\/www.ekoenergy.org\/wp-content\/uploads\/ToyotaBaltic.jpg\" \/>\n\t<meta property=\"og:image:width\" content=\"1620\" \/>\n\t<meta property=\"og:image:height\" content=\"1080\" \/>\n\t<meta property=\"og:image:type\" content=\"image\/jpeg\" \/>\n<meta name=\"author\" content=\"Steven Vanholme\" \/>\n<meta name=\"twitter:card\" content=\"summary_large_image\" \/>\n<meta name=\"twitter:creator\" content=\"@EKOenergy_\" \/>\n<meta name=\"twitter:site\" content=\"@EKOenergy_\" \/>\n<meta name=\"twitter:label1\" content=\"Yazan:\" \/>\n\t<meta name=\"twitter:data1\" content=\"Steven Vanholme\" \/>\n\t<meta name=\"twitter:label2\" content=\"Tahmini okuma s\u00fcresi\" \/>\n\t<meta name=\"twitter:data2\" content=\"6 dakika\" \/>\n<script type=\"application\/ld+json\" class=\"yoast-schema-graph\">{\"@context\":\"https:\\\/\\\/schema.org\",\"@graph\":[{\"@type\":\"Article\",\"@id\":\"https:\\\/\\\/www.ekoenergy.org\\\/tr\\\/toyota-baltic-as-uses-ekoenergy-labelled-renewable-electricity\\\/#article\",\"isPartOf\":{\"@id\":\"https:\\\/\\\/www.ekoenergy.org\\\/tr\\\/toyota-baltic-as-uses-ekoenergy-labelled-renewable-electricity\\\/\"},\"author\":{\"name\":\"Steven Vanholme\",\"@id\":\"https:\\\/\\\/www.ekoenergy.org\\\/tr\\\/#\\\/schema\\\/person\\\/21444e1bd72d5e9e9961c611c50e33f4\"},\"headline\":\"Toyota Balt\u0131k AS, EKOenerji etiketli yenilenebilir elektrik kullan\u0131yor\",\"datePublished\":\"2020-06-01T08:04:55+00:00\",\"dateModified\":\"2020-06-12T07:33:26+00:00\",\"mainEntityOfPage\":{\"@id\":\"https:\\\/\\\/www.ekoenergy.org\\\/tr\\\/toyota-baltic-as-uses-ekoenergy-labelled-renewable-electricity\\\/\"},\"wordCount\":1205,\"publisher\":{\"@id\":\"https:\\\/\\\/www.ekoenergy.org\\\/tr\\\/#organization\"},\"image\":{\"@id\":\"https:\\\/\\\/www.ekoenergy.org\\\/tr\\\/toyota-baltic-as-uses-ekoenergy-labelled-renewable-electricity\\\/#primaryimage\"},\"thumbnailUrl\":\"https:\\\/\\\/www.ekoenergy.org\\\/wp-content\\\/uploads\\\/ToyotaBaltic.jpg\",\"keywords\":[\"100% renewable\"],\"articleSection\":[\"News\",\"User stories\"],\"inLanguage\":\"tr\"},{\"@type\":\"WebPage\",\"@id\":\"https:\\\/\\\/www.ekoenergy.org\\\/tr\\\/toyota-baltic-as-uses-ekoenergy-labelled-renewable-electricity\\\/\",\"url\":\"https:\\\/\\\/www.ekoenergy.org\\\/tr\\\/toyota-baltic-as-uses-ekoenergy-labelled-renewable-electricity\\\/\",\"name\":\"Toyota Balt\u0131k AS, EKOenerji etiketli yenilenebilir elektrik kullan\u0131yor - EKOenergy ecolabel\",\"isPartOf\":{\"@id\":\"https:\\\/\\\/www.ekoenergy.org\\\/tr\\\/#website\"},\"primaryImageOfPage\":{\"@id\":\"https:\\\/\\\/www.ekoenergy.org\\\/tr\\\/toyota-baltic-as-uses-ekoenergy-labelled-renewable-electricity\\\/#primaryimage\"},\"image\":{\"@id\":\"https:\\\/\\\/www.ekoenergy.org\\\/tr\\\/toyota-baltic-as-uses-ekoenergy-labelled-renewable-electricity\\\/#primaryimage\"},\"thumbnailUrl\":\"https:\\\/\\\/www.ekoenergy.org\\\/wp-content\\\/uploads\\\/ToyotaBaltic.jpg\",\"datePublished\":\"2020-06-01T08:04:55+00:00\",\"dateModified\":\"2020-06-12T07:33:26+00:00\",\"description\":\"Toyota Balt\u0131k bayili\u011fi Estonya'da EKOenerji etiketli elektrik kullanmaya ba\u015flad\u0131. Pazarlama departman\u0131 genel m\u00fcd\u00fcr\u00fc Marek Maide'yle bu tercihlerini sorduk.\",\"breadcrumb\":{\"@id\":\"https:\\\/\\\/www.ekoenergy.org\\\/tr\\\/toyota-baltic-as-uses-ekoenergy-labelled-renewable-electricity\\\/#breadcrumb\"},\"inLanguage\":\"tr\",\"potentialAction\":[{\"@type\":\"ReadAction\",\"target\":[\"https:\\\/\\\/www.ekoenergy.org\\\/tr\\\/toyota-baltic-as-uses-ekoenergy-labelled-renewable-electricity\\\/\"]}]},{\"@type\":\"ImageObject\",\"inLanguage\":\"tr\",\"@id\":\"https:\\\/\\\/www.ekoenergy.org\\\/tr\\\/toyota-baltic-as-uses-ekoenergy-labelled-renewable-electricity\\\/#primaryimage\",\"url\":\"https:\\\/\\\/www.ekoenergy.org\\\/wp-content\\\/uploads\\\/ToyotaBaltic.jpg\",\"contentUrl\":\"https:\\\/\\\/www.ekoenergy.org\\\/wp-content\\\/uploads\\\/ToyotaBaltic.jpg\",\"width\":1620,\"height\":1080},{\"@type\":\"BreadcrumbList\",\"@id\":\"https:\\\/\\\/www.ekoenergy.org\\\/tr\\\/toyota-baltic-as-uses-ekoenergy-labelled-renewable-electricity\\\/#breadcrumb\",\"itemListElement\":[{\"@type\":\"ListItem\",\"position\":1,\"name\":\"Home\",\"item\":\"https:\\\/\\\/www.ekoenergy.org\\\/tr\\\/\"},{\"@type\":\"ListItem\",\"position\":2,\"name\":\"Toyota Balt\u0131k AS, EKOenerji etiketli yenilenebilir elektrik kullan\u0131yor\"}]},{\"@type\":\"WebSite\",\"@id\":\"https:\\\/\\\/www.ekoenergy.org\\\/tr\\\/#website\",\"url\":\"https:\\\/\\\/www.ekoenergy.org\\\/tr\\\/\",\"name\":\"EKOenergy ecolabel\",\"description\":\"The global nonprofit ecolabel for renewable energy\",\"publisher\":{\"@id\":\"https:\\\/\\\/www.ekoenergy.org\\\/tr\\\/#organization\"},\"potentialAction\":[{\"@type\":\"SearchAction\",\"target\":{\"@type\":\"EntryPoint\",\"urlTemplate\":\"https:\\\/\\\/www.ekoenergy.org\\\/tr\\\/?s={search_term_string}\"},\"query-input\":{\"@type\":\"PropertyValueSpecification\",\"valueRequired\":true,\"valueName\":\"search_term_string\"}}],\"inLanguage\":\"tr\"},{\"@type\":\"Organization\",\"@id\":\"https:\\\/\\\/www.ekoenergy.org\\\/tr\\\/#organization\",\"name\":\"Not-for-profit Organisation EKOenergy\",\"url\":\"https:\\\/\\\/www.ekoenergy.org\\\/tr\\\/\",\"logo\":{\"@type\":\"ImageObject\",\"inLanguage\":\"tr\",\"@id\":\"https:\\\/\\\/www.ekoenergy.org\\\/tr\\\/#\\\/schema\\\/logo\\\/image\\\/\",\"url\":\"https:\\\/\\\/www.ekoenergy.org\\\/wp-content\\\/uploads\\\/logo-EKOenergy-no-text.jpg\",\"contentUrl\":\"https:\\\/\\\/www.ekoenergy.org\\\/wp-content\\\/uploads\\\/logo-EKOenergy-no-text.jpg\",\"width\":1600,\"height\":1600,\"caption\":\"Not-for-profit Organisation EKOenergy\"},\"image\":{\"@id\":\"https:\\\/\\\/www.ekoenergy.org\\\/tr\\\/#\\\/schema\\\/logo\\\/image\\\/\"},\"sameAs\":[\"https:\\\/\\\/www.facebook.com\\\/EKOenergy.ecolabel\\\/\",\"https:\\\/\\\/x.com\\\/EKOenergy_\",\"https:\\\/\\\/www.instagram.com\\\/ekoenergy\\\/\",\"https:\\\/\\\/www.linkedin.com\\\/company\\\/ekoenergy-ecolabel\\\/\",\"https:\\\/\\\/www.youtube.com\\\/EKOenergy-ecolabel\",\"https:\\\/\\\/en.wikipedia.org\\\/wiki\\\/EKOenergy\"]},{\"@type\":\"Person\",\"@id\":\"https:\\\/\\\/www.ekoenergy.org\\\/tr\\\/#\\\/schema\\\/person\\\/21444e1bd72d5e9e9961c611c50e33f4\",\"name\":\"Steven Vanholme\",\"image\":{\"@type\":\"ImageObject\",\"inLanguage\":\"tr\",\"@id\":\"https:\\\/\\\/secure.gravatar.com\\\/avatar\\\/f99c9eea0dbfa3f163e1bfeb0842dbafe6ea1d33375ef30b2eb770f7ce6973f6?s=96&d=mm&r=g\",\"url\":\"https:\\\/\\\/secure.gravatar.com\\\/avatar\\\/f99c9eea0dbfa3f163e1bfeb0842dbafe6ea1d33375ef30b2eb770f7ce6973f6?s=96&d=mm&r=g\",\"contentUrl\":\"https:\\\/\\\/secure.gravatar.com\\\/avatar\\\/f99c9eea0dbfa3f163e1bfeb0842dbafe6ea1d33375ef30b2eb770f7ce6973f6?s=96&d=mm&r=g\",\"caption\":\"Steven Vanholme\"},\"url\":\"https:\\\/\\\/www.ekoenergy.org\\\/tr\\\/author\\\/svanholme\\\/\"}]}<\/script>\n<!-- \/ Yoast SEO plugin. -->","yoast_head_json":{"title":"Toyota Balt\u0131k AS, EKOenerji etiketli yenilenebilir elektrik kullan\u0131yor - EKOenergy ecolabel","description":"Toyota Balt\u0131k bayili\u011fi Estonya'da EKOenerji etiketli elektrik kullanmaya ba\u015flad\u0131. Pazarlama departman\u0131 genel m\u00fcd\u00fcr\u00fc Marek Maide'yle bu tercihlerini sorduk.","robots":{"index":"index","follow":"follow","max-snippet":"max-snippet:-1","max-image-preview":"max-image-preview:large","max-video-preview":"max-video-preview:-1"},"canonical":"https:\/\/www.ekoenergy.org\/tr\/toyota-baltic-as-uses-ekoenergy-labelled-renewable-electricity\/","og_locale":"tr_TR","og_type":"article","og_title":"Toyota Balt\u0131k AS, EKOenerji etiketli yenilenebilir elektrik kullan\u0131yor - EKOenergy ecolabel","og_description":"Toyota Balt\u0131k bayili\u011fi Estonya'da EKOenerji etiketli elektrik kullanmaya ba\u015flad\u0131. Pazarlama departman\u0131 genel m\u00fcd\u00fcr\u00fc Marek Maide'yle bu tercihlerini sorduk.","og_url":"https:\/\/www.ekoenergy.org\/tr\/toyota-baltic-as-uses-ekoenergy-labelled-renewable-electricity\/","og_site_name":"EKOenergy ecolabel","article_publisher":"https:\/\/www.facebook.com\/EKOenergy.ecolabel\/","article_published_time":"2020-06-01T08:04:55+00:00","article_modified_time":"2020-06-12T07:33:26+00:00","og_image":[{"width":1620,"height":1080,"url":"https:\/\/www.ekoenergy.org\/wp-content\/uploads\/ToyotaBaltic.jpg","type":"image\/jpeg"}],"author":"Steven Vanholme","twitter_card":"summary_large_image","twitter_creator":"@EKOenergy_","twitter_site":"@EKOenergy_","twitter_misc":{"Yazan:":"Steven Vanholme","Tahmini okuma s\u00fcresi":"6 dakika"},"schema":{"@context":"https:\/\/schema.org","@graph":[{"@type":"Article","@id":"https:\/\/www.ekoenergy.org\/tr\/toyota-baltic-as-uses-ekoenergy-labelled-renewable-electricity\/#article","isPartOf":{"@id":"https:\/\/www.ekoenergy.org\/tr\/toyota-baltic-as-uses-ekoenergy-labelled-renewable-electricity\/"},"author":{"name":"Steven Vanholme","@id":"https:\/\/www.ekoenergy.org\/tr\/#\/schema\/person\/21444e1bd72d5e9e9961c611c50e33f4"},"headline":"Toyota Balt\u0131k AS, EKOenerji etiketli yenilenebilir elektrik kullan\u0131yor","datePublished":"2020-06-01T08:04:55+00:00","dateModified":"2020-06-12T07:33:26+00:00","mainEntityOfPage":{"@id":"https:\/\/www.ekoenergy.org\/tr\/toyota-baltic-as-uses-ekoenergy-labelled-renewable-electricity\/"},"wordCount":1205,"publisher":{"@id":"https:\/\/www.ekoenergy.org\/tr\/#organization"},"image":{"@id":"https:\/\/www.ekoenergy.org\/tr\/toyota-baltic-as-uses-ekoenergy-labelled-renewable-electricity\/#primaryimage"},"thumbnailUrl":"https:\/\/www.ekoenergy.org\/wp-content\/uploads\/ToyotaBaltic.jpg","keywords":["100% renewable"],"articleSection":["News","User stories"],"inLanguage":"tr"},{"@type":"WebPage","@id":"https:\/\/www.ekoenergy.org\/tr\/toyota-baltic-as-uses-ekoenergy-labelled-renewable-electricity\/","url":"https:\/\/www.ekoenergy.org\/tr\/toyota-baltic-as-uses-ekoenergy-labelled-renewable-electricity\/","name":"Toyota Balt\u0131k AS, EKOenerji etiketli yenilenebilir elektrik kullan\u0131yor - EKOenergy ecolabel","isPartOf":{"@id":"https:\/\/www.ekoenergy.org\/tr\/#website"},"primaryImageOfPage":{"@id":"https:\/\/www.ekoenergy.org\/tr\/toyota-baltic-as-uses-ekoenergy-labelled-renewable-electricity\/#primaryimage"},"image":{"@id":"https:\/\/www.ekoenergy.org\/tr\/toyota-baltic-as-uses-ekoenergy-labelled-renewable-electricity\/#primaryimage"},"thumbnailUrl":"https:\/\/www.ekoenergy.org\/wp-content\/uploads\/ToyotaBaltic.jpg","datePublished":"2020-06-01T08:04:55+00:00","dateModified":"2020-06-12T07:33:26+00:00","description":"Toyota Balt\u0131k bayili\u011fi Estonya'da EKOenerji etiketli elektrik kullanmaya ba\u015flad\u0131. Pazarlama departman\u0131 genel m\u00fcd\u00fcr\u00fc Marek Maide'yle bu tercihlerini sorduk.","breadcrumb":{"@id":"https:\/\/www.ekoenergy.org\/tr\/toyota-baltic-as-uses-ekoenergy-labelled-renewable-electricity\/#breadcrumb"},"inLanguage":"tr","potentialAction":[{"@type":"ReadAction","target":["https:\/\/www.ekoenergy.org\/tr\/toyota-baltic-as-uses-ekoenergy-labelled-renewable-electricity\/"]}]},{"@type":"ImageObject","inLanguage":"tr","@id":"https:\/\/www.ekoenergy.org\/tr\/toyota-baltic-as-uses-ekoenergy-labelled-renewable-electricity\/#primaryimage","url":"https:\/\/www.ekoenergy.org\/wp-content\/uploads\/ToyotaBaltic.jpg","contentUrl":"https:\/\/www.ekoenergy.org\/wp-content\/uploads\/ToyotaBaltic.jpg","width":1620,"height":1080},{"@type":"BreadcrumbList","@id":"https:\/\/www.ekoenergy.org\/tr\/toyota-baltic-as-uses-ekoenergy-labelled-renewable-electricity\/#breadcrumb","itemListElement":[{"@type":"ListItem","position":1,"name":"Home","item":"https:\/\/www.ekoenergy.org\/tr\/"},{"@type":"ListItem","position":2,"name":"Toyota Balt\u0131k AS, EKOenerji etiketli yenilenebilir elektrik kullan\u0131yor"}]},{"@type":"WebSite","@id":"https:\/\/www.ekoenergy.org\/tr\/#website","url":"https:\/\/www.ekoenergy.org\/tr\/","name":"EKOenergy ecolabel","description":"The global nonprofit ecolabel for renewable energy","publisher":{"@id":"https:\/\/www.ekoenergy.org\/tr\/#organization"},"potentialAction":[{"@type":"SearchAction","target":{"@type":"EntryPoint","urlTemplate":"https:\/\/www.ekoenergy.org\/tr\/?s={search_term_string}"},"query-input":{"@type":"PropertyValueSpecification","valueRequired":true,"valueName":"search_term_string"}}],"inLanguage":"tr"},{"@type":"Organization","@id":"https:\/\/www.ekoenergy.org\/tr\/#organization","name":"Not-for-profit Organisation EKOenergy","url":"https:\/\/www.ekoenergy.org\/tr\/","logo":{"@type":"ImageObject","inLanguage":"tr","@id":"https:\/\/www.ekoenergy.org\/tr\/#\/schema\/logo\/image\/","url":"https:\/\/www.ekoenergy.org\/wp-content\/uploads\/logo-EKOenergy-no-text.jpg","contentUrl":"https:\/\/www.ekoenergy.org\/wp-content\/uploads\/logo-EKOenergy-no-text.jpg","width":1600,"height":1600,"caption":"Not-for-profit Organisation EKOenergy"},"image":{"@id":"https:\/\/www.ekoenergy.org\/tr\/#\/schema\/logo\/image\/"},"sameAs":["https:\/\/www.facebook.com\/EKOenergy.ecolabel\/","https:\/\/x.com\/EKOenergy_","https:\/\/www.instagram.com\/ekoenergy\/","https:\/\/www.linkedin.com\/company\/ekoenergy-ecolabel\/","https:\/\/www.youtube.com\/EKOenergy-ecolabel","https:\/\/en.wikipedia.org\/wiki\/EKOenergy"]},{"@type":"Person","@id":"https:\/\/www.ekoenergy.org\/tr\/#\/schema\/person\/21444e1bd72d5e9e9961c611c50e33f4","name":"Steven Vanholme","image":{"@type":"ImageObject","inLanguage":"tr","@id":"https:\/\/secure.gravatar.com\/avatar\/f99c9eea0dbfa3f163e1bfeb0842dbafe6ea1d33375ef30b2eb770f7ce6973f6?s=96&d=mm&r=g","url":"https:\/\/secure.gravatar.com\/avatar\/f99c9eea0dbfa3f163e1bfeb0842dbafe6ea1d33375ef30b2eb770f7ce6973f6?s=96&d=mm&r=g","contentUrl":"https:\/\/secure.gravatar.com\/avatar\/f99c9eea0dbfa3f163e1bfeb0842dbafe6ea1d33375ef30b2eb770f7ce6973f6?s=96&d=mm&r=g","caption":"Steven Vanholme"},"url":"https:\/\/www.ekoenergy.org\/tr\/author\/svanholme\/"}]}},"uagb_featured_image_src":{"full":["https:\/\/www.ekoenergy.org\/wp-content\/uploads\/ToyotaBaltic.jpg",1620,1080,false],"thumbnail":["https:\/\/www.ekoenergy.org\/wp-content\/uploads\/ToyotaBaltic-150x150.jpg",150,150,true],"medium":["https:\/\/www.ekoenergy.org\/wp-content\/uploads\/ToyotaBaltic-320x213.jpg",320,213,true],"medium_large":["https:\/\/www.ekoenergy.org\/wp-content\/uploads\/ToyotaBaltic-768x512.jpg",768,512,true],"large":["https:\/\/www.ekoenergy.org\/wp-content\/uploads\/ToyotaBaltic-1024x683.jpg",1024,683,true],"1536x1536":["https:\/\/www.ekoenergy.org\/wp-content\/uploads\/ToyotaBaltic-1536x1024.jpg",1536,1024,true],"2048x2048":["https:\/\/www.ekoenergy.org\/wp-content\/uploads\/ToyotaBaltic.jpg",1620,1080,false]},"uagb_author_info":{"display_name":"Steven Vanholme","author_link":"https:\/\/www.ekoenergy.org\/tr\/author\/svanholme\/"},"uagb_comment_info":0,"uagb_excerpt":"\u00dc\u00e7 Balt\u0131k \u00fclkesinin Toyota ve Lexus ithalat\u00e7\u0131s\u0131 Toyota Balt\u0131k AS, Estonya\u2019n\u0131n Tallinn \u015fehrinde bulunan merkezlerinde EKOenerji eko-etiketli elektrik kullanmaya ba\u015flad\u0131. Toyota Balt\u0131k AS\u2019nin pazarlama departman\u0131 genel m\u00fcd\u00fcr\u00fc Marek Maide\u2019yle yapt\u0131\u011f\u0131m\u0131z r\u00f6portajda ona Toyota\u2019n\u0131n s\u00fcrd\u00fcr\u00fclebilirlik hedeflerini, yenilenebilirlere ge\u00e7i\u015fteki rollerini nas\u0131l g\u00f6rd\u00fcklerini ve nas\u0131l EKOenerji eko-etiketli, %100 yenilenebilir elektrik kullanmaya ba\u015flad\u0131klar\u0131n\u0131 sorduk. Tebrikler ve EKOenerji etiketli elektrik&hellip;","_links":{"self":[{"href":"https:\/\/www.ekoenergy.org\/tr\/wp-json\/wp\/v2\/posts\/78974","targetHints":{"allow":["GET"]}}],"collection":[{"href":"https:\/\/www.ekoenergy.org\/tr\/wp-json\/wp\/v2\/posts"}],"about":[{"href":"https:\/\/www.ekoenergy.org\/tr\/wp-json\/wp\/v2\/types\/post"}],"author":[{"embeddable":true,"href":"https:\/\/www.ekoenergy.org\/tr\/wp-json\/wp\/v2\/users\/2"}],"replies":[{"embeddable":true,"href":"https:\/\/www.ekoenergy.org\/tr\/wp-json\/wp\/v2\/comments?post=78974"}],"version-history":[{"count":3,"href":"https:\/\/www.ekoenergy.org\/tr\/wp-json\/wp\/v2\/posts\/78974\/revisions"}],"predecessor-version":[{"id":80276,"href":"https:\/\/www.ekoenergy.org\/tr\/wp-json\/wp\/v2\/posts\/78974\/revisions\/80276"}],"wp:featuredmedia":[{"embeddable":true,"href":"https:\/\/www.ekoenergy.org\/tr\/wp-json\/wp\/v2\/media\/78708"}],"wp:attachment":[{"href":"https:\/\/www.ekoenergy.org\/tr\/wp-json\/wp\/v2\/media?parent=78974"}],"wp:term":[{"taxonomy":"category","embeddable":true,"href":"https:\/\/www.ekoenergy.org\/tr\/wp-json\/wp\/v2\/categories?post=78974"},{"taxonomy":"post_tag","embeddable":true,"href":"https:\/\/www.ekoenergy.org\/tr\/wp-json\/wp\/v2\/tags?post=78974"}],"curies":[{"name":"wp","href":"https:\/\/api.w.org\/{rel}","templated":true}]}}