{"id":83651,"date":"2020-07-29T11:18:21","date_gmt":"2020-07-29T08:18:21","guid":{"rendered":"https:\/\/www.ekoenergy.org\/ecolabels-and-what-they-bring-to-the-renewable-energy-market\/"},"modified":"2020-08-14T17:17:04","modified_gmt":"2020-08-14T14:17:04","slug":"ecolabels-and-what-they-bring-to-the-renewable-energy-market","status":"publish","type":"post","link":"https:\/\/www.ekoenergy.org\/tr\/ecolabels-and-what-they-bring-to-the-renewable-energy-market\/","title":{"rendered":"Eko-etiketlerin yenilenebilir enerji piyasas\u0131na getirdikleri"},"content":{"rendered":"\n<figure class=\"wp-block-image size-large\"><img fetchpriority=\"high\" decoding=\"async\" width=\"1024\" height=\"723\" src=\"https:\/\/www.ekoenergy.org\/wp-content\/uploads\/\/environmental-awareness-679668_1280-1024x723.jpg\" alt=\"Ecolabels increase environmental awareness\" class=\"wp-image-83602\" srcset=\"https:\/\/www.ekoenergy.org\/wp-content\/uploads\/environmental-awareness-679668_1280-1024x723.jpg 1024w, https:\/\/www.ekoenergy.org\/wp-content\/uploads\/environmental-awareness-679668_1280-320x226.jpg 320w, https:\/\/www.ekoenergy.org\/wp-content\/uploads\/environmental-awareness-679668_1280-768x542.jpg 768w, https:\/\/www.ekoenergy.org\/wp-content\/uploads\/environmental-awareness-679668_1280.jpg 1280w\" sizes=\"(max-width: 1024px) 100vw, 1024px\" \/><\/figure>\n\n\n\n<div style=\"height:20px\" aria-hidden=\"true\" class=\"wp-block-spacer\"><\/div>\n\n\n\n<p>Zaman zaman enerji t\u00fcketicilerinin kafalar\u0131n\u0131n kar\u0131\u015ft\u0131\u011f\u0131n\u0131 ve \u201c\u00e7ok say\u0131daki eko-etiketin\u201d bu kafa kar\u0131\u015f\u0131kl\u0131\u011f\u0131na katk\u0131da bulundu\u011funu duyuyoruz. Enerji piyasalar\u0131n\u0131n karma\u015f\u0131k olabilece\u011fi do\u011fru, fakat sebebi bu de\u011fil. Bu yaz\u0131m\u0131zda bu konuya a\u00e7\u0131kl\u0131k getirip eko-etiketlerin rol\u00fcnden, \u00fcr\u00fcn ve marka isimlerinin neden eko-etiketlerle kar\u0131\u015ft\u0131r\u0131lmamas\u0131 gerekti\u011finden ve kamu kurulu\u015flar\u0131yla sivil toplumun enerji t\u00fcketicilerini desteklemek i\u00e7in neler yapabilece\u011finden bahsedece\u011fiz.<\/p>\n\n\n\n<h2 class=\"wp-block-heading\"><strong>1) Yenilenebilir enerji i\u00e7in \u00e7ok say\u0131da eko-etiket mi var?<\/strong><\/h2>\n\n\n\n<h3 class=\"wp-block-heading\"><strong>Farkl\u0131 sekt\u00f6rler i\u00e7in olan eko-etiketleri kar\u0131\u015ft\u0131rmayal\u0131m<\/strong><\/h3>\n\n\n\n<p>\u0130lk ad\u0131m\u0131m\u0131z s\u00f6z konusu eko-etiketlerin hangi sekt\u00f6rlerde faaliyet g\u00f6sterdi\u011fini anlamak olmal\u0131d\u0131r. Yenilenebilir enerji sat\u0131\u015f\u0131ndan bahsediyorsak ye\u015fil binalar, s\u00fcrd\u00fcr\u00fclebilir turizm, karbon hesaplamas\u0131 ve di\u011fer sekt\u00f6rlerdeki eko-etiketleri bir araya koymak kafa kar\u0131\u015f\u0131kl\u0131\u011f\u0131na sebep olur. Eko-etiketleri, faaliyet g\u00f6sterdikleri sekt\u00f6r\u00fc dikkate almadan listeledi\u011fimizde zorlu bir se\u00e7im yapmam\u0131z gerekti\u011fi izlenimine kap\u0131labiliriz. Sizin i\u00e7in ara\u015ft\u0131rd\u0131k: Yenilenebilir enerji alan\u0131nda aktif eko-etiketler bir elin parma\u011f\u0131n\u0131 ge\u00e7miyor. Bu konuyu yaz\u0131m\u0131z\u0131n devam\u0131nda netle\u015ftiriyoruz, okumaya devam edin!<\/p>\n\n\n\n<h3 class=\"wp-block-heading\"><strong>Eko-etiketlerin co\u011frafi kapsam\u0131n\u0131 g\u00f6zard\u0131 etmeyelim<\/strong><\/h3>\n\n\n\n<p>Ulusal eko-etiketler \u00fclke s\u0131n\u0131rlar\u0131n\u0131n d\u0131\u015f\u0131nda herhangi bir f\u0131rsat sunmuyor. Farkl\u0131 \u00fclkelerin ulusal eko-etiketlerini m\u00fcmk\u00fcn se\u00e7enekler olarak bir araya koymak sadece kafa kar\u0131\u015f\u0131kl\u0131\u011f\u0131 yarat\u0131yor. Eko-etiketin faal oldu\u011fu co\u011frafi alan\u0131 \u00f6\u011frenerek bu kar\u0131\u015f\u0131kl\u0131\u011f\u0131 \u00e7\u00f6zmek gayet kolay. Eko-etiketle alakal\u0131 bilgiler farkl\u0131 dillerde mevcut mu? Kriterleri farkl\u0131 b\u00f6lgelere uygulanabiliyor mu, bu kriterleri farkl\u0131 dillerde okumak m\u00fcmk\u00fcn m\u00fc? Eko-etiket yerel payda\u015flarla i\u015fbirli\u011fine a\u00e7\u0131k m\u0131?<\/p>\n\n\n\n<p>Mesela \u0130svi\u00e7re\u2019deki yerel eko-etiketin ad\u0131 NatureMade, \u0130sve\u00e7\u2019te Bra Milj\u00f6val ve Avusturya\u2019da Umweltzeichen. Bu eko-etiketlerin hepsinin co\u011frafi alan\u0131 bu \u00fclkelerle s\u0131n\u0131rl\u0131, haliyle bu eko-etiketler \u00fclkelerinin d\u0131\u015f\u0131ndaki t\u00fcketiciler i\u00e7in bir imkan sunmuyor.<\/p>\n\n\n\n<p>\u015eu ana kadar Almanya piyasas\u0131, \u00e7ok say\u0131da eko-etikete sahiplik yapmas\u0131yla bir istisna olu\u015fturuyor. Almanya\u2019n\u0131n elektrik t\u00fcketimi 500 TWh\u2019nin \u00fczerinde ve 1000\u2019den fazla enerji \u015firketiyle beraber piyasada faaliyet g\u00f6steren pek \u00e7ok aktif dernek, STK ve ara\u015ft\u0131rma kurulu\u015fu mevcut. Almanya piyasas\u0131n\u0131n boyutu ve dinamizmi, pek \u00e7ok eko-etiketin varl\u0131\u011f\u0131n\u0131 m\u00fcmk\u00fcn k\u0131l\u0131yor. Bunlardan baz\u0131lar\u0131 T\u00dcV S\u00fcd\u2019\u00fcn EE etiketleri, OK Power ve Gr\u00fcner Strom.<\/p>\n\n\n\n<h3 class=\"wp-block-heading\"><strong>Firmalar\u0131n kendi kendilerine bulunduklar\u0131 beyanlarla kar ama\u00e7l\u0131 eko-etiketler<\/strong><\/h3>\n\n\n\n<p>Kar amac\u0131 g\u00fctmeyen, \u00e7evreci STK\u2019lar\u0131n eko-etiketleriyle enerji firmalar\u0131n\u0131n kendi satt\u0131klar\u0131 \u00fcr\u00fcnlere verdikleri isimleri ay\u0131rt etmek b\u00fcy\u00fck \u00f6nem ta\u015f\u0131yor. Bu isimler eko-etiketmi\u015f izlenimi verse de sadece sat\u0131c\u0131lar\u0131n farkl\u0131 isimler verdikleri \u00fcr\u00fcnlerden ibaret. Bu kategorideki \u201ceko-etiket\u201dlerin say\u0131s\u0131n\u0131n olduk\u00e7a fazla oldu\u011funu g\u00f6r\u00fcyoruz, \u00e7\u00fcnk\u00fc bunlar asl\u0131nda eko-etiket de\u011fil, sat\u0131c\u0131n\u0131n kendi sat\u0131\u015flar\u0131 i\u00e7in buldu\u011fu isimler. Her enerji \u015firketinin kendi \u00fcr\u00fcn\u00fcn\u00fc isimlendirmesi m\u00fcmk\u00fcn oldu\u011fu i\u00e7in piyasada sadece tek bir sat\u0131c\u0131s\u0131 olan pek \u00e7ok farkl\u0131 \u00fcr\u00fcn\u00fcn kula\u011fa ho\u015f gelen, eko-etiket izlenimi veren isimlerle sat\u0131ld\u0131\u011f\u0131n\u0131 g\u00f6r\u00fcyoruz.<\/p>\n\n\n\n<p>\u00d6zel firmalar\u0131n y\u00fcr\u00fctt\u00fc\u011f\u00fc, kar amac\u0131 g\u00fcden eko-etiketlerle \u00e7evreci kurulu\u015flar\u0131n kar amac\u0131 g\u00fctmeyen eko-etiketlerini ayr\u0131 ayr\u0131 de\u011ferlendirmenizi \u00f6neriyoruz.<\/p>\n\n\n\n<p>Ayr\u0131ca, t\u00fcketicilerin kendi yenilenebilir enerji t\u00fcketimlerine dair bulunduklar\u0131 beyanlar da bazen harici bir eko-etiket g\u00f6r\u00fcnt\u00fcs\u00fcnde olabiliyor. Bu firmalar\u0131n yenilenebilir enerji tercihlerini ve bunla ilgili ileti\u015fim faaliyetlerini takdir etsek de kendi kendilerine bulunduklar\u0131 bir beyan\u0131 3.parti destekli bir iddia gibi g\u00f6stermeleri do\u011fru de\u011fil.<\/p>\n\n\n\n<p>\u201cTip 1 eko-etiket\u201d denen eko-etiketler pek \u00e7ok niteli\u011fin \u00fc\u00e7\u00fcnc\u00fc bir parti taraf\u0131ndan onayland\u0131\u011f\u0131n\u0131 ifade eder. Perakende enerji sat\u0131\u015f\u0131 piyasas\u0131nda hem yukarda bahsetti\u011fimiz kriterlerin hepsini yerine getiren hem de en geni\u015f co\u011frafi alanda aktivite g\u00f6steren sadece EKOenerji eko-etiketidir.<\/p>\n\n\n\n<h2 class=\"wp-block-heading\"><strong>2) Eko-etiketlerin i\u015flevi nedir?<\/strong><\/h2>\n\n\n\n<p>Kar amac\u0131 g\u00fctmeyen ve \u00fc\u00e7\u00fcnc\u00fc parti konumunda olan az say\u0131daki eko-etiketin amac\u0131 ayn\u0131d\u0131r: T\u00fcketicilerin sat\u0131n ald\u0131klar\u0131 enerjiyle bundan daha fazlas\u0131na ula\u015fmas\u0131n\u0131 sa\u011flamak.<\/p>\n\n\n\n<p>T\u00fcketicilerin aktif kat\u0131l\u0131m\u0131 enerji d\u00f6n\u00fc\u015f\u00fcm\u00fcn\u00fcn bir par\u00e7as\u0131d\u0131r. Enerji piyasas\u0131nda farkl\u0131 b\u00fct\u00e7e, beklenti, kapasite ve ihtiya\u00e7lara sahip pek \u00e7ok akt\u00f6r bulunuyor. Baz\u0131 t\u00fcketiciler ye\u015fil tarifelerden memnunken baz\u0131lar\u0131 elektriklerinin belli bir kurulumdan gelmesini ister, kimileriyle kendi kurulumlar\u0131na yat\u0131r\u0131m yapmay\u0131 veya \u201ct\u00fcretici\u201d olmay\u0131 uygun bulur. Eko-etiketler farkl\u0131 taleplerin bulundu\u011fu bu resmin bir par\u00e7as\u0131d\u0131r.<\/p>\n\n\n\n<p>\u0130klim de\u011fi\u015fikli\u011fine son verecek tek bir \u00e7\u00f6z\u00fcm olmamakla beraber pek \u00e7ok k\u00fc\u00e7\u00fck ad\u0131m\u0131n at\u0131lmas\u0131 gerekir. Bu y\u00fczden EKOenerji eko-etiketini her t\u00fcr yenilenebilir enerji sat\u0131n alma metoduna uygun \u015fekilde geli\u015ftirdik ve b\u00fcy\u00fck, \u00e7ok uluslu firmalardan hanelere kadar her t\u00fcr t\u00fcketicinin eri\u015fiminde olmas\u0131n\u0131 istedik. Kar amac\u0131 g\u00fctmeyen ve alan\u0131nda uzman bir kurulu\u015f olarak \u00e7al\u0131\u015fmalar\u0131m\u0131z, hem b\u00fcy\u00fck hem de k\u00fc\u00e7\u00fck t\u00fcketicilerin harekete ge\u00e7mesini kolayla\u015ft\u0131r\u0131yor.<\/p>\n\n\n\n<p>Eko-etiketli temiz enerji belli kriterlere uygun olman\u0131n yan\u0131s\u0131ra farkl\u0131 getiriler sunarak t\u00fcketicinin her bir bilgiyi kendileri ara\u015ft\u0131rmaktansa bilgiye b\u00fct\u00fcn bir paket olarak kolayca ula\u015fmas\u0131n\u0131 sa\u011flar. Bu a\u00e7\u0131dan bakt\u0131\u011f\u0131m\u0131zda farkl\u0131 hedef kitlelere ula\u015fan, farkl\u0131 noktalara vurgu yapan eko-etiketlerin varl\u0131\u011f\u0131 piyasa i\u00e7in olumlu bir geli\u015fmedir diyebiliriz. Talebin \u00e7e\u015fitlenmesi ve farkl\u0131la\u015fmas\u0131 geli\u015fmekte olan piyasalar\u0131n getirisi oldu\u011fu i\u00e7in daha iyi se\u00e7imler yapmak ad\u0131na farkl\u0131 k\u0131lavuzlar\u0131n varl\u0131\u011f\u0131, daha fazla t\u00fcketiciyi daha iyisini yapmaya y\u00f6nlendiriyor.<\/p>\n\n\n\n<h2 class=\"wp-block-heading\"><strong>3) T\u00fcketicilerin kafas\u0131n\u0131 kar\u0131\u015ft\u0131rmaktansa onlara nas\u0131l yeni ufuklar a\u00e7abiliriz?<\/strong><\/h2>\n\n\n\n<p>Kafa kar\u0131\u015f\u0131kl\u0131\u011f\u0131 yarat\u0131lmas\u0131na dair endi\u015fesi olanlar\u0131 s\u00f6z de\u011fil icraata davet ediyoruz. Eko-etiketleri listeleyen veya k\u0131yaslayan uzun raporlar genellikle t\u00fcketicilere hi\u00e7bir fayda sa\u011flam\u0131yor ve farkl\u0131 sekt\u00f6rlerde aktif eko-etiketler beraber listelendi\u011finde t\u00fcketicinin kendi durumuna uygun bilgiyi bulmas\u0131 zorla\u015fm\u0131\u015f oluyor. Pek \u00e7ok eko-etiket&nbsp;farkl\u0131 \u015fartlar alt\u0131nda veya farkl\u0131 co\u011frafi b\u00f6lgelerde faaliyet g\u00f6stermedi\u011fi i\u00e7in bu t\u00fcr raporlar ne kadar detayland\u0131r\u0131lm\u0131\u015fsa o kadar kafa kar\u0131\u015f\u0131kl\u0131\u011f\u0131 yarat\u0131yor. Bunun yerine eko-etiketli yenilenebilir enerji kullanmak ve en geni\u015f co\u011frafi alanda aktif eko-etiketleri desteklemek daha g\u00fc\u00e7l\u00fc etki yarat\u0131r. Teorik tart\u0131\u015fmalar da pek \u00e7ok insana netlik kazand\u0131rmak yerine bunalt\u0131c\u0131 geliyor. S\u00f6ze de\u011fil icraata bakal\u0131m!<\/p>\n\n\n\n<p>RE100\u2019e kat\u0131lan ve 100% yenilenebilir enerji kullanmaya ba\u015flayan firmalar pek \u00e7oklar\u0131na \u00f6rnek oluyor. Aralar\u0131nda sadece yenilenebilir enerjiye ge\u00e7mekle kalmay\u0131p EKOenerji etiketli enerji tercih ederek fazladan bir ad\u0131m atanlar da var. Bu firmalar 100% yenilenebilir ve s\u00fcrd\u00fcr\u00fclebilir enerji kullanmakla kalmay\u0131p hem geli\u015fmekte olan \u00fclkelerdeki yeni temiz enerji projelerine katk\u0131da bulunuyor, hem de \u00e7evreci bir STK olarak ileti\u015fim kampanyalar\u0131m\u0131za ve fikir savunuculu\u011fu vb. faaliyetlerimize destek vermi\u015f oluyor.<\/p>\n\n\n\n<p>Kamu kurulu\u015flar\u0131n\u0131n da bu firmalar\u0131n izinden gitmesini \u00fcmit ediyoruz. T\u00fcketicilere yeni imkanlar sunmak, yenilenebilir enerji \u00fcretimi ve t\u00fcketicilerin se\u00e7eneklerinin piyasay\u0131 nas\u0131l \u015fekillendirdi\u011fiyle alakal\u0131 bilin\u00e7lendirme faaliyetlerinden ge\u00e7iyor. Var olan eko-etiketlerin \u00e7al\u0131\u015fmalar\u0131n\u0131 desteklemek, bilgiyi yaymak ve sosyal medyada payla\u015f\u0131mlar\u0131n\u0131 be\u011fenip payla\u015fmak dahi \u00e7ok \u015fey ifade ediyor.<\/p>\n\n\n\n<p>Bilgi ve deneyimimizi payla\u015fmaya a\u00e7\u0131k olmakla beraber g\u00f6r\u00fcn\u00fcrl\u00fc\u011f\u00fcm\u00fcz\u00fc ve daha fazla payda\u015fa eri\u015fimimizi artt\u0131rmak i\u00e7in i\u015fbirli\u011fi \u00f6nerilerini de\u011ferlendirmeye haz\u0131r\u0131z.<\/p>\n\n\n\n<div style=\"height:30px\" aria-hidden=\"true\" class=\"wp-block-spacer\"><\/div>\n\n\n\n<p><em>Published on 29 July 2020<\/em><\/p>\n","protected":false},"excerpt":{"rendered":"<p>Bu yaz\u0131m\u0131zda eko-etiketlerin rol\u00fcnden, \u00fcr\u00fcn ve marka isimlerinin neden eko-etiketlerle kar\u0131\u015ft\u0131r\u0131lmamas\u0131 gerekti\u011finden ve kamu kurulu\u015flar\u0131yla sivil toplumun enerji t\u00fcketicilerini desteklemek i\u00e7in neler yapabilece\u011finden bahsettik.<\/p>\n","protected":false},"author":17,"featured_media":83620,"comment_status":"closed","ping_status":"closed","sticky":false,"template":"","format":"standard","meta":{"inline_featured_image":false,"_uag_custom_page_level_css":"","site-sidebar-layout":"default","site-content-layout":"default","ast-site-content-layout":"default","site-content-style":"default","site-sidebar-style":"default","ast-global-header-display":"","ast-banner-title-visibility":"","ast-main-header-display":"","ast-hfb-above-header-display":"","ast-hfb-below-header-display":"","ast-hfb-mobile-header-display":"","site-post-title":"","ast-breadcrumbs-content":"","ast-featured-img":"","footer-sml-layout":"","ast-disable-related-posts":"","theme-transparent-header-meta":"default","adv-header-id-meta":"","stick-header-meta":"default","header-above-stick-meta":"","header-main-stick-meta":"","header-below-stick-meta":"","astra-migrate-meta-layouts":"default","ast-page-background-enabled":"default","ast-page-background-meta":{"desktop":{"background-color":"","background-image":"","background-repeat":"repeat","background-position":"center center","background-size":"auto","background-attachment":"scroll","background-type":"","background-media":"","overlay-type":"","overlay-color":"","overlay-opacity":"","overlay-gradient":""},"tablet":{"background-color":"","background-image":"","background-repeat":"repeat","background-position":"center center","background-size":"auto","background-attachment":"scroll","background-type":"","background-media":"","overlay-type":"","overlay-color":"","overlay-opacity":"","overlay-gradient":""},"mobile":{"background-color":"","background-image":"","background-repeat":"repeat","background-position":"center center","background-size":"auto","background-attachment":"scroll","background-type":"","background-media":"","overlay-type":"","overlay-color":"","overlay-opacity":"","overlay-gradient":""}},"ast-content-background-meta":{"desktop":{"background-color":"var(--ast-global-color-5)","background-image":"","background-repeat":"repeat","background-position":"center center","background-size":"auto","background-attachment":"scroll","background-type":"","background-media":"","overlay-type":"","overlay-color":"","overlay-opacity":"","overlay-gradient":""},"tablet":{"background-color":"var(--ast-global-color-5)","background-image":"","background-repeat":"repeat","background-position":"center center","background-size":"auto","background-attachment":"scroll","background-type":"","background-media":"","overlay-type":"","overlay-color":"","overlay-opacity":"","overlay-gradient":""},"mobile":{"background-color":"var(--ast-global-color-5)","background-image":"","background-repeat":"repeat","background-position":"center center","background-size":"auto","background-attachment":"scroll","background-type":"","background-media":"","overlay-type":"","overlay-color":"","overlay-opacity":"","overlay-gradient":""}},"footnotes":""},"categories":[206],"tags":[503],"class_list":["post-83651","post","type-post","status-publish","format-standard","has-post-thumbnail","hentry","category-news-tr","tag-100-renewable-tr"],"yoast_head":"<!-- This site is optimized with the Yoast SEO plugin v27.3 - https:\/\/yoast.com\/product\/yoast-seo-wordpress\/ -->\n<title>Eko-etiketlerin yenilenebilir enerji piyasas\u0131na getirdikleri - EKOenergy ecolabel<\/title>\n<meta name=\"description\" content=\"Bu yaz\u0131m\u0131zda eko-etiketlerin rol\u00fcn\u00fc, \u00fcr\u00fcn ve marka isimlerinin neden eko-etiketlerle kar\u0131\u015ft\u0131r\u0131lmamas\u0131 gerekti\u011fini ve kamu kurulu\u015flar\u0131yla sivil toplumun enerji t\u00fcketicilerini desteklemek i\u00e7in neler yapabilece\u011fini a\u00e7\u0131klad\u0131k.\" \/>\n<meta name=\"robots\" content=\"index, follow, max-snippet:-1, max-image-preview:large, max-video-preview:-1\" \/>\n<link rel=\"canonical\" href=\"https:\/\/www.ekoenergy.org\/tr\/ecolabels-and-what-they-bring-to-the-renewable-energy-market\/\" \/>\n<meta property=\"og:locale\" content=\"tr_TR\" \/>\n<meta property=\"og:type\" content=\"article\" \/>\n<meta property=\"og:title\" content=\"Eko-etiketlerin yenilenebilir enerji piyasas\u0131na getirdikleri - EKOenergy ecolabel\" \/>\n<meta property=\"og:description\" content=\"Bu yaz\u0131m\u0131zda eko-etiketlerin rol\u00fcn\u00fc, \u00fcr\u00fcn ve marka isimlerinin neden eko-etiketlerle kar\u0131\u015ft\u0131r\u0131lmamas\u0131 gerekti\u011fini ve kamu kurulu\u015flar\u0131yla sivil toplumun enerji t\u00fcketicilerini desteklemek i\u00e7in neler yapabilece\u011fini a\u00e7\u0131klad\u0131k.\" \/>\n<meta property=\"og:url\" content=\"https:\/\/www.ekoenergy.org\/tr\/ecolabels-and-what-they-bring-to-the-renewable-energy-market\/\" \/>\n<meta property=\"og:site_name\" content=\"EKOenergy ecolabel\" \/>\n<meta property=\"article:publisher\" content=\"https:\/\/www.facebook.com\/EKOenergy.ecolabel\/\" \/>\n<meta property=\"article:published_time\" content=\"2020-07-29T08:18:21+00:00\" \/>\n<meta property=\"article:modified_time\" content=\"2020-08-14T14:17:04+00:00\" \/>\n<meta property=\"og:image\" content=\"https:\/\/www.ekoenergy.org\/wp-content\/uploads\/environmental-awareness-679668_1280.jpg\" \/>\n\t<meta property=\"og:image:width\" content=\"1280\" \/>\n\t<meta property=\"og:image:height\" content=\"904\" \/>\n\t<meta property=\"og:image:type\" content=\"image\/jpeg\" \/>\n<meta name=\"author\" content=\"EKOenergy ecolabel\" \/>\n<meta name=\"twitter:card\" content=\"summary_large_image\" \/>\n<meta name=\"twitter:creator\" content=\"@EKOenergy_\" \/>\n<meta name=\"twitter:site\" content=\"@EKOenergy_\" \/>\n<meta name=\"twitter:label1\" content=\"Yazan:\" \/>\n\t<meta name=\"twitter:data1\" content=\"EKOenergy ecolabel\" \/>\n\t<meta name=\"twitter:label2\" content=\"Tahmini okuma s\u00fcresi\" \/>\n\t<meta name=\"twitter:data2\" content=\"7 dakika\" \/>\n<script type=\"application\/ld+json\" class=\"yoast-schema-graph\">{\"@context\":\"https:\\\/\\\/schema.org\",\"@graph\":[{\"@type\":\"Article\",\"@id\":\"https:\\\/\\\/www.ekoenergy.org\\\/tr\\\/ecolabels-and-what-they-bring-to-the-renewable-energy-market\\\/#article\",\"isPartOf\":{\"@id\":\"https:\\\/\\\/www.ekoenergy.org\\\/tr\\\/ecolabels-and-what-they-bring-to-the-renewable-energy-market\\\/\"},\"author\":{\"name\":\"EKOenergy ecolabel\",\"@id\":\"https:\\\/\\\/www.ekoenergy.org\\\/tr\\\/#\\\/schema\\\/person\\\/18741ac2a7d16ef6a1efa6e9186ae079\"},\"headline\":\"Eko-etiketlerin yenilenebilir enerji piyasas\u0131na getirdikleri\",\"datePublished\":\"2020-07-29T08:18:21+00:00\",\"dateModified\":\"2020-08-14T14:17:04+00:00\",\"mainEntityOfPage\":{\"@id\":\"https:\\\/\\\/www.ekoenergy.org\\\/tr\\\/ecolabels-and-what-they-bring-to-the-renewable-energy-market\\\/\"},\"wordCount\":1310,\"publisher\":{\"@id\":\"https:\\\/\\\/www.ekoenergy.org\\\/tr\\\/#organization\"},\"image\":{\"@id\":\"https:\\\/\\\/www.ekoenergy.org\\\/tr\\\/ecolabels-and-what-they-bring-to-the-renewable-energy-market\\\/#primaryimage\"},\"thumbnailUrl\":\"https:\\\/\\\/www.ekoenergy.org\\\/wp-content\\\/uploads\\\/environmental-awareness-679668_1280.jpg\",\"keywords\":[\"100% renewable\"],\"articleSection\":[\"News\"],\"inLanguage\":\"tr\"},{\"@type\":\"WebPage\",\"@id\":\"https:\\\/\\\/www.ekoenergy.org\\\/tr\\\/ecolabels-and-what-they-bring-to-the-renewable-energy-market\\\/\",\"url\":\"https:\\\/\\\/www.ekoenergy.org\\\/tr\\\/ecolabels-and-what-they-bring-to-the-renewable-energy-market\\\/\",\"name\":\"Eko-etiketlerin yenilenebilir enerji piyasas\u0131na getirdikleri - EKOenergy ecolabel\",\"isPartOf\":{\"@id\":\"https:\\\/\\\/www.ekoenergy.org\\\/tr\\\/#website\"},\"primaryImageOfPage\":{\"@id\":\"https:\\\/\\\/www.ekoenergy.org\\\/tr\\\/ecolabels-and-what-they-bring-to-the-renewable-energy-market\\\/#primaryimage\"},\"image\":{\"@id\":\"https:\\\/\\\/www.ekoenergy.org\\\/tr\\\/ecolabels-and-what-they-bring-to-the-renewable-energy-market\\\/#primaryimage\"},\"thumbnailUrl\":\"https:\\\/\\\/www.ekoenergy.org\\\/wp-content\\\/uploads\\\/environmental-awareness-679668_1280.jpg\",\"datePublished\":\"2020-07-29T08:18:21+00:00\",\"dateModified\":\"2020-08-14T14:17:04+00:00\",\"description\":\"Bu yaz\u0131m\u0131zda eko-etiketlerin rol\u00fcn\u00fc, \u00fcr\u00fcn ve marka isimlerinin neden eko-etiketlerle kar\u0131\u015ft\u0131r\u0131lmamas\u0131 gerekti\u011fini ve kamu kurulu\u015flar\u0131yla sivil toplumun enerji t\u00fcketicilerini desteklemek i\u00e7in neler yapabilece\u011fini a\u00e7\u0131klad\u0131k.\",\"breadcrumb\":{\"@id\":\"https:\\\/\\\/www.ekoenergy.org\\\/tr\\\/ecolabels-and-what-they-bring-to-the-renewable-energy-market\\\/#breadcrumb\"},\"inLanguage\":\"tr\",\"potentialAction\":[{\"@type\":\"ReadAction\",\"target\":[\"https:\\\/\\\/www.ekoenergy.org\\\/tr\\\/ecolabels-and-what-they-bring-to-the-renewable-energy-market\\\/\"]}]},{\"@type\":\"ImageObject\",\"inLanguage\":\"tr\",\"@id\":\"https:\\\/\\\/www.ekoenergy.org\\\/tr\\\/ecolabels-and-what-they-bring-to-the-renewable-energy-market\\\/#primaryimage\",\"url\":\"https:\\\/\\\/www.ekoenergy.org\\\/wp-content\\\/uploads\\\/environmental-awareness-679668_1280.jpg\",\"contentUrl\":\"https:\\\/\\\/www.ekoenergy.org\\\/wp-content\\\/uploads\\\/environmental-awareness-679668_1280.jpg\",\"width\":1280,\"height\":904,\"caption\":\"Ecolabels increase environmental awareness\"},{\"@type\":\"BreadcrumbList\",\"@id\":\"https:\\\/\\\/www.ekoenergy.org\\\/tr\\\/ecolabels-and-what-they-bring-to-the-renewable-energy-market\\\/#breadcrumb\",\"itemListElement\":[{\"@type\":\"ListItem\",\"position\":1,\"name\":\"Home\",\"item\":\"https:\\\/\\\/www.ekoenergy.org\\\/tr\\\/\"},{\"@type\":\"ListItem\",\"position\":2,\"name\":\"Eko-etiketlerin yenilenebilir enerji piyasas\u0131na getirdikleri\"}]},{\"@type\":\"WebSite\",\"@id\":\"https:\\\/\\\/www.ekoenergy.org\\\/tr\\\/#website\",\"url\":\"https:\\\/\\\/www.ekoenergy.org\\\/tr\\\/\",\"name\":\"EKOenergy ecolabel\",\"description\":\"The global nonprofit ecolabel for renewable energy\",\"publisher\":{\"@id\":\"https:\\\/\\\/www.ekoenergy.org\\\/tr\\\/#organization\"},\"potentialAction\":[{\"@type\":\"SearchAction\",\"target\":{\"@type\":\"EntryPoint\",\"urlTemplate\":\"https:\\\/\\\/www.ekoenergy.org\\\/tr\\\/?s={search_term_string}\"},\"query-input\":{\"@type\":\"PropertyValueSpecification\",\"valueRequired\":true,\"valueName\":\"search_term_string\"}}],\"inLanguage\":\"tr\"},{\"@type\":\"Organization\",\"@id\":\"https:\\\/\\\/www.ekoenergy.org\\\/tr\\\/#organization\",\"name\":\"Not-for-profit Organisation EKOenergy\",\"url\":\"https:\\\/\\\/www.ekoenergy.org\\\/tr\\\/\",\"logo\":{\"@type\":\"ImageObject\",\"inLanguage\":\"tr\",\"@id\":\"https:\\\/\\\/www.ekoenergy.org\\\/tr\\\/#\\\/schema\\\/logo\\\/image\\\/\",\"url\":\"https:\\\/\\\/www.ekoenergy.org\\\/wp-content\\\/uploads\\\/logo-EKOenergy-no-text.jpg\",\"contentUrl\":\"https:\\\/\\\/www.ekoenergy.org\\\/wp-content\\\/uploads\\\/logo-EKOenergy-no-text.jpg\",\"width\":1600,\"height\":1600,\"caption\":\"Not-for-profit Organisation EKOenergy\"},\"image\":{\"@id\":\"https:\\\/\\\/www.ekoenergy.org\\\/tr\\\/#\\\/schema\\\/logo\\\/image\\\/\"},\"sameAs\":[\"https:\\\/\\\/www.facebook.com\\\/EKOenergy.ecolabel\\\/\",\"https:\\\/\\\/x.com\\\/EKOenergy_\",\"https:\\\/\\\/www.instagram.com\\\/ekoenergy\\\/\",\"https:\\\/\\\/www.linkedin.com\\\/company\\\/ekoenergy-ecolabel\\\/\",\"https:\\\/\\\/www.youtube.com\\\/EKOenergy-ecolabel\",\"https:\\\/\\\/en.wikipedia.org\\\/wiki\\\/EKOenergy\"]},{\"@type\":\"Person\",\"@id\":\"https:\\\/\\\/www.ekoenergy.org\\\/tr\\\/#\\\/schema\\\/person\\\/18741ac2a7d16ef6a1efa6e9186ae079\",\"name\":\"EKOenergy ecolabel\",\"image\":{\"@type\":\"ImageObject\",\"inLanguage\":\"tr\",\"@id\":\"https:\\\/\\\/secure.gravatar.com\\\/avatar\\\/ff22cb0efd7c780e79e9009f678238a77b0c4dfa9dc056a1c905dcea9a4034d4?s=96&d=mm&r=g\",\"url\":\"https:\\\/\\\/secure.gravatar.com\\\/avatar\\\/ff22cb0efd7c780e79e9009f678238a77b0c4dfa9dc056a1c905dcea9a4034d4?s=96&d=mm&r=g\",\"contentUrl\":\"https:\\\/\\\/secure.gravatar.com\\\/avatar\\\/ff22cb0efd7c780e79e9009f678238a77b0c4dfa9dc056a1c905dcea9a4034d4?s=96&d=mm&r=g\",\"caption\":\"EKOenergy ecolabel\"},\"sameAs\":[\"https:\\\/\\\/www.ekoenergy.org\\\/\"],\"url\":\"https:\\\/\\\/www.ekoenergy.org\\\/tr\\\/author\\\/ekoenergy\\\/\"}]}<\/script>\n<!-- \/ Yoast SEO plugin. -->","yoast_head_json":{"title":"Eko-etiketlerin yenilenebilir enerji piyasas\u0131na getirdikleri - EKOenergy ecolabel","description":"Bu yaz\u0131m\u0131zda eko-etiketlerin rol\u00fcn\u00fc, \u00fcr\u00fcn ve marka isimlerinin neden eko-etiketlerle kar\u0131\u015ft\u0131r\u0131lmamas\u0131 gerekti\u011fini ve kamu kurulu\u015flar\u0131yla sivil toplumun enerji t\u00fcketicilerini desteklemek i\u00e7in neler yapabilece\u011fini a\u00e7\u0131klad\u0131k.","robots":{"index":"index","follow":"follow","max-snippet":"max-snippet:-1","max-image-preview":"max-image-preview:large","max-video-preview":"max-video-preview:-1"},"canonical":"https:\/\/www.ekoenergy.org\/tr\/ecolabels-and-what-they-bring-to-the-renewable-energy-market\/","og_locale":"tr_TR","og_type":"article","og_title":"Eko-etiketlerin yenilenebilir enerji piyasas\u0131na getirdikleri - EKOenergy ecolabel","og_description":"Bu yaz\u0131m\u0131zda eko-etiketlerin rol\u00fcn\u00fc, \u00fcr\u00fcn ve marka isimlerinin neden eko-etiketlerle kar\u0131\u015ft\u0131r\u0131lmamas\u0131 gerekti\u011fini ve kamu kurulu\u015flar\u0131yla sivil toplumun enerji t\u00fcketicilerini desteklemek i\u00e7in neler yapabilece\u011fini a\u00e7\u0131klad\u0131k.","og_url":"https:\/\/www.ekoenergy.org\/tr\/ecolabels-and-what-they-bring-to-the-renewable-energy-market\/","og_site_name":"EKOenergy ecolabel","article_publisher":"https:\/\/www.facebook.com\/EKOenergy.ecolabel\/","article_published_time":"2020-07-29T08:18:21+00:00","article_modified_time":"2020-08-14T14:17:04+00:00","og_image":[{"width":1280,"height":904,"url":"https:\/\/www.ekoenergy.org\/wp-content\/uploads\/environmental-awareness-679668_1280.jpg","type":"image\/jpeg"}],"author":"EKOenergy ecolabel","twitter_card":"summary_large_image","twitter_creator":"@EKOenergy_","twitter_site":"@EKOenergy_","twitter_misc":{"Yazan:":"EKOenergy ecolabel","Tahmini okuma s\u00fcresi":"7 dakika"},"schema":{"@context":"https:\/\/schema.org","@graph":[{"@type":"Article","@id":"https:\/\/www.ekoenergy.org\/tr\/ecolabels-and-what-they-bring-to-the-renewable-energy-market\/#article","isPartOf":{"@id":"https:\/\/www.ekoenergy.org\/tr\/ecolabels-and-what-they-bring-to-the-renewable-energy-market\/"},"author":{"name":"EKOenergy ecolabel","@id":"https:\/\/www.ekoenergy.org\/tr\/#\/schema\/person\/18741ac2a7d16ef6a1efa6e9186ae079"},"headline":"Eko-etiketlerin yenilenebilir enerji piyasas\u0131na getirdikleri","datePublished":"2020-07-29T08:18:21+00:00","dateModified":"2020-08-14T14:17:04+00:00","mainEntityOfPage":{"@id":"https:\/\/www.ekoenergy.org\/tr\/ecolabels-and-what-they-bring-to-the-renewable-energy-market\/"},"wordCount":1310,"publisher":{"@id":"https:\/\/www.ekoenergy.org\/tr\/#organization"},"image":{"@id":"https:\/\/www.ekoenergy.org\/tr\/ecolabels-and-what-they-bring-to-the-renewable-energy-market\/#primaryimage"},"thumbnailUrl":"https:\/\/www.ekoenergy.org\/wp-content\/uploads\/environmental-awareness-679668_1280.jpg","keywords":["100% renewable"],"articleSection":["News"],"inLanguage":"tr"},{"@type":"WebPage","@id":"https:\/\/www.ekoenergy.org\/tr\/ecolabels-and-what-they-bring-to-the-renewable-energy-market\/","url":"https:\/\/www.ekoenergy.org\/tr\/ecolabels-and-what-they-bring-to-the-renewable-energy-market\/","name":"Eko-etiketlerin yenilenebilir enerji piyasas\u0131na getirdikleri - EKOenergy ecolabel","isPartOf":{"@id":"https:\/\/www.ekoenergy.org\/tr\/#website"},"primaryImageOfPage":{"@id":"https:\/\/www.ekoenergy.org\/tr\/ecolabels-and-what-they-bring-to-the-renewable-energy-market\/#primaryimage"},"image":{"@id":"https:\/\/www.ekoenergy.org\/tr\/ecolabels-and-what-they-bring-to-the-renewable-energy-market\/#primaryimage"},"thumbnailUrl":"https:\/\/www.ekoenergy.org\/wp-content\/uploads\/environmental-awareness-679668_1280.jpg","datePublished":"2020-07-29T08:18:21+00:00","dateModified":"2020-08-14T14:17:04+00:00","description":"Bu yaz\u0131m\u0131zda eko-etiketlerin rol\u00fcn\u00fc, \u00fcr\u00fcn ve marka isimlerinin neden eko-etiketlerle kar\u0131\u015ft\u0131r\u0131lmamas\u0131 gerekti\u011fini ve kamu kurulu\u015flar\u0131yla sivil toplumun enerji t\u00fcketicilerini desteklemek i\u00e7in neler yapabilece\u011fini a\u00e7\u0131klad\u0131k.","breadcrumb":{"@id":"https:\/\/www.ekoenergy.org\/tr\/ecolabels-and-what-they-bring-to-the-renewable-energy-market\/#breadcrumb"},"inLanguage":"tr","potentialAction":[{"@type":"ReadAction","target":["https:\/\/www.ekoenergy.org\/tr\/ecolabels-and-what-they-bring-to-the-renewable-energy-market\/"]}]},{"@type":"ImageObject","inLanguage":"tr","@id":"https:\/\/www.ekoenergy.org\/tr\/ecolabels-and-what-they-bring-to-the-renewable-energy-market\/#primaryimage","url":"https:\/\/www.ekoenergy.org\/wp-content\/uploads\/environmental-awareness-679668_1280.jpg","contentUrl":"https:\/\/www.ekoenergy.org\/wp-content\/uploads\/environmental-awareness-679668_1280.jpg","width":1280,"height":904,"caption":"Ecolabels increase environmental awareness"},{"@type":"BreadcrumbList","@id":"https:\/\/www.ekoenergy.org\/tr\/ecolabels-and-what-they-bring-to-the-renewable-energy-market\/#breadcrumb","itemListElement":[{"@type":"ListItem","position":1,"name":"Home","item":"https:\/\/www.ekoenergy.org\/tr\/"},{"@type":"ListItem","position":2,"name":"Eko-etiketlerin yenilenebilir enerji piyasas\u0131na getirdikleri"}]},{"@type":"WebSite","@id":"https:\/\/www.ekoenergy.org\/tr\/#website","url":"https:\/\/www.ekoenergy.org\/tr\/","name":"EKOenergy ecolabel","description":"The global nonprofit ecolabel for renewable energy","publisher":{"@id":"https:\/\/www.ekoenergy.org\/tr\/#organization"},"potentialAction":[{"@type":"SearchAction","target":{"@type":"EntryPoint","urlTemplate":"https:\/\/www.ekoenergy.org\/tr\/?s={search_term_string}"},"query-input":{"@type":"PropertyValueSpecification","valueRequired":true,"valueName":"search_term_string"}}],"inLanguage":"tr"},{"@type":"Organization","@id":"https:\/\/www.ekoenergy.org\/tr\/#organization","name":"Not-for-profit Organisation EKOenergy","url":"https:\/\/www.ekoenergy.org\/tr\/","logo":{"@type":"ImageObject","inLanguage":"tr","@id":"https:\/\/www.ekoenergy.org\/tr\/#\/schema\/logo\/image\/","url":"https:\/\/www.ekoenergy.org\/wp-content\/uploads\/logo-EKOenergy-no-text.jpg","contentUrl":"https:\/\/www.ekoenergy.org\/wp-content\/uploads\/logo-EKOenergy-no-text.jpg","width":1600,"height":1600,"caption":"Not-for-profit Organisation EKOenergy"},"image":{"@id":"https:\/\/www.ekoenergy.org\/tr\/#\/schema\/logo\/image\/"},"sameAs":["https:\/\/www.facebook.com\/EKOenergy.ecolabel\/","https:\/\/x.com\/EKOenergy_","https:\/\/www.instagram.com\/ekoenergy\/","https:\/\/www.linkedin.com\/company\/ekoenergy-ecolabel\/","https:\/\/www.youtube.com\/EKOenergy-ecolabel","https:\/\/en.wikipedia.org\/wiki\/EKOenergy"]},{"@type":"Person","@id":"https:\/\/www.ekoenergy.org\/tr\/#\/schema\/person\/18741ac2a7d16ef6a1efa6e9186ae079","name":"EKOenergy ecolabel","image":{"@type":"ImageObject","inLanguage":"tr","@id":"https:\/\/secure.gravatar.com\/avatar\/ff22cb0efd7c780e79e9009f678238a77b0c4dfa9dc056a1c905dcea9a4034d4?s=96&d=mm&r=g","url":"https:\/\/secure.gravatar.com\/avatar\/ff22cb0efd7c780e79e9009f678238a77b0c4dfa9dc056a1c905dcea9a4034d4?s=96&d=mm&r=g","contentUrl":"https:\/\/secure.gravatar.com\/avatar\/ff22cb0efd7c780e79e9009f678238a77b0c4dfa9dc056a1c905dcea9a4034d4?s=96&d=mm&r=g","caption":"EKOenergy ecolabel"},"sameAs":["https:\/\/www.ekoenergy.org\/"],"url":"https:\/\/www.ekoenergy.org\/tr\/author\/ekoenergy\/"}]}},"uagb_featured_image_src":{"full":["https:\/\/www.ekoenergy.org\/wp-content\/uploads\/environmental-awareness-679668_1280.jpg",1280,904,false],"thumbnail":["https:\/\/www.ekoenergy.org\/wp-content\/uploads\/environmental-awareness-679668_1280-150x150.jpg",150,150,true],"medium":["https:\/\/www.ekoenergy.org\/wp-content\/uploads\/environmental-awareness-679668_1280-320x226.jpg",320,226,true],"medium_large":["https:\/\/www.ekoenergy.org\/wp-content\/uploads\/environmental-awareness-679668_1280-768x542.jpg",768,542,true],"large":["https:\/\/www.ekoenergy.org\/wp-content\/uploads\/environmental-awareness-679668_1280-1024x723.jpg",1024,723,true],"1536x1536":["https:\/\/www.ekoenergy.org\/wp-content\/uploads\/environmental-awareness-679668_1280.jpg",1280,904,false],"2048x2048":["https:\/\/www.ekoenergy.org\/wp-content\/uploads\/environmental-awareness-679668_1280.jpg",1280,904,false]},"uagb_author_info":{"display_name":"EKOenergy ecolabel","author_link":"https:\/\/www.ekoenergy.org\/tr\/author\/ekoenergy\/"},"uagb_comment_info":0,"uagb_excerpt":"Bu yaz\u0131m\u0131zda eko-etiketlerin rol\u00fcnden, \u00fcr\u00fcn ve marka isimlerinin neden eko-etiketlerle kar\u0131\u015ft\u0131r\u0131lmamas\u0131 gerekti\u011finden ve kamu kurulu\u015flar\u0131yla sivil toplumun enerji t\u00fcketicilerini desteklemek i\u00e7in neler yapabilece\u011finden bahsettik.","_links":{"self":[{"href":"https:\/\/www.ekoenergy.org\/tr\/wp-json\/wp\/v2\/posts\/83651","targetHints":{"allow":["GET"]}}],"collection":[{"href":"https:\/\/www.ekoenergy.org\/tr\/wp-json\/wp\/v2\/posts"}],"about":[{"href":"https:\/\/www.ekoenergy.org\/tr\/wp-json\/wp\/v2\/types\/post"}],"author":[{"embeddable":true,"href":"https:\/\/www.ekoenergy.org\/tr\/wp-json\/wp\/v2\/users\/17"}],"replies":[{"embeddable":true,"href":"https:\/\/www.ekoenergy.org\/tr\/wp-json\/wp\/v2\/comments?post=83651"}],"version-history":[{"count":3,"href":"https:\/\/www.ekoenergy.org\/tr\/wp-json\/wp\/v2\/posts\/83651\/revisions"}],"predecessor-version":[{"id":84720,"href":"https:\/\/www.ekoenergy.org\/tr\/wp-json\/wp\/v2\/posts\/83651\/revisions\/84720"}],"wp:featuredmedia":[{"embeddable":true,"href":"https:\/\/www.ekoenergy.org\/tr\/wp-json\/wp\/v2\/media\/83620"}],"wp:attachment":[{"href":"https:\/\/www.ekoenergy.org\/tr\/wp-json\/wp\/v2\/media?parent=83651"}],"wp:term":[{"taxonomy":"category","embeddable":true,"href":"https:\/\/www.ekoenergy.org\/tr\/wp-json\/wp\/v2\/categories?post=83651"},{"taxonomy":"post_tag","embeddable":true,"href":"https:\/\/www.ekoenergy.org\/tr\/wp-json\/wp\/v2\/tags?post=83651"}],"curies":[{"name":"wp","href":"https:\/\/api.w.org\/{rel}","templated":true}]}}